{"id":660539,"date":"2026-07-16T03:55:18","date_gmt":"2026-07-16T03:55:18","guid":{"rendered":"https:\/\/www.europesays.com\/es\/660539\/"},"modified":"2026-07-16T03:55:18","modified_gmt":"2026-07-16T03:55:18","slug":"el-actor-canario-taz-skylar-fenomeno-mundial-por-dar-vida-a-sanji-en-one-piece-todo-lo-bueno-que-me-ha-pasado-tiene-que-ver-con-de-donde-soy","status":"publish","type":"post","link":"https:\/\/www.europesays.com\/es\/660539\/","title":{"rendered":"El actor canario Taz Skylar, fen\u00f3meno mundial por dar vida a Sanji en &#8216;One Piece&#8217;: \u00abTodo lo bueno que me ha pasado tiene que ver con de d\u00f3nde soy\u00bb"},"content":{"rendered":"<p><img decoding=\"async\" class=\"v-ath__i\" loading=\"lazy\" src=\"https:\/\/www.europesays.com\/es\/wp-content\/uploads\/2026\/07\/autor-7714-foto-1.jpeg\" alt=\"Marta Moreno Ben\u00edtez\"\/><\/p>\n<p>15\/07\/2026 a las 17:26h.<\/p>\n<p class=\"v-d-p\" style=\"\">El actor canario Taz Skylar, convertido en fen\u00f3meno a nivel internacional por interpretar a Sanji en la serie live action del popular manga &#8216;One Piece&#8217;, se encuentra en las islas para el <a href=\"https:\/\/www.canarias7.es\/cultura\/cine\/canarias-suma-rodaje-thriller-cathedrale-20260714135317-nt.html\" data-voc-vtm-id=\"in-text-traffic\" rel=\"nofollow noopener\" target=\"_blank\">rodaje de &#8216;La Cath\u00e9drale&#8217;<\/a>, un thriller psicol\u00f3gico dirigido por el tambi\u00e9n tinerfe\u00f1o Eduardo Cubillo. <\/p>\n<p class=\"v-d-p\" style=\"\">Skylar, que presume de acento canario en cada entrevista que concede, explic\u00f3 durante la rueda de prensa de presentaci\u00f3n de la pel\u00edcula que volver a Canarias despu\u00e9s de haber alcanzado la fama en el extranjero ha sido un \u00abproceso org\u00e1nico\u00bb y que regresar a su tierra hab\u00eda sido una decisi\u00f3n plenamente consciente. \u00abQuer\u00eda integrarme m\u00e1s en la comunidad, quiero incluir a la comunidad en mi trabajo\u00bb, se\u00f1al\u00f3 a los periodistas. <\/p>\n<p class=\"v-d-p\" style=\"\">Un sentimiento que tambi\u00e9n tiene en mente al hablar de sus logros. \u00abToda cosa buena que me ha pasado en mi vida tiene que ver con c\u00f3mo crec\u00ed, con qui\u00e9n crec\u00ed y de d\u00f3nde soy\u00bb. <\/p>\n<ul class=\"v-cmp-rld__u\">\n<li class=\"v-cmp-rld__l\">\n<p><a class=\"v-a-lnk\" href=\"http:\/\/www.canarias7.es\/cultura\/cine\/canarias-suma-rodaje-thriller-cathedrale-20260714135317-nt.html#vtm_modulosEngag=noticiasrelacionadas-cmp-uno:cultura:noticia:1\" data-voc-vtm-id=\"in-text-traffic\" rel=\"nofollow noopener\" target=\"_blank\"><br \/>\n<img decoding=\"async\" loading=\"lazy\" src=\"https:\/\/www.europesays.com\/es\/wp-content\/uploads\/2026\/07\/taz-director-U2013665259119GC-U01508624534eQq-366x256@Canarias7.jpg\" class=\"v-a-img\" width=\"258\" height=\"180\" alt=\"Gran Canaria suma un rodaje m\u00e1s con el thriller 'La Cath\u00e9drale'\"\/><br \/>\n<\/a><\/p>\n<\/li>\n<\/ul>\n<p class=\"v-d-p\" style=\"\">&#8216;La Cath\u00e9drale&#8217; mostratr\u00e1 un lado nuevo del actor tinerfe\u00f1o y adem\u00e1s intentar\u00e1 encontrar una proyecci\u00f3n internacional con Will Keen, reconocido actor brit\u00e1nico. El guion ya ha pasado por varios festivales con un \u00e9xito que intentar\u00e1 replicar en salas.<\/p>\n","protected":false},"excerpt":{"rendered":"15\/07\/2026 a las 17:26h. El actor canario Taz Skylar, convertido en fen\u00f3meno a nivel internacional por interpretar a&hellip;\n","protected":false},"author":2,"featured_media":660540,"comment_status":"","ping_status":"","sticky":false,"template":"","format":"standard","meta":{"footnotes":""},"categories":[174],"tags":[1339,5133,16089,255,2527,146,147,25,24,256,7629,1070,7402,5101,15315,93372,92466,23,92465,809,2606],"class_list":["post-660539","post","type-post","status-publish","format-standard","has-post-thumbnail","category-famosos","tag-actor","tag-bueno","tag-canario","tag-celebrities","tag-dar","tag-entertainment","tag-entretenimiento","tag-es","tag-espana","tag-famosos","tag-fenomeno","tag-mundial","tag-one","tag-pasado","tag-piece","tag-sanji","tag-skylar","tag-spain","tag-taz","tag-ver","tag-vida"],"share_on_mastodon":{"url":"https:\/\/pubeurope.com\/@es\/116927641967958972","error":""},"_links":{"self":[{"href":"https:\/\/www.europesays.com\/es\/wp-json\/wp\/v2\/posts\/660539","targetHints":{"allow":["GET"]}}],"collection":[{"href":"https:\/\/www.europesays.com\/es\/wp-json\/wp\/v2\/posts"}],"about":[{"href":"https:\/\/www.europesays.com\/es\/wp-json\/wp\/v2\/types\/post"}],"author":[{"embeddable":true,"href":"https:\/\/www.europesays.com\/es\/wp-json\/wp\/v2\/users\/2"}],"replies":[{"embeddable":true,"href":"https:\/\/www.europesays.com\/es\/wp-json\/wp\/v2\/comments?post=660539"}],"version-history":[{"count":0,"href":"https:\/\/www.europesays.com\/es\/wp-json\/wp\/v2\/posts\/660539\/revisions"}],"wp:featuredmedia":[{"embeddable":true,"href":"https:\/\/www.europesays.com\/es\/wp-json\/wp\/v2\/media\/660540"}],"wp:attachment":[{"href":"https:\/\/www.europesays.com\/es\/wp-json\/wp\/v2\/media?parent=660539"}],"wp:term":[{"taxonomy":"category","embeddable":true,"href":"https:\/\/www.europesays.com\/es\/wp-json\/wp\/v2\/categories?post=660539"},{"taxonomy":"post_tag","embeddable":true,"href":"https:\/\/www.europesays.com\/es\/wp-json\/wp\/v2\/tags?post=660539"}],"curies":[{"name":"wp","href":"https:\/\/api.w.org\/{rel}","templated":true}]}}