{"id":660631,"date":"2026-07-16T05:19:16","date_gmt":"2026-07-16T05:19:16","guid":{"rendered":"https:\/\/www.europesays.com\/es\/660631\/"},"modified":"2026-07-16T05:19:16","modified_gmt":"2026-07-16T05:19:16","slug":"el-fiscal-al-juez-peinado-las-medidas-cautelares-contra-begona-gomez-son-injustificadas-desproporcionadas-e-innecesarias","status":"publish","type":"post","link":"https:\/\/www.europesays.com\/es\/660631\/","title":{"rendered":"El fiscal, al juez Peinado: \u00abLas medidas cautelares contra Bego\u00f1a G\u00f3mez son injustificadas, desproporcionadas e innecesarias\u00bb"},"content":{"rendered":"<p class=\"article-text\">\n        El fiscal Jos\u00e9 Manuel San Baldomero ha informado a la Audiencia Provincial de Madrid de que el juez Juan Carlos Peinado ha adoptado las medidas cautelares de retirada de pasaporte y comparecencia quincenal en su juzgado para Bego\u00f1a G\u00f3mez y su asistente en La Moncloa Cristina \u00c1lvarez \u201ccon escaso rigor y mesura\u201d y tirando de jurisprudencia y comparaciones con otros casos que nada tienen que ver.\n    <\/p>\n<p class=\"article-text\">\n        En su informe, al que ha tenido acceso elDiario.es, el fiscal apoya el <a href=\"https:\/\/www.eldiario.es\/politica\/begona-gomez-recurrira-decision-peinado-retirarle-pasaporte-cree-frase-escolta-especulativa_1_13322471.html\" data-mrf-recirculation=\"links-noticia\" class=\"link\" rel=\"nofollow noopener\" target=\"_blank\">recurso de queja de la defensa<\/a> de la esposa del presidente del Gobierno ante la Audiencia Provincial de Madrid y se\u00f1ala que el riesgo de fuga que destaca en su auto Peinado \u201cparece obedecer \u00fanicamente a los delitos objeto de acusaci\u00f3n y penas previstas para los mismos\u201d pero sin ahondar o analizar \u201clas concretas circunstancias personales de las acusadas de forma individualizada\u201d. Algo imprescindible a la hora de limitar derechos fundamentales de los encausados.\n    <\/p>\n<p class=\"article-text\">\n        Lamenta, por otro lado, el \u201crigor extremo\u201d que aplica a ambas y repasa la norma para indicar que las medidas adoptadas son \u201cinjustificadas, desproporcionadas e innecesarias\u201d porque las investigadas tienen \u201cindudable arraigo en territorio nacional; son espa\u00f1olas, sus familias son espa\u00f1olas y tienen tambi\u00e9n arraigo en territorio nacional; y ambas desempe\u00f1an y han desempe\u00f1ado sus actividades profesionales en Espa\u00f1a\u201d.\n    <\/p>\n<p class=\"article-text\">\n        Suma a esto que \u201ccarecen de nexos con el extranjero; se desconoce a d\u00f3nde se supone que huir\u00e1n, porque -el juez en su auto- no apunta ning\u00fan pa\u00eds concreto donde tendr\u00edan facilidad de instalaci\u00f3n e impunidad\u201d. Y a\u00f1ade que \u201ccarecen de bienes o activos que permitan dicha fuga e instalaci\u00f3n fuera de Espa\u00f1a\u201d. \u201cY no ser\u00e1 por la sospecha de bienes y ganancias il\u00edcitas, a la vista del resultado de las exhaustivas pesquisas patrimoniales autorizadas desde el juzgado que descartaron las sospechas infundadas\u201d, recalca.\n    <\/p>\n<p class=\"article-text\">\n        Por otro lado, indica que le llama la atenci\u00f3n que el juez use la expresi\u00f3n de \u201cla retirada de cuantos pasaportes pudiera disponer, cualquiera de las nacionalidades a las que pertenezcan, tanto de car\u00e1cter ordinario como de car\u00e1cter diplom\u00e1tico\u201d. Explica que desconoce a qu\u00e9 puede referirse \u201csalvo que vuelva a aludir a la supuesta adquisici\u00f3n de nacionalidad de Rep\u00fablica Dominicana, dato irreal sistem\u00e1ticamente propagado en ciertos medios, y que parece que se le sigue dando carta de naturaleza\u201d.\n    <\/p>\n<p class=\"article-text\">\n        En cuanto a las comparecencias quincenales se\u00f1ala que carecen de sentido a no ser que se quiera hacer comparecer a las investigadas en sede judicial \u201ccomo una suerte de penalidad adicional anticipada y exposici\u00f3n p\u00fablica\u201d.\n    <\/p>\n<p class=\"article-text\">\n        Sobre el informe del juez de 30 de junio en el que Peinado explicaba que cuando dijo que los escoltas de Bego\u00f1a G\u00f3mez pod\u00edan facilitar su huida no pretend\u00eda \u201cofender\u201d, el fiscal explica el juez retorna de nuevo a \u201cescenarios accesorios o secundarios\u201d haciendo referencia a que hay casos de corrupci\u00f3n en el seno de las Fuerzas y Cuerpos de Seguridad del Estado o a que el l\u00edder italiano <a href=\"https:\/\/www.eldiario.es\/politica\/juez-peinado-dice-no-pretendia-ofender-escoltas-begona-gomez-insiste-hay-policias-no-cumplen-ley_1_13364557.html\" data-mrf-recirculation=\"links-noticia\" class=\"link\" rel=\"nofollow noopener\" target=\"_blank\">Bettino Craxi <\/a>huy\u00f3 de Italia a T\u00fanez cuando fue implicado en el caso de corrupci\u00f3n Tangentopoli.\n    <\/p>\n<p class=\"article-text\">\n        \u201cLa excepcionalidad y an\u00e9cdota parece elevarse a cuasi certeza o probabilidad cercana a la misma, y obvia lo que en nuestra opini\u00f3n es esencial, que es la inexistencia de riesgo de fuga basada en par\u00e1metros reales y objetivos\u201d, resalta, para luego matizar que \u201cobviamente, nadie tiene una bola de cristal para adivinar qu\u00e9 suceder\u00e1\u201d pero que es \u201cfundamental acudir a razonamientos l\u00f3gicos y al an\u00e1lisis individualizado del caso en cuesti\u00f3n, conciliando la libertad personal del afectado con la presencia de la misma disposici\u00f3n de los tribunales\u201d.\n    <\/p>\n<p>    <a href=\"https:\/\/www.eldiario.es\/politica\/begona-gomez-recurrira-decision-peinado-retirarle-pasaporte-cree-frase-escolta-especulativa_1_13322471.html\" data-mrf-recirculation=\"saber-mas-abajo\" data-dl-event=\"saber-mas-abajo\" rel=\"nofollow noopener\" target=\"_blank\"><\/p>\n<p class=\"know-more__title\">Bego\u00f1a G\u00f3mez recurre la decisi\u00f3n de Peinado de retirarle el pasaporte y cree que su frase sobre la escolta es especulativa<\/p>\n<p>            <img decoding=\"async\" class=\"lazy\" loading=\"lazy\" data-src=\"https:\/\/static.eldiario.es\/clip\/3d93c199-d4c9-49bd-9adf-6418521c3a4d_16-9-aspect-ratio_default_0.jpg\" src=\"data:image\/svg+xml,%3Csvg xmlns=\" http:=\"\" viewbox=\"0 0 880 495\" alt=\"Bego\u00f1a G\u00f3mez recurre la decisi\u00f3n de Peinado de retirarle el pasaporte y cree que su frase sobre la escolta es especulativa\"\/><\/p>\n<p>                        <\/a><\/p>\n<p class=\"article-text\">\n        Afea, adem\u00e1s, al juez que esa referencia a la huida del l\u00edder italiano en los a\u00f1os 90 ya la hab\u00eda realizado el representante de la acusaci\u00f3n popular unificada, los ultracat\u00f3licos de HazteOir en la comparecencia del d\u00eda 20 de junio de 2026. Ahora, explica, el juez \u201ctrata de recuperarla de forma forzada en este informe de 30 de junio, buscando hacer acopio de argumentos ante la ausencia e insuficiencia de los plasmados en la resoluci\u00f3n\u201d.\n    <\/p>\n","protected":false},"excerpt":{"rendered":"El fiscal Jos\u00e9 Manuel San Baldomero ha informado a la Audiencia Provincial de Madrid de que el juez&hellip;\n","protected":false},"author":2,"featured_media":660632,"comment_status":"","ping_status":"","sticky":false,"template":"","format":"standard","meta":{"footnotes":""},"categories":[5],"tags":[7421,17,18,1574,120667,10378,25,24,13,14,6987,4190,11,120666,97808,1664,19,20,596,9,10,15,16,24182,2877,23,12,21,22],"class_list":["post-660631","post","type-post","status-publish","format-standard","has-post-thumbnail","category-titulares","tag-begona","tag-breaking-news","tag-breakingnews","tag-cautelares","tag-desproporcionadas","tag-e","tag-es","tag-espana","tag-featured-news","tag-featurednews","tag-fiscal","tag-gomez","tag-headlines","tag-injustificadas","tag-innecesarias","tag-juez","tag-latest-news","tag-latestnews","tag-medidas","tag-news","tag-noticias","tag-noticias-destacadas","tag-noticiasdestacadas","tag-peinado","tag-son","tag-spain","tag-titulares","tag-ultimas-noticias","tag-ultimasnoticias"],"share_on_mastodon":{"url":"https:\/\/pubeurope.com\/@es\/116927972284925173","error":""},"_links":{"self":[{"href":"https:\/\/www.europesays.com\/es\/wp-json\/wp\/v2\/posts\/660631","targetHints":{"allow":["GET"]}}],"collection":[{"href":"https:\/\/www.europesays.com\/es\/wp-json\/wp\/v2\/posts"}],"about":[{"href":"https:\/\/www.europesays.com\/es\/wp-json\/wp\/v2\/types\/post"}],"author":[{"embeddable":true,"href":"https:\/\/www.europesays.com\/es\/wp-json\/wp\/v2\/users\/2"}],"replies":[{"embeddable":true,"href":"https:\/\/www.europesays.com\/es\/wp-json\/wp\/v2\/comments?post=660631"}],"version-history":[{"count":0,"href":"https:\/\/www.europesays.com\/es\/wp-json\/wp\/v2\/posts\/660631\/revisions"}],"wp:featuredmedia":[{"embeddable":true,"href":"https:\/\/www.europesays.com\/es\/wp-json\/wp\/v2\/media\/660632"}],"wp:attachment":[{"href":"https:\/\/www.europesays.com\/es\/wp-json\/wp\/v2\/media?parent=660631"}],"wp:term":[{"taxonomy":"category","embeddable":true,"href":"https:\/\/www.europesays.com\/es\/wp-json\/wp\/v2\/categories?post=660631"},{"taxonomy":"post_tag","embeddable":true,"href":"https:\/\/www.europesays.com\/es\/wp-json\/wp\/v2\/tags?post=660631"}],"curies":[{"name":"wp","href":"https:\/\/api.w.org\/{rel}","templated":true}]}}