{"id":660661,"date":"2026-07-16T05:48:52","date_gmt":"2026-07-16T05:48:52","guid":{"rendered":"https:\/\/www.europesays.com\/es\/660661\/"},"modified":"2026-07-16T05:48:52","modified_gmt":"2026-07-16T05:48:52","slug":"carlos-alcaraz-presume-de-superyate-en-alta-mar-en-la-recta-final-de-su-recuperacion","status":"publish","type":"post","link":"https:\/\/www.europesays.com\/es\/660661\/","title":{"rendered":"Carlos Alcaraz presume de superyate en alta mar en la recta final de su recuperaci\u00f3n"},"content":{"rendered":"<p class=\"c-paragraph\">El tenista espa\u00f1ol <a href=\"https:\/\/www.20minutos.es\/tags\/deportes\/carlos-alcaraz.html\" title=\"Carlos Alcaraz\" rel=\"nofollow noopener\" target=\"_blank\">Carlos Alcaraz<\/a>, en la recta final de la recuperaci\u00f3n de su mu\u00f1eca derecha, <b>ha presumido de su superyate<\/b>, valorado en unos 10 millones de euros, en las cristalinas aguas de la Costa Amalfitana, en Italia.\u00a0<\/p>\n<p class=\"c-paragraph\">El murciano ha publicado un v\u00eddeo donde se puede apreciar c\u00f3mo navega por las aguas italianas <b>a bordo de un precioso catamar\u00e1n de lujo<\/b>, en el que lo recorre de punta a punta para reunirse con familia y amigos en una zona de descanso y relax mientras est\u00e1 siendo grabado, a priori, por un dron que capta los m\u00e1s de <a href=\"https:\/\/www.20minutos.es\/deportes\/tenis\/asi-es-yate-personalizado-carlos-alcaraz-camarotes-lujo-propulsion-hibrida-garaje-para-motos-agua_6963485_0.html\" title=\"As\u00ed es el yate personalizado de Carlos Alcaraz: camarotes de lujo, propulsi\u00f3n h\u00edbrida y garaje para motos de agua\" rel=\"nofollow noopener\" target=\"_blank\">24 metros de eslora <\/a>del impresionante barco.\u00a0<\/p>\n<p class=\"c-paragraph\">Esta escena, por otro lado, ha originado cientos de comentarios en redes sociales de usuarios que han reaccionado al superyate de Carlitos. \u00ab\u00bfAlguna invitaci\u00f3n para el finde? Necesito desconectar\u00bb; <b>\u00abPr\u00e9stame ese yate, prometo disfrutar al m\u00e1ximo\u00bb<\/b>; \u00abSolo se vive una vez, disfruta\u00bb; o <b>\u00abY yo pensando c\u00f3mo voy a pagar el arreglo de mi coche&#8230;\u00bb<\/b>, entre otros, han sido algunos de los mensajes que se han podido apreciar en la red social X.\u00a0<\/p>\n<p class=\"c-paragraph\">El actual n\u00famero tres del mundo se lesion\u00f3 de su <b>mu\u00f1eca derecha<\/b> en el pasado trofeo Conde de God\u00f3 y afronta la <a href=\"https:\/\/www.20minutos.es\/deportes\/tenis\/carlos-alcaraz-retrasa-su-vuelta-competicion-no-entra-lista-inscritos-para-masters-1000-canada_7012914_0.html\" title=\"Carlos Alcaraz retrasa su vuelta a la competici\u00f3n y no entra en la lista de inscritos para el Masters 1000 de Canad\u00e1\" rel=\"nofollow noopener\" target=\"_blank\">recta final de su recuperaci\u00f3n<\/a> antes de volver a la competici\u00f3n, donde se ha perdido un total de seis torneos:\u00a0<b>Mutua Madrid Open, Masters 1000 Roma, Roland Garros, Queen&#8217;s, Wimbledon y Canad\u00e1.<\/b><\/p>\n","protected":false},"excerpt":{"rendered":"El tenista espa\u00f1ol Carlos Alcaraz, en la recta final de la recuperaci\u00f3n de su mu\u00f1eca derecha, ha presumido&hellip;\n","protected":false},"author":2,"featured_media":660662,"comment_status":"","ping_status":"","sticky":false,"template":"","format":"standard","meta":{"footnotes":""},"categories":[274],"tags":[545,168,25,24,120679,23,167,327,326,2110,8702],"class_list":["post-660661","post","type-post","status-publish","format-standard","has-post-thumbnail","category-tenis","tag-carlos-alcaraz","tag-deportes","tag-es","tag-espana","tag-lesion-muneca","tag-spain","tag-sports","tag-tenis","tag-tennis","tag-vacaciones","tag-yate"],"share_on_mastodon":{"url":"https:\/\/pubeurope.com\/@es\/116928090136326641","error":""},"_links":{"self":[{"href":"https:\/\/www.europesays.com\/es\/wp-json\/wp\/v2\/posts\/660661","targetHints":{"allow":["GET"]}}],"collection":[{"href":"https:\/\/www.europesays.com\/es\/wp-json\/wp\/v2\/posts"}],"about":[{"href":"https:\/\/www.europesays.com\/es\/wp-json\/wp\/v2\/types\/post"}],"author":[{"embeddable":true,"href":"https:\/\/www.europesays.com\/es\/wp-json\/wp\/v2\/users\/2"}],"replies":[{"embeddable":true,"href":"https:\/\/www.europesays.com\/es\/wp-json\/wp\/v2\/comments?post=660661"}],"version-history":[{"count":0,"href":"https:\/\/www.europesays.com\/es\/wp-json\/wp\/v2\/posts\/660661\/revisions"}],"wp:featuredmedia":[{"embeddable":true,"href":"https:\/\/www.europesays.com\/es\/wp-json\/wp\/v2\/media\/660662"}],"wp:attachment":[{"href":"https:\/\/www.europesays.com\/es\/wp-json\/wp\/v2\/media?parent=660661"}],"wp:term":[{"taxonomy":"category","embeddable":true,"href":"https:\/\/www.europesays.com\/es\/wp-json\/wp\/v2\/categories?post=660661"},{"taxonomy":"post_tag","embeddable":true,"href":"https:\/\/www.europesays.com\/es\/wp-json\/wp\/v2\/tags?post=660661"}],"curies":[{"name":"wp","href":"https:\/\/api.w.org\/{rel}","templated":true}]}}