{"id":660688,"date":"2026-07-16T06:11:12","date_gmt":"2026-07-16T06:11:12","guid":{"rendered":"https:\/\/www.europesays.com\/es\/660688\/"},"modified":"2026-07-16T06:11:12","modified_gmt":"2026-07-16T06:11:12","slug":"jon-rahm-rastrea-las-huellas-de-seve-en-el-open-britanico-pero-su-golf-ya-no-existe-deportes","status":"publish","type":"post","link":"https:\/\/www.europesays.com\/es\/660688\/","title":{"rendered":"Jon Rahm rastrea las huellas de Seve en el Open Brit\u00e1nico, pero su golf ya no existe | Deportes"},"content":{"rendered":"<p class=\"\">Han pasado 50 a\u00f1os y las huellas de Seve siguen frescas en Royal Birkdale. El campo ingl\u00e9s que<a href=\"https:\/\/elpais.com\/deportes\/2026-07-10\/hace-50-anos-el-mundo-conocio-a-severiano-ballesteros.html\" target=\"_blank\" rel=\"noreferrer nofollow noopener\" title=\"https:\/\/elpais.com\/deportes\/2026-07-10\/hace-50-anos-el-mundo-conocio-a-severiano-ballesteros.html\"> hace medio siglo alumbr\u00f3 el nacimiento del mito, <\/a>segundo a los 19 a\u00f1os en el Open Brit\u00e1nico de 1976 empatado con Jack Nicklaus y por detr\u00e1s de Johnny Miller, acoge una nueva edici\u00f3n del grande m\u00e1s genuino (de 7.30 a 21.30 en Movistar Golf). El rastro del genio que impresion\u00f3 al mundo por su juego imaginativo y por su carisma \u00fanico, como un quinto beatle, alimenta todav\u00eda la memoria y la nostalgia de quienes le vieron inventar golpes que ya no existen. El golf mecanizado de hoy fotocopia atletas en serie, robotizados, rodeados de preparadores y saturados de tecnolog\u00eda. Ya no hay ning\u00fan Seve, hijo de la necesidad, el chico que una semana antes de aquel Open que le cambi\u00f3 la vida<a href=\"https:\/\/elpais.com\/deportes\/2026-07-10\/hace-50-anos-el-mundo-conocio-a-severiano-ballesteros.html\" target=\"_blank\" rel=\"noreferrer nofollow noopener\" title=\"https:\/\/elpais.com\/deportes\/2026-07-10\/hace-50-anos-el-mundo-conocio-a-severiano-ballesteros.html\"> empu\u00f1aba las herramientas para segar los prados de Pedre\u00f1a<\/a> con su padre, Baldomero, y para dar de comer a las vacas en lugar de los palos de golf.<\/p>\n<p class=\"\">Solo la esencia del Open Brit\u00e1nico, la cuna del juego, el golf puro nacido de la naturaleza en los campos moldeados por el mar, resiste al paso del tiempo, e, igual que hace 50 a\u00f1os, los mejores golfistas del mundo se calientan la cabeza intentando adivinar c\u00f3mo el viento jugar\u00e1 con la bola en la costa de Southport, un campo seco y amarillo por el calor.<\/p>\n<p class=\"\">Hace medio siglo el indomable Seve dej\u00f3 pasmados a quienes dec\u00edan que d\u00f3nde iba aquel espa\u00f1ol insolente paseando el driver en cada hoyo, sin miedo a perderse en el rough. No sab\u00edan que el menor de los cuatro hermanos Ballesteros estaba acostumbrado a buscarse la vida en el campo de golf tanto como fuera, <a href=\"https:\/\/elpais.com\/deportes\/2026-07-10\/hace-50-anos-el-mundo-conocio-a-severiano-ballesteros.html\" target=\"_blank\" rel=\"noreferrer nofollow noopener\" title=\"https:\/\/elpais.com\/deportes\/2026-07-10\/hace-50-anos-el-mundo-conocio-a-severiano-ballesteros.html\">un superviviente que pod\u00eda escapar de cualquier trampa,<\/a> y as\u00ed fue l\u00edder despu\u00e9s de la primera, la segunda y la tercera jornada y solo cedi\u00f3 en la \u00faltima, perder para aprender a ganar. <\/p>\n<p class=\"\">Hoy nadie se atreve a aquella insolencia, y a los golfistas les salen las estad\u00edsticas por las orejas para elegir un palo en lugar de cerrar los ojos, sentir la brisa y decidir. \u201cSomos m\u00e1s cient\u00edficos que artistas\u201d, asume Rory McIlroy, n\u00famero dos mundial y \u00faltimo ganador del Masters. Ordenadores andantes, como Jon Rahm, el se\u00f1alado para seguir las huellas del maestro y convertirse en el segundo espa\u00f1ol en ganar el Open despu\u00e9s de las victorias del c\u00e1ntabro en 1979, 1984 y 1988, ya un fen\u00f3meno de masas en las islas. <\/p>\n<p><img alt=\"\" decoding=\"auto\" class=\"_re lazyload a_m-h\" height=\"276\"  width=\"414\"  src=\"https:\/\/www.europesays.com\/es\/wp-content\/uploads\/2026\/07\/GQWDTZPNXJCMFCO3B44NWFA25U.jpg\" loading=\"lazy\" fetchpriority=\"low\"\/>Seve, en el Open Brit\u00e1nico de 1976.Peter Dazeley (Getty Images)<\/p>\n<p class=\"\">\u201cLo que Seve hizo aqu\u00ed con solo 19 a\u00f1os fue impresionante. Ojal\u00e1 alguno de nosotros pueda terminar esta semana lo que \u00e9l empez\u00f3\u201d, comenta el vasco. Se refiere a los cinco espa\u00f1oles que le acompa\u00f1an: David Puig, Josele Ballester, Eugenio Chacarra (dos victorias este curso en el circuito europeo, en Holanda e Italia), \u00c1ngel Ayora (debutante en un Open y con Javier Ballesteros, el hijo mayor de Seve, como m\u00e1nager) y Alejandro de Castro (amateur, primer espa\u00f1ol zurdo en un grande y el 78\u00ba debutante en la historia).<\/p>\n<p class=\"\">Rahm parte envuelto en preguntas. La de su propio juego, para comenzar, despu\u00e9s de un 38\u00ba puesto en Augusta, un subcampeonato en el PGA y<a href=\"https:\/\/elpais.com\/deportes\/2026-06-19\/la-peor-vuelta-de-jon-rahm-en-un-grande-le-deja-fuera-del-corte-en-el-us-open.html\" target=\"_blank\" rel=\"noreferrer nofollow noopener\" title=\"https:\/\/elpais.com\/deportes\/2026-06-19\/la-peor-vuelta-de-jon-rahm-en-un-grande-le-deja-fuera-del-corte-en-el-us-open.html\"> el corte fallado en el US Open,<\/a> una monta\u00f1a rusa en los grandes de este a\u00f1o. Tambi\u00e9n la semana pasada en el Open de Escocia dej\u00f3 dos caras (36\u00ba). \u201cMi confianza siempre es alta\u201d, receta el vasco; \u201cno estoy impaciente por ganar otro grande. La \u00fanica impaciencia es darme m\u00e1s oportunidades. Me gustar\u00eda estar m\u00e1s en la contienda\u201d. El ganador del US Open de 2021 y del Masters de 2023 colecciona un tercer escal\u00f3n en el Open en 2021, un segundo en 2023 y un s\u00e9ptimo en 2024. \u201cY no firmo otro top ten. Quiero ser campe\u00f3n\u201d, asegura.<\/p>\n<p class=\"\">La otra gran duda es qu\u00e9 ser\u00e1 de Rahm el pr\u00f3ximo a\u00f1o ante el incierto futuro de un LIV sin petrod\u00f3lares. A la Liga saud\u00ed le restan cuatro citas este curso, en Reino Unido la pr\u00f3xima semana, Nueva York (6-9 agosto), Indian\u00e1polis (20-23 agosto) y Michigan (27-30 agosto), y <a href=\"https:\/\/elpais.com\/deportes\/2026-06-05\/equipos-de-golf-como-selecciones-nacionales-la-apuesta-de-liv-para-sobrevivir.html\" target=\"_blank\" rel=\"noreferrer nofollow noopener\" title=\"https:\/\/elpais.com\/deportes\/2026-06-05\/equipos-de-golf-como-selecciones-nacionales-la-apuesta-de-liv-para-sobrevivir.html\">nadie pone la mano en el fuego por su supervivencia<\/a>. Esa inquietud revolotea en el \u00e1nimo de Rahm y puede tambi\u00e9n que en su juego. Necesitar\u00e1 limpiar la mente para encontrar el rastro de Seve aunque su golf ya no exista.<\/p>\n","protected":false},"excerpt":{"rendered":"Han pasado 50 a\u00f1os y las huellas de Seve siguen frescas en Royal Birkdale. El campo ingl\u00e9s que&hellip;\n","protected":false},"author":2,"featured_media":660689,"comment_status":"","ping_status":"","sticky":false,"template":"","format":"standard","meta":{"footnotes":""},"categories":[275],"tags":[26578,605,7058,168,927,25,24,48459,329,607,390,7059,42247,23,167],"class_list":["post-660688","post","type-post","status-publish","format-standard","has-post-thumbnail","category-golf","tag-angel-ayora","tag-british-open","tag-david-puig","tag-deportes","tag-deportistas","tag-es","tag-espana","tag-eugenio-lopez-chacarra","tag-golf","tag-golfistas","tag-jon-rahm","tag-josele-ballester","tag-severiano-ballesteros","tag-spain","tag-sports"],"share_on_mastodon":{"url":"https:\/\/pubeurope.com\/@es\/116928177743571000","error":""},"_links":{"self":[{"href":"https:\/\/www.europesays.com\/es\/wp-json\/wp\/v2\/posts\/660688","targetHints":{"allow":["GET"]}}],"collection":[{"href":"https:\/\/www.europesays.com\/es\/wp-json\/wp\/v2\/posts"}],"about":[{"href":"https:\/\/www.europesays.com\/es\/wp-json\/wp\/v2\/types\/post"}],"author":[{"embeddable":true,"href":"https:\/\/www.europesays.com\/es\/wp-json\/wp\/v2\/users\/2"}],"replies":[{"embeddable":true,"href":"https:\/\/www.europesays.com\/es\/wp-json\/wp\/v2\/comments?post=660688"}],"version-history":[{"count":0,"href":"https:\/\/www.europesays.com\/es\/wp-json\/wp\/v2\/posts\/660688\/revisions"}],"wp:featuredmedia":[{"embeddable":true,"href":"https:\/\/www.europesays.com\/es\/wp-json\/wp\/v2\/media\/660689"}],"wp:attachment":[{"href":"https:\/\/www.europesays.com\/es\/wp-json\/wp\/v2\/media?parent=660688"}],"wp:term":[{"taxonomy":"category","embeddable":true,"href":"https:\/\/www.europesays.com\/es\/wp-json\/wp\/v2\/categories?post=660688"},{"taxonomy":"post_tag","embeddable":true,"href":"https:\/\/www.europesays.com\/es\/wp-json\/wp\/v2\/tags?post=660688"}],"curies":[{"name":"wp","href":"https:\/\/api.w.org\/{rel}","templated":true}]}}