{"id":660822,"date":"2026-07-16T08:15:14","date_gmt":"2026-07-16T08:15:14","guid":{"rendered":"https:\/\/www.europesays.com\/es\/660822\/"},"modified":"2026-07-16T08:15:14","modified_gmt":"2026-07-16T08:15:14","slug":"pogacar-el-ciclista-que-rueda-por-el-tour-con-375-000-euros-encima","status":"publish","type":"post","link":"https:\/\/www.europesays.com\/es\/660822\/","title":{"rendered":"Pogacar, el ciclista que rueda por el Tour con 375.000 euros encima"},"content":{"rendered":"<p class=\"ft-text ft-helper-closenews\">Los <strong>cicloturistas estadounidenses<\/strong> presumen de ser deportistas acaudalados. Fueron de los primeros en descubrir el poder del dinero, d\u00f3lares en su caso, relacionados con este deporte. Llevar una buena bici cuando se sale a circular por las carreteras norteamericanas daba el mismo post\u00edn que enfrascarse con las bolas o los palos en los m\u00e1s sofisticados campos de golf del pa\u00eds.<\/p>\n<p class=\"ft-text\">El ciclismo, contrariamente a lo que muchos podr\u00edan pensar, no es un <strong>deporte barato<\/strong>. Las bicis valen un dineral y no digamos los equipamientos varios, como ropa, calzado, casco y gafas. Y si encima sales a la carretera con un reloj en la mu\u00f1eca como el que lleva <strong>Tadej Pogacar<\/strong> en el Tour, entonces, apaga y v\u00e1monos. El l\u00edder del Tour es el corredor que rueda vestido de amarillo con <strong>375.000 euros encima<\/strong> y todav\u00eda tiene fuerzas para poner patas arriba la carrera cada d\u00eda que le da la gana.<\/p>\n<p>Detalle por detalle<\/p>\n<p class=\"ft-text\">Vayamos analizando, detalle por detalle, todo lo que se pone, luce o necesita cada vez que toma la salida en cualquier etapa del <strong>Tour<\/strong>. Muchos se habr\u00e1n fijado en que luce un <strong>reloj en la mu\u00f1eca<\/strong> izquierda cuando otros corredores optan por dejar el peluco en la maleta que le llevan los masajistas al hotel ya que en el ciclocomputador que portan en el manillar de la bici ofrece todos los datos que necesitan y m\u00e1s: velocidad instant\u00e1nea, media, m\u00e1xima, temperatura, porcentaje de subida o bajada, vatios, pulsaciones\u2026 en fin no falta detalle alguno.<\/p>\n<p class=\"ft-text\">Si <strong>Pogacar<\/strong> corre con un reloj es simplemente por cuestiones publicitarias supuestamente bien retribuidas al corredor. Es el embajador del fabricante suizo Richard Mille que le cede un modelo valorado en unos 350.000 euros resistente a los impactos y vibraciones que seguramente no se pondr\u00eda ninguno de los millonarios estadounidenses por miedo a caer de la bici y raspar la pantalla del ingenio. <\/p>\n<p class=\"ft-text\">En los <strong>eventos publicitarios<\/strong> aparece con otro reloj mucho m\u00e1s caro que alcanza el mill\u00f3n de euros entre precio e impuestos, pero que es mucho m\u00e1s pesado de llevar en la competici\u00f3n.<\/p>\n<p>El robo<\/p>\n<p class=\"ft-text\">Hace tres a\u00f1os le robaron un reloj similar al del Tour del hotel que ocupaba en la <strong>Par\u00eds-Niza<\/strong>. Los cacos entraron en su habitaci\u00f3n y se llevaron la joya de <strong>Pogacar<\/strong>. Luego fueron detenidos y condenados. \u00c9l vive en M\u00f3naco, pero cuando sale de paseo siempre acostumbra a hacerlo con las mu\u00f1ecas desnudas.<\/p>\n<p class=\"ft-text\">Sigamos desmenuzando las reliquias de <strong>Pogacar<\/strong>. Se habr\u00e1n fijado que de la mu\u00f1eca derecha sobresale una pulsera blanca. Se trata de un dispositivo inteligente que mide el rendimiento f\u00edsico, incluyendo la calidad del sue\u00f1o y las fases de recuperaci\u00f3n. La marca que lo ofrece no comercializa la pulsera sino una suscripci\u00f3n anual, que se puede pagar mensualmente o de una vez y que en la modalidad completa cuesta 400 euros al a\u00f1o.<\/p>\n<p>La bici y lo dem\u00e1s<\/p>\n<p class=\"ft-text\">Luego est\u00e1 la bici, ofrecida por el artesano italiano <strong>Ernesto Colgano<\/strong>, que creo su f\u00e1brica en 1954. Con bicis Colnago, hasta la aparici\u00f3n de <strong>Pogacar<\/strong>, ning\u00fan ciclista hab\u00eda ganado el Tour, aunque <strong>Eddy Merckx<\/strong> tambi\u00e9n utiliz\u00f3 los cuadros, aunque nunca lucieron la marca Colnago, ni su famoso tr\u00e9bol, ya que llevaron o la distinci\u00f3n del equipo (Molteni) o la propia con el nombre del corredor. El modelo de Colnago del esloveno, si se compra tal cual, alcanzar\u00eda los 18.000 euros.<\/p>\n<p class=\"ft-text\">Pero no se acaba all\u00ed el dineral que exhibe <strong>Pogacar<\/strong>. El casco vale m\u00e1s de 400 euros; las zapatillas, casi 500 (son las mismas con las que rueda <strong>Paula Blasi<\/strong>), las gafas, 250; el ciclocomputador, 400; la ropa casi 450 euros y entre guantes y calcetines hay que a\u00f1adir otros 150 eurillos a esa especie de pasarela por la que pasea <strong>Pogacar<\/strong> mientras disputa el Tour. Sumado todo, por lo tanto, se alcanza la cifra de 375.000 euros. O sea, el que quiera imitarlo o pide una especie de hipoteca ciclista o se conforma con verlo por la tele o apostado a las cunetas del Tour.<\/p>\n<p data-close=\"closedContent\" class=\"subscribeHideForDisplay\">Suscr\u00edbete para seguir leyendo<\/p>\n","protected":false},"excerpt":{"rendered":"Los cicloturistas estadounidenses presumen de ser deportistas acaudalados. Fueron de los primeros en descubrir el poder del dinero,&hellip;\n","protected":false},"author":2,"featured_media":660823,"comment_status":"","ping_status":"","sticky":false,"template":"","format":"standard","meta":{"footnotes":""},"categories":[273],"tags":[120692,313,1757,312,168,25,24,1557,31444,549,7667,3441,23,167,463,316,117193,31443],"class_list":["post-660822","post","type-post","status-publish","format-standard","has-post-thumbnail","category-ciclismo","tag-375-000","tag-ciclismo","tag-ciclista","tag-cycling","tag-deportes","tag-es","tag-espana","tag-euros","tag-lopez-egea","tag-pogacar","tag-rueda","tag-sergi","tag-spain","tag-sports","tag-tadej-pogacar","tag-tour","tag-tour-de-francia-2026","tag-tourmalet"],"share_on_mastodon":{"url":"https:\/\/pubeurope.com\/@es\/116928664597627358","error":""},"_links":{"self":[{"href":"https:\/\/www.europesays.com\/es\/wp-json\/wp\/v2\/posts\/660822","targetHints":{"allow":["GET"]}}],"collection":[{"href":"https:\/\/www.europesays.com\/es\/wp-json\/wp\/v2\/posts"}],"about":[{"href":"https:\/\/www.europesays.com\/es\/wp-json\/wp\/v2\/types\/post"}],"author":[{"embeddable":true,"href":"https:\/\/www.europesays.com\/es\/wp-json\/wp\/v2\/users\/2"}],"replies":[{"embeddable":true,"href":"https:\/\/www.europesays.com\/es\/wp-json\/wp\/v2\/comments?post=660822"}],"version-history":[{"count":0,"href":"https:\/\/www.europesays.com\/es\/wp-json\/wp\/v2\/posts\/660822\/revisions"}],"wp:featuredmedia":[{"embeddable":true,"href":"https:\/\/www.europesays.com\/es\/wp-json\/wp\/v2\/media\/660823"}],"wp:attachment":[{"href":"https:\/\/www.europesays.com\/es\/wp-json\/wp\/v2\/media?parent=660822"}],"wp:term":[{"taxonomy":"category","embeddable":true,"href":"https:\/\/www.europesays.com\/es\/wp-json\/wp\/v2\/categories?post=660822"},{"taxonomy":"post_tag","embeddable":true,"href":"https:\/\/www.europesays.com\/es\/wp-json\/wp\/v2\/tags?post=660822"}],"curies":[{"name":"wp","href":"https:\/\/api.w.org\/{rel}","templated":true}]}}