{"id":66087,"date":"2025-08-23T03:35:07","date_gmt":"2025-08-23T03:35:07","guid":{"rendered":"https:\/\/www.europesays.com\/es\/66087\/"},"modified":"2025-08-23T03:35:07","modified_gmt":"2025-08-23T03:35:07","slug":"una-asociacion-denuncia-que-en-alcala-de-henares-se-incita-a-los-menores-de-edad-a-participar-en-la-feria-taurina-noticias-de-madrid","status":"publish","type":"post","link":"https:\/\/www.europesays.com\/es\/66087\/","title":{"rendered":"Una asociaci\u00f3n denuncia que en Alcal\u00e1 de Henares se incita a los menores de edad a participar en la feria taurina | Noticias de Madrid"},"content":{"rendered":"<p class=\"\">Este s\u00e1bado comienzan las <a href=\"https:\/\/elpais.com\/espana\/madrid\/2025-08-22\/5-planes-gratis-en-madrid-del-22-al-29-de-agosto-titeres-y-peliculas-para-toda-la-semana.html\" target=\"_self\" rel=\"nofollow noopener\" title=\"https:\/\/elpais.com\/espana\/madrid\/2025-08-22\/5-planes-gratis-en-madrid-del-22-al-29-de-agosto-titeres-y-peliculas-para-toda-la-semana.html\">Fiestas y Ferias de Alcal\u00e1 de Henares<\/a> y al programa de eventos no le falta de nada, incluyendo una feria taurina a la que pueden asistir hasta reci\u00e9n nacidos, y de forma gratuita. La asociaci\u00f3n Alcal\u00e1 Antitaurina ha denunciado a trav\u00e9s de la Fundaci\u00f3n Franz Weber que el consistorio que dirigen PP y VOX en coalici\u00f3n promueve la participaci\u00f3n de los menores de edad en este tipo de eventos con entradas gratuitas para ni\u00f1os de entre cero y seis a\u00f1os, y con un descuento del 15% para los de siete hasta 14, a pesar de las recomendaciones del Comit\u00e9 de los Derechos del Ni\u00f1o de que se proh\u00edba la participaci\u00f3n de menores de edad en estos eventos. El ayuntamiento asegura que \u201cno promociona el acceso de menores a la Feria Taurina\u201d y que, en todo caso, es la empresa organizadora la que ha aplicado sus propios criterios para la venta de entradas.<\/p>\n<p class=\"\">Alcal\u00e1 Antitaurina se puso en contacto con esa fundaci\u00f3n ecologista con sede en Suiza, que forma parte del Comit\u00e9 de los Derechos del Ni\u00f1o en calidad de organismo consultivo, sabiendo las recomendaciones del \u00faltimo informe de evaluaci\u00f3n de Espa\u00f1a, fechado en marzo de 2018. El documento cuenta con un ep\u00edgrafe espec\u00edfico para la tauromaquia en el que se se\u00f1ala: \u201cPara prevenir los efectos nocivos para los ni\u00f1os del espect\u00e1culo de los toros, el Comit\u00e9 recomienda que el Estado parte proh\u00edba la participaci\u00f3n de ni\u00f1os menores de 18 a\u00f1os como toreros y como p\u00fablico en espect\u00e1culos de tauromaquia\u201d.<\/p>\n<p class=\"\">\u201cLa estrategia del lobby taurino no es solo generalizar la asistencia a sus espect\u00e1culos, sino crear un evento social al que vayan las familias al completo y que no se quede nadie en casa cuidando al ni\u00f1o\u201d, explica Rub\u00e9n P\u00e9rez, portavoz de la fundaci\u00f3n y coordinador de la campa\u00f1a \u201cInfancia sin violencia\u201d. Seg\u00fan P\u00e9rez, <a href=\"https:\/\/elpais.com\/planeta-futuro\/2021-04-25\/la-huella-que-deja-la-violencia-en-los-ninos.html\" target=\"_self\" rel=\"nofollow noopener\" title=\"https:\/\/elpais.com\/planeta-futuro\/2021-04-25\/la-huella-que-deja-la-violencia-en-los-ninos.html\">los efectos de este tipo de espect\u00e1culos en los menores<\/a> van desde alteraciones en el comportamiento hasta mayores \u00edndices de ansiedad y agresividad. Asistiendo estos eventos, a\u00f1ade, los menores tienden a normalizar la violencia y a aceptar la violencia hacia los animales.<\/p>\n<p class=\"\">Un portavoz del gobierno municipal apunta que \u201cresulta hip\u00f3crita y tendencioso\u201d que esta asociaci\u00f3n intente \u201ccensurar una expresi\u00f3n legal de la cultura, mientras no muestran el mismo inter\u00e9s por proteger a menores expuestos a contenidos violentos en redes sociales o a espect\u00e1culos de dudoso valor educativo sin ning\u00fan tipo de control\u201d. Aunque dejan la responsabilidad de promocionar a ciertos p\u00fablicos o no en manos de la empresa \u2015cosa que P\u00e9rez dice que el ayuntamiento si quisiera podr\u00eda regular\u2015 el portavoz a\u00f1ade algo cierto, y es que ninguna ley proh\u00edbe la asistencia de menores a festejos taurinos en la Comunidad de Madrid, aunque la normativa \u201cs\u00ed exige que los menores vayan acompa\u00f1ados y que el espect\u00e1culo est\u00e9 autorizado y regulado, como ocurre con la Feria Taurina de Alcal\u00e1\u201d.<\/p>\n<p class=\"\">No solo la Comunidad de Madrid no proh\u00edbe la participaci\u00f3n de menores en espect\u00e1culos de toros, sino que sucede lo mismo en casi todo el pa\u00eds. En Espa\u00f1a la presencia de ni\u00f1os y adolescentes en eventos taurinos <a href=\"https:\/\/elpais.com\/cultura\/2024-10-30\/solo-galicia-prohibe-la-presencia-de-los-menores-en-los-festejos-taurinos.html\" target=\"_self\" rel=\"nofollow noopener\" title=\"https:\/\/elpais.com\/cultura\/2024-10-30\/solo-galicia-prohibe-la-presencia-de-los-menores-en-los-festejos-taurinos.html\">no est\u00e1 regulada en la mayor\u00eda de Comunidades Aut\u00f3nomas<\/a>. Solo Galicia cuenta con una normativa que veta la presencia de menores de 12 a\u00f1os en espect\u00e1culos taurinos. Otras regiones, en vez de avanzar en favor de la restricci\u00f3n, reculan, como ha sido el reciente caso de Baleares, tambi\u00e9n gobernada por una coalici\u00f3n del PP y Vox. En 2024 esta comunidad derog\u00f3 una ordenanza que hasta ese momento imped\u00eda la entrada de menores de 18 a\u00f1os a dichos eventos, por lo que actualmente la \u00fanica restricci\u00f3n es que hasta los 16 deben ir acompa\u00f1ados por un adulto.<\/p>\n<p class=\"\">M\u00e1s Madrid Alcal\u00e1 denunci\u00f3, adem\u00e1s, que el ayuntamiento estaba colocando los carteles de la feria en sitios p\u00fablicos no habilitados y en centros educativos como escuelas infantiles, a lo que han llamado publicidad \u201csangrienta\u201d e \u201cinaceptable\u201d. Rosa Romero, concejala portavoz del partido de oposici\u00f3n, indica que Gobierno municipal del PP y Vox no ha aclarado si esta publicidad contaba con la autorizaci\u00f3n exigida por la Ordenanza municipal para Fomentar y Garantizar la Convivencia Ciudadana en los Espacios P\u00fablicos. \u201cSiempre hemos estado frontalmente en contra de la asistencia de ni\u00f1os a eventos de maltrato animal\u201d, asegura Romero. <\/p>\n<p class=\"\">La alcaldesa de Alcal\u00e1 de Henares, Judith Piquer, se ha mostrado orgullosa del programa de la Feria Taurina, que se celebrar\u00e1 del 28 al 31 de agosto. Seg\u00fan una nota de prensa del consistorio, Piquet mantuvo un encuentro con una de las novilleras que forma parte del cartel y en \u00e9l asegur\u00f3 que estas ser\u00edan \u201cunas fiestas para todos\u201d. \u201cDentro de esa programaci\u00f3n, plural y diversa, caben, y deben caber, todas las expresiones que forman parte de nuestro patrimonio colectivo. Y la tauromaquia es, sin duda, una de ellas. Es arte, es tradici\u00f3n, es identidad\u201d, se\u00f1al\u00f3.<\/p>\n<p class=\"\">Adem\u00e1s de la petici\u00f3n de la fundaci\u00f3n al ayuntamiento, poco queda por hacer al respecto. Ambas partes coinciden en que la responsabilidad mayor cae en las familias. \u201cLa asistencia es una decisi\u00f3n personal y familiar, enmarcada en un entorno reglado y con presencia policial, sanitaria y organizativa, como cualquier otro evento p\u00fablico\u201d, se\u00f1ala el portavoz del consistorio. Sin embargo, P\u00e9rez subraya: \u201cRecordemos que la educaci\u00f3n en el Estado espa\u00f1ol sigue un modelo de corresponsabilidad. En la formaci\u00f3n de los ni\u00f1os participamos todos\u201d.<\/p>\n","protected":false},"excerpt":{"rendered":"Este s\u00e1bado comienzan las Fiestas y Ferias de Alcal\u00e1 de Henares y al programa de eventos no le&hellip;\n","protected":false},"author":2,"featured_media":66088,"comment_status":"","ping_status":"","sticky":false,"template":"","format":"standard","meta":{"footnotes":""},"categories":[277],"tags":[12633,373,1467,168,25,24,6606,43,14370,205,956,23,167,374,444,624],"class_list":{"0":"post-66087","1":"post","2":"type-post","3":"status-publish","4":"format-standard","5":"has-post-thumbnail","7":"category-toreo","8":"tag-alcala-de-henares","9":"tag-bullfighting","10":"tag-comunidad-de-madrid","11":"tag-deportes","12":"tag-es","13":"tag-espana","14":"tag-ferias","15":"tag-fiestas","16":"tag-fiestas-locales","17":"tag-madrid","18":"tag-pp","19":"tag-spain","20":"tag-sports","21":"tag-toreo","22":"tag-toros","23":"tag-vox"},"share_on_mastodon":{"url":"","error":""},"_links":{"self":[{"href":"https:\/\/www.europesays.com\/es\/wp-json\/wp\/v2\/posts\/66087","targetHints":{"allow":["GET"]}}],"collection":[{"href":"https:\/\/www.europesays.com\/es\/wp-json\/wp\/v2\/posts"}],"about":[{"href":"https:\/\/www.europesays.com\/es\/wp-json\/wp\/v2\/types\/post"}],"author":[{"embeddable":true,"href":"https:\/\/www.europesays.com\/es\/wp-json\/wp\/v2\/users\/2"}],"replies":[{"embeddable":true,"href":"https:\/\/www.europesays.com\/es\/wp-json\/wp\/v2\/comments?post=66087"}],"version-history":[{"count":0,"href":"https:\/\/www.europesays.com\/es\/wp-json\/wp\/v2\/posts\/66087\/revisions"}],"wp:featuredmedia":[{"embeddable":true,"href":"https:\/\/www.europesays.com\/es\/wp-json\/wp\/v2\/media\/66088"}],"wp:attachment":[{"href":"https:\/\/www.europesays.com\/es\/wp-json\/wp\/v2\/media?parent=66087"}],"wp:term":[{"taxonomy":"category","embeddable":true,"href":"https:\/\/www.europesays.com\/es\/wp-json\/wp\/v2\/categories?post=66087"},{"taxonomy":"post_tag","embeddable":true,"href":"https:\/\/www.europesays.com\/es\/wp-json\/wp\/v2\/tags?post=66087"}],"curies":[{"name":"wp","href":"https:\/\/api.w.org\/{rel}","templated":true}]}}