{"id":660940,"date":"2026-07-16T10:02:16","date_gmt":"2026-07-16T10:02:16","guid":{"rendered":"https:\/\/www.europesays.com\/es\/660940\/"},"modified":"2026-07-16T10:02:16","modified_gmt":"2026-07-16T10:02:16","slug":"manu-carreno-estalla-por-el-precio-de-las-entradas-para-la-final-del-mundial-es-vergonzoso-infantino-no-deberia-permitirlo","status":"publish","type":"post","link":"https:\/\/www.europesays.com\/es\/660940\/","title":{"rendered":"Manu Carre\u00f1o estalla por el precio de las entradas para la final del Mundial: \u00abEs vergonzoso. Infantino no deber\u00eda permitirlo\u00bb"},"content":{"rendered":"<p class=\"ft-text\">La <strong>final del Mundial entre Espa\u00f1a y Argentina<\/strong> ya est\u00e1 a la vuelta de la esquina, y <strong>el precio de las entradas <\/strong>para estar el domingo en el MetLife Stadium de Nueva York <strong>ha desatado una enorme pol\u00e9mica<\/strong>.<\/p>\n<p class=\"ft-text\">En &#8216;El Larguero&#8217;, <strong>Manu Carre\u00f1o<\/strong> comenz\u00f3 cuestion\u00e1ndose cu\u00e1ntos aficionados espa\u00f1oles podr\u00e1n viajar para apoyar a la selecci\u00f3n, y pregunt\u00f3 a Ant\u00f3n Meana si todav\u00eda quedan entradas. El periodista explic\u00f3 que <strong>quedan muy pocas disponibles,<\/strong> y puso un ejemplo que refleja hasta qu\u00e9 punto se ha encarecido asistir a la final. <\/p>\n<p class=\"ft-text\">Existe un <strong>paquete oficial organizado por una agencia de viajes vinculada a la Federaci\u00f3n que incluye vuelo ch\u00e1rter de ida y vuelta en el d\u00eda, traslados y una entrada de categor\u00eda 3 por 8.900 euros. <\/strong>Adem\u00e1s, cont\u00f3 que <strong>un jugador de la selecci\u00f3n pidi\u00f3 localidades para familiares y amigos y le respondieron: \u00abPerfecto, \u00bfcu\u00e1ntas quieres? Son a 4.600 euros\u00bb. <\/strong>Tambi\u00e9n record\u00f3 que<strong> los precios son din\u00e1micos y seguir\u00e1n cambiando<\/strong> hasta el mismo d\u00eda del partido.<\/p>\n<p class=\"ft-text\">Meana<strong> compar\u00f3 la situaci\u00f3n con el Mundial de Espa\u00f1a de 1982<\/strong> para mostrar c\u00f3mo ha cambiado el f\u00fatbol en estas \u00faltimas d\u00e9cadas. Gracias a un coleccionista de entradas hist\u00f3ricas, explic\u00f3 que <strong>una localidad de pie para la final del Bernab\u00e9u costaba 800 pesetas, unos 4,81 euros,<\/strong> mientras que por 3.800 pesetas se pod\u00eda ver el partido pr\u00e1cticamente al lado de los banquillos, algo que ha lamentado: <strong>\u00abDe 4.600 euros que valen la entrada a 800 pesetas, la vida no ha cambiado tanto\u00bb.<\/strong><\/p>\n<p class=\"ft-text\">Fue entonces cuando <strong>Manu Carre\u00f1o mostr\u00f3 su indignaci\u00f3n.<\/strong> El periodista asegur\u00f3 que entiende que en Estados Unidos acontecimientos como la Super Bowl o las finales de la NBA tengan precios muy elevados, pero cree que un Mundial de f\u00fatbol no deber\u00eda seguir esa misma l\u00ednea: <strong>\u00abEsto es la FIFA, que es un torneo del f\u00fatbol mundial<\/strong>. Y aqu\u00ed estamos en Estados Unidos, como podr\u00edamos estar en Sud\u00e1frica, en Espa\u00f1a, donde sea. Y <strong>que haya tanta diferencia de un Mundial a otro, es lo que a m\u00ed me parece vergonzoso. Ver-gon-zo-so\u00bb.<\/strong><\/p>\n<p class=\"ft-text\">Carre\u00f1o insisti\u00f3 en que<strong> el problema no depende del pa\u00eds que organiza el torneo, sino de la pol\u00edtica de precios de la FIFA<\/strong>: \u00abPorque luego, aqu\u00ed, es que la Superbowl pagan 8.000, me parece muy bien. Esto es un Mundial de f\u00fatbol y<strong> nunca en la historia se hab\u00eda pagado esos precios por una final de un Mundial de f\u00fatbol. Infantino no deber\u00eda permitirlo, <\/strong>estemos en Estados Unidos, en Espa\u00f1a o en Australia, me da lo mismo\u00bb.<\/p>\n<p class=\"ft-text\">Adem\u00e1s, record\u00f3 que antes incluso de conocerse qu\u00e9 selecciones disputar\u00edan la final, <strong>la entrada m\u00e1s barata rondaba ya los 4.000 d\u00f3lares. <\/strong>Sin embargo, <strong>Pedro Fullana actualiz\u00f3 despu\u00e9s el precio de las localidades<\/strong> y explic\u00f3 que la situaci\u00f3n es todav\u00eda peor.<\/p>\n<p><img decoding=\"async\" src=\"https:\/\/www.europesays.com\/es\/wp-content\/uploads\/2026\/07\/6f3f70e9-027f-42a3-ade0-db0d41422c3e_alta-libre-aspect-ratio_default_0.jpg\" width=\"1200\" height=\"595\" alt=\"Visi\u00f3n desde el 'press box' del MetLife Stadium donde se celebrar\u00e1 la final del Mundial de 2026.\" class=\"ft-helper-img-rd\" loading=\"lazy\" fetchpriority=\"auto\"\/><\/p>\n<p class=\"ft-helper-fontColor-quaternary ft-helper-fontSize-body-S ft-helper-spacer-t-xxs\">Visi\u00f3n desde el &#8216;press box&#8217; del MetLife Stadium donde se celebrar\u00e1 la final del Mundial de 2026.  \/ DEN\u00cdS IGLESIAS<\/p>\n<p class=\"ft-text\">Seg\u00fan detall\u00f3, el paquete para viajar desde Espa\u00f1a con vuelo ch\u00e1rter y entrada incluida cuesta <strong>8.900 euros,<\/strong> mientras que <strong>la entrada oficial m\u00e1s barata ya se mueve alrededor de los 7.300 euros.<\/strong> Las del segundo anillo alcanzan los<strong> 12.000 euros<\/strong> y las m\u00e1s cercanas al c\u00e9sped rondan los<strong> 18.000.<\/strong><\/p>\n<p class=\"ft-text\">Los precios siguen subiendo a medida que se acerca la final y las localidades m\u00e1s exclusivas ya alcanzan cifras dif\u00edciles de creer. Fullana asegur\u00f3 que l<strong>os asientos premium rondan los 40.000 euros y que la entrada VIP m\u00e1s exclusiva ha llegado hasta los 224.000 euros. <\/strong><\/p>\n","protected":false},"excerpt":{"rendered":"La final del Mundial entre Espa\u00f1a y Argentina ya est\u00e1 a la vuelta de la esquina, y el&hellip;\n","protected":false},"author":2,"featured_media":660941,"comment_status":"","ping_status":"","sticky":false,"template":"","format":"standard","meta":{"footnotes":""},"categories":[93],"tags":[29901,168,4401,25,24,9915,1058,2313,43648,7565,1070,32463,3282,6368,32462,23,167,49469],"class_list":["post-660940","post","type-post","status-publish","format-standard","has-post-thumbnail","category-deportes","tag-carreno","tag-deportes","tag-entradas","tag-es","tag-espana","tag-estalla","tag-final","tag-fuera-de-juego","tag-infantino","tag-manu","tag-mundial","tag-mundial-2026","tag-precio","tag-seleccion-argentina","tag-seleccion-espana","tag-spain","tag-sports","tag-vergonzoso"],"share_on_mastodon":{"url":"https:\/\/pubeurope.com\/@es\/116929086074880363","error":""},"_links":{"self":[{"href":"https:\/\/www.europesays.com\/es\/wp-json\/wp\/v2\/posts\/660940","targetHints":{"allow":["GET"]}}],"collection":[{"href":"https:\/\/www.europesays.com\/es\/wp-json\/wp\/v2\/posts"}],"about":[{"href":"https:\/\/www.europesays.com\/es\/wp-json\/wp\/v2\/types\/post"}],"author":[{"embeddable":true,"href":"https:\/\/www.europesays.com\/es\/wp-json\/wp\/v2\/users\/2"}],"replies":[{"embeddable":true,"href":"https:\/\/www.europesays.com\/es\/wp-json\/wp\/v2\/comments?post=660940"}],"version-history":[{"count":0,"href":"https:\/\/www.europesays.com\/es\/wp-json\/wp\/v2\/posts\/660940\/revisions"}],"wp:featuredmedia":[{"embeddable":true,"href":"https:\/\/www.europesays.com\/es\/wp-json\/wp\/v2\/media\/660941"}],"wp:attachment":[{"href":"https:\/\/www.europesays.com\/es\/wp-json\/wp\/v2\/media?parent=660940"}],"wp:term":[{"taxonomy":"category","embeddable":true,"href":"https:\/\/www.europesays.com\/es\/wp-json\/wp\/v2\/categories?post=660940"},{"taxonomy":"post_tag","embeddable":true,"href":"https:\/\/www.europesays.com\/es\/wp-json\/wp\/v2\/tags?post=660940"}],"curies":[{"name":"wp","href":"https:\/\/api.w.org\/{rel}","templated":true}]}}