{"id":660985,"date":"2026-07-16T10:41:17","date_gmt":"2026-07-16T10:41:17","guid":{"rendered":"https:\/\/www.europesays.com\/es\/660985\/"},"modified":"2026-07-16T10:41:17","modified_gmt":"2026-07-16T10:41:17","slug":"desvelan-los-detalles-del-no-de-nico-williams-al-barca","status":"publish","type":"post","link":"https:\/\/www.europesays.com\/es\/660985\/","title":{"rendered":"Desvelan los detalles del &#8216;no&#8217; de Nico Williams al Bar\u00e7a"},"content":{"rendered":"<p class=\"ft-text\"><a class=\"ft-link ft-link--decoration\" href=\"https:\/\/www.sport.es\/es\/noticias\/barca\/nico-williams-anuncia-renovacion-athletic-119351993\" rel=\"nofollow noopener\" target=\"_blank\"><strong>La renovaci\u00f3n de Nico Williams con el Athletic hasta 2035 acab\u00f3 con el gran culebr\u00f3n del verano de 2025<\/strong><\/a><strong>, en el que el Bar\u00e7a lleg\u00f3 a situarse como el principal candidato para ficharlo.<\/strong> Un a\u00f1o despu\u00e9s, los dos hermanos han recordado c\u00f3mo vivieron aquellos meses de incertidumbre en el documental &#8216;Denominaci\u00f3n de Origen&#8217;, emitido por RTVE.<\/p>\n<p class=\"ft-text\">Nico reconoce que fue uno de los momentos m\u00e1s complicados de su carrera. \u00ab<strong>Mi a\u00f1o ha sido peculiar. Fue un verano muy dif\u00edcil, un mont\u00f3n de presi\u00f3n hacia mi persona y hacia mi familia, y al final no es f\u00e1cil\u00bb,<\/strong> explica el internacional espa\u00f1ol.<\/p>\n<p><img decoding=\"async\" src=\"https:\/\/www.europesays.com\/es\/wp-content\/uploads\/2026\/06\/77f8a2d9-0b9f-46ba-a6d4-6644b7301a48_alta-libre-aspect-ratio_default_0_x600y225.jpg\" width=\"1200\" height=\"675\" alt=\"Nico Williams llegar\u00e1 muy justo al Mundial\" class=\"ft-helper-img-rd\" loading=\"lazy\" fetchpriority=\"auto\"\/><\/p>\n<p class=\"ft-helper-fontColor-quaternary ft-helper-fontSize-body-S ft-helper-spacer-t-xxs\">Nico Williams llegar\u00e1 muy justo al Mundial  \/ Ricardo Larreina \/ AFP7 \/ Europa \/ Europa Press<\/p>\n<p class=\"ft-text\">I\u00f1aki Williams tambi\u00e9n recuerda el desgaste que provoc\u00f3 toda la situaci\u00f3n. <strong>\u00abSi mi hermano no decid\u00eda de hoy para ma\u00f1ana o se manten\u00eda en silencio o meditando lo que para \u00e9l era un cambio de vida brutal, parec\u00eda que estaba mal\u00bb<\/strong>, afirma el capit\u00e1n del Athletic, en referencia a los constantes rumores que lo situaban en el Barcelona.<\/p>\n<p class=\"ft-text\">El internacional com Ghana tambi\u00e9n rememora algunos de los episodios m\u00e1s desagradables que tuvieron que afrontar durante aquellas semanas. \u00ab<strong>El momento top fue cuando vandalizaron el mural. Sobre todo cuando volvi\u00f3 mi hermano con su novia de vacaciones y nos encontramos la luna del coche rota\u00bb,<\/strong> relata.<\/p>\n<p class=\"ft-text\">A ello se sumaban las informaciones contradictorias que aparec\u00edan cada d\u00eda. <strong>\u00abUn director deportivo dec\u00eda una cosa, un medio de Twitter dec\u00eda otra&#8230;\u00bb<\/strong>, recuerda I\u00f1aki.<\/p>\n<p><img decoding=\"async\" src=\"https:\/\/www.europesays.com\/es\/wp-content\/uploads\/2026\/07\/7b573e24-136f-4209-94eb-503bb0aed4e8_alta-libre-aspect-ratio_default_0_x600y225.jpg\" width=\"1200\" height=\"675\" alt=\"I\u00f1aki Williams controla la pelota en presencia de Yoel Lago\" class=\"ft-helper-img-rd\" loading=\"lazy\" fetchpriority=\"auto\"\/><\/p>\n<p class=\"ft-helper-fontColor-quaternary ft-helper-fontSize-body-S ft-helper-spacer-t-xxs\">I\u00f1aki Williams controla la pelota en presencia de Yoel Lago  \/ Luis Tejido<\/p>\n<p class=\"ft-text\">Sin embargo, el desenlace lleg\u00f3 con una llamada inesperada. <strong>\u00abY me llama por videollamada. Est\u00e1bamos en Ibiza. Me dice: &#8216;I\u00f1aki, que he tomado la decisi\u00f3n de que me quedo&#8217;. Le dije: &#8216;\u00bfEst\u00e1s de co\u00f1a o me est\u00e1s vacilando?&#8217;. A mi mujer le dije: &#8216;Este chaval ha madurado, mi hermano ya no es un ni\u00f1o'\u00bb<\/strong>, desvela I\u00f1aki.<\/p>\n<p class=\"ft-text\">Por su parte, <a class=\"ft-link ft-link--decoration\" href=\"https:\/\/www.sport.es\/es\/noticias\/seleccion\/entrenamiento-seleccion-espanola-francia-mundial-2026-132384271\" rel=\"nofollow noopener\" target=\"_blank\">Nico <\/a>no tiene dudas de la decisi\u00f3n que tom\u00f3 hace un a\u00f1o.<strong> \u00abTom\u00e9 la decisi\u00f3n correcta. Prefiero estar en este club que ganar cinco Champions o dos Ligas. Y lo he demostrado\u00bb<\/strong>, sentencia el extremo, reafirmando su compromiso con el Athletic pese al fuerte inter\u00e9s que despert\u00f3 en el FC Barcelona durante aquel mercado de fichajes.<\/p>\n","protected":false},"excerpt":{"rendered":"La renovaci\u00f3n de Nico Williams con el Athletic hasta 2035 acab\u00f3 con el gran culebr\u00f3n del verano de&hellip;\n","protected":false},"author":2,"featured_media":660986,"comment_status":"","ping_status":"","sticky":false,"template":"","format":"standard","meta":{"footnotes":""},"categories":[268],"tags":[2296,168,11071,7510,25,24,280,282,1446,8329,281,23,167,308],"class_list":["post-660985","post","type-post","status-publish","format-standard","has-post-thumbnail","category-futbol","tag-barca","tag-deportes","tag-desvelan","tag-detalles","tag-es","tag-espana","tag-football","tag-futbol","tag-nico","tag-nico-williams","tag-soccer","tag-spain","tag-sports","tag-williams"],"share_on_mastodon":{"url":"https:\/\/pubeurope.com\/@es\/116929239543312840","error":""},"_links":{"self":[{"href":"https:\/\/www.europesays.com\/es\/wp-json\/wp\/v2\/posts\/660985","targetHints":{"allow":["GET"]}}],"collection":[{"href":"https:\/\/www.europesays.com\/es\/wp-json\/wp\/v2\/posts"}],"about":[{"href":"https:\/\/www.europesays.com\/es\/wp-json\/wp\/v2\/types\/post"}],"author":[{"embeddable":true,"href":"https:\/\/www.europesays.com\/es\/wp-json\/wp\/v2\/users\/2"}],"replies":[{"embeddable":true,"href":"https:\/\/www.europesays.com\/es\/wp-json\/wp\/v2\/comments?post=660985"}],"version-history":[{"count":0,"href":"https:\/\/www.europesays.com\/es\/wp-json\/wp\/v2\/posts\/660985\/revisions"}],"wp:featuredmedia":[{"embeddable":true,"href":"https:\/\/www.europesays.com\/es\/wp-json\/wp\/v2\/media\/660986"}],"wp:attachment":[{"href":"https:\/\/www.europesays.com\/es\/wp-json\/wp\/v2\/media?parent=660985"}],"wp:term":[{"taxonomy":"category","embeddable":true,"href":"https:\/\/www.europesays.com\/es\/wp-json\/wp\/v2\/categories?post=660985"},{"taxonomy":"post_tag","embeddable":true,"href":"https:\/\/www.europesays.com\/es\/wp-json\/wp\/v2\/tags?post=660985"}],"curies":[{"name":"wp","href":"https:\/\/api.w.org\/{rel}","templated":true}]}}