{"id":660987,"date":"2026-07-16T10:42:52","date_gmt":"2026-07-16T10:42:52","guid":{"rendered":"https:\/\/www.europesays.com\/es\/660987\/"},"modified":"2026-07-16T10:42:52","modified_gmt":"2026-07-16T10:42:52","slug":"javier-bardem-sobre-su-amistad-con-borja-iglesias-viene-de-habernos-conocido-a-traves-de-whatsapp-me-gusta-mucho-lo-que-representa","status":"publish","type":"post","link":"https:\/\/www.europesays.com\/es\/660987\/","title":{"rendered":"Javier Bardem, sobre su amistad con Borja Iglesias: \u00abViene de habernos conocido a trav\u00e9s de WhatsApp. Me gusta mucho lo que representa\u00bb"},"content":{"rendered":"<p><img decoding=\"async\" class=\"v-ath__i\" loading=\"lazy\" src=\"https:\/\/www.europesays.com\/es\/wp-content\/uploads\/2026\/06\/autor-5051-foto-8.png\" alt=\"In\u00e9s Romero\"\/><\/p>\n<p>15\/07\/2026<\/p>\n<p>Actualizado a las 14:25h.<\/p>\n<p class=\"v-d-p\" style=\"\"><strong>Espa\u00f1a<\/strong> sigue haciendo historia en el <a href=\"https:\/\/www.abc.es\/deportes\/futbol\/mundial\/francia-espana-directo-sigue-resultado-ganador-goles-20260714085613-di.html\" title=\"\" data-voc-vtm-id=\"in-text-traffic\" data-mrf-link=\"www.abc.es\" rel=\"nofollow noopener\" target=\"_blank\">Mundial 2026<\/a>. M\u00e1s de 16 a\u00f1os despu\u00e9s de conquistar su \u00fanico t\u00edtulo mundialista en Sud\u00e1frica, la selecci\u00f3n vuelve a estar a un paso de la gloria y luchar\u00e1 por bordar en la camiseta su <strong>segunda estrella<\/strong>.<\/p>\n<p class=\"v-d-p\" style=\"\">El <a href=\"https:\/\/www.abc.es\/deportes\/futbol\/mundial\/cuando-juega-espana-final-mundial-2026-dia-hora-rival-20260715085921-nt.html\" title=\"\" data-voc-vtm-id=\"in-text-traffic\" data-mrf-link=\"www.abc.es\" rel=\"nofollow noopener\" target=\"_blank\">billete para la final<\/a> lleg\u00f3 este martes 14 de julio, despu\u00e9s de <a href=\"https:\/\/www.abc.es\/deportes\/futbol\/mundial\/contemplo-mundo-bano-espana-francia-ganarse-final-20260715081155-nt.html\" title=\"\" data-voc-vtm-id=\"in-text-traffic\" data-mrf-link=\"www.abc.es\" rel=\"nofollow noopener\" target=\"_blank\">imponerse a Francia por 0-2<\/a>. Los goles de <a href=\"https:\/\/www.abc.es\/deportes\/futbol\/mundial\/serenidad-oyarzabal-igual-tranquilos-dia-cabo-verde-20260715003417-nt.html\" title=\"\" data-voc-vtm-id=\"in-text-traffic\" data-mrf-link=\"www.abc.es\" rel=\"nofollow noopener\" target=\"_blank\">Mikel Oyarzabal<\/a> y <strong>Pedro Porro<\/strong> certificaron una victoria que sit\u00faa al combinado nacional a solo 90 minutos de levantar de nuevo la copa.<\/p>\n<p class=\"v-d-p\" style=\"\">Son muchos los espa\u00f1oles que no se han perdido ni un solo partido de los de <a href=\"https:\/\/www.abc.es\/gente\/luis-fuente-sobre-infancia-padre-era-marino-20260714164810-nt.html\" title=\"\" data-voc-vtm-id=\"in-text-traffic\" data-mrf-link=\"www.abc.es\" rel=\"nofollow noopener\" target=\"_blank\">Luis de la Fuente<\/a>. Uno de ellos ha sido <a href=\"https:\/\/www.abc.es\/gente\/javier-bardem-timothee-chalamet-famosos-presenciaron-pase-20260715111141-nt.html\" title=\"\" data-voc-vtm-id=\"in-text-traffic\" data-mrf-link=\"www.abc.es\" rel=\"nofollow noopener\" target=\"_blank\">Javier Bardem<\/a>, quien ha estado en el estadio en la semifinal y en varios encuentros junto a su mujer, <strong>Pen\u00e9lope Cruz<\/strong>. <\/p>\n<ul class=\"v-cmp-rld__u\">\n<li class=\"v-cmp-rld__l\">\n<p><a class=\"v-a-lnk\" href=\"http:\/\/www.abc.es\/gente\/luis-fuente-sobre-infancia-padre-era-marino-20260714164810-nt.html#vtm_modulosEngag=noticiasrelacionadas-cmp-uno:gente:noticia:1\" data-voc-vtm-id=\"in-text-traffic\" rel=\"nofollow noopener\" target=\"_blank\"><br \/>\n<img decoding=\"async\" loading=\"lazy\" src=\"https:\/\/www.europesays.com\/es\/wp-content\/uploads\/2026\/07\/1514729885-ki2--366x256@diario_abc.jpg\" class=\"v-a-img\" width=\"258\" height=\"180\" alt=\"Luis de la Fuente: \u00abMi padre era marino mercante y naveg\u00f3 durante casi 40 a\u00f1os\u00bb\"\/><br \/>\n<\/a><\/p>\n<\/li>\n<\/ul>\n<p class=\"v-d-p\" style=\"\">Lo cierto es que el actor ha sido uno de los grandes protagonistas de las \u00faltimas semanas. Su presencia en las gradas no ha pasado desapercibida, aunque no solo por su apoyo al equipo. Tambi\u00e9n ha recibido <strong>numerosas cr\u00edticas<\/strong> en redes sociales por <strong>acudir al campo sin vestir la camiseta de Espa\u00f1a<\/strong>. Desde entonces, el int\u00e9rprete ha estado en el punto de mira y cada una de sus apariciones en Estados Unidos ha sido seguida con especial atenci\u00f3n. <\/p>\n<p class=\"v-d-p\" style=\"\">Hace unos d\u00edas, Bardem public\u00f3 en Instagram una fotograf\u00eda con <a href=\"https:\/\/www.abc.es\/deportes\/futbol\/mundial\/borja-iglesias-responde-rajoy-sorprende-alturas-20260713094537-nt.html\" title=\"\" data-voc-vtm-id=\"in-text-traffic\" data-mrf-link=\"www.abc.es\" rel=\"nofollow noopener\" target=\"_blank\">Borja Iglesias<\/a>. \u00ab<strong>Que persona m\u00e1s bonita e inspiradora es<\/strong>. Gracias por representarnos con tanta ilusi\u00f3n y esfuerzo\u00bb, escribi\u00f3.<\/p>\n<p class=\"v-d-p\" style=\"\">El delantero, por su parte, reconoce que haber conocido al actor es todo un \u00abhonor\u00bb. \u00abGracias de coraz\u00f3n por todo lo que haces para hacer de este lugar en el que vivimos un mundo mejor. <strong>Un fan absoluto de tu talento, pero much\u00edsimo m\u00e1s de tu implicaci\u00f3n social<\/strong>\u00bb, expres\u00f3 el jugador del Celta.<\/p>\n<p class=\"v-d-p\" style=\"\">Tras este intercambio de mensajes, los aficionados se han preguntado <strong>cu\u00e1l es el origen de esta amistad<\/strong>. En el programa &#8216;El partidazo de COPE&#8217;, presentado por el periodista Juanma Casta\u00f1o, han podido charlar con Bardem y averiguar m\u00e1s informaci\u00f3n sobre este asunto.<\/p>\n<p>\nJavier Bardem explica el origen de su amistad con Borja Iglesias\n<\/p>\n<p class=\"v-d-p\" style=\"\">Javier Bardem, que este martes 14 de julio ha estado presente en la semifinal del Mundial 2026 entre Espa\u00f1a y Francia, ha explicado a &#8216;El partidazo de COPE&#8217; cu\u00e1l es el origen de su amistad con Borja Iglesias. <strong>\u00abViene de habernos conocido a trav\u00e9s de WhatsApp\u00bb<\/strong>, declara.<\/p>\n<p class=\"v-d-p\" style=\"\">A pesar de haber hablado por tel\u00e9fono en alguna que otra ocasi\u00f3n, no ha sido hasta ahora cuando se han visto en persona por primera vez. <strong>\u00abFue en un entrenamiento\u00bb<\/strong>, indica el actor. En concreto, la quedada tuvo lugar en Los \u00c1ngeles, antes del duelo frente a B\u00e9lgica. <\/p>\n<p class=\"v-d-p\" style=\"\">El delantero del Celta <strong>le regal\u00f3 una camiseta<\/strong> personalizada con su nombre y el dorsal 26. Bardem acept\u00f3 encantado el obsequio y le prometi\u00f3 que acudir\u00eda al partido con ella puesta.<\/p>\n<p><img decoding=\"async\" loading=\"lazy\" src=\"https:\/\/www.europesays.com\/es\/wp-content\/uploads\/2026\/07\/Clipboard-0030-kciG--170x170@diario_abc.png\" class=\"v-a-img\" width=\"112\" height=\"112\" alt=\"Imagen - \u00abBorja Iglesias es un t\u00edo que me gusta mucho lo que representa, lo que dice y c\u00f3mo es\u00bb\"\/><\/p>\n<p class=\"v-a-t\">\n\u00abBorja Iglesias es un t\u00edo que me gusta mucho lo que representa, lo que dice y c\u00f3mo es\u00bb\n<\/p>\n<p class=\"v-d-p\" style=\"\">Tras revelar estos detalles, el int\u00e9rprete ha compartido su opini\u00f3n sobre el futbolista de la selecci\u00f3n espa\u00f1ola. <strong>\u00abEs un t\u00edo que me gusta mucho lo que representa, lo que dice y c\u00f3mo es\u00bb<\/strong>, se\u00f1ala Bardem.<\/p>\n","protected":false},"excerpt":{"rendered":"15\/07\/2026 Actualizado a las 14:25h. Espa\u00f1a sigue haciendo historia en el Mundial 2026. M\u00e1s de 16 a\u00f1os despu\u00e9s&hellip;\n","protected":false},"author":2,"featured_media":660988,"comment_status":"","ping_status":"","sticky":false,"template":"","format":"standard","meta":{"footnotes":""},"categories":[174],"tags":[18047,9060,7533,255,4389,146,147,25,24,256,9647,113432,7534,5264,4212,57,23,3230,16591,137],"class_list":["post-660987","post","type-post","status-publish","format-standard","has-post-thumbnail","category-famosos","tag-amistad","tag-bardem","tag-borja","tag-celebrities","tag-conocido","tag-entertainment","tag-entretenimiento","tag-es","tag-espana","tag-famosos","tag-gusta","tag-habernos","tag-iglesias","tag-javier","tag-representa","tag-sobre","tag-spain","tag-traves","tag-viene","tag-whatsapp"],"share_on_mastodon":{"url":"https:\/\/pubeurope.com\/@es\/116929247571492327","error":""},"_links":{"self":[{"href":"https:\/\/www.europesays.com\/es\/wp-json\/wp\/v2\/posts\/660987","targetHints":{"allow":["GET"]}}],"collection":[{"href":"https:\/\/www.europesays.com\/es\/wp-json\/wp\/v2\/posts"}],"about":[{"href":"https:\/\/www.europesays.com\/es\/wp-json\/wp\/v2\/types\/post"}],"author":[{"embeddable":true,"href":"https:\/\/www.europesays.com\/es\/wp-json\/wp\/v2\/users\/2"}],"replies":[{"embeddable":true,"href":"https:\/\/www.europesays.com\/es\/wp-json\/wp\/v2\/comments?post=660987"}],"version-history":[{"count":0,"href":"https:\/\/www.europesays.com\/es\/wp-json\/wp\/v2\/posts\/660987\/revisions"}],"wp:featuredmedia":[{"embeddable":true,"href":"https:\/\/www.europesays.com\/es\/wp-json\/wp\/v2\/media\/660988"}],"wp:attachment":[{"href":"https:\/\/www.europesays.com\/es\/wp-json\/wp\/v2\/media?parent=660987"}],"wp:term":[{"taxonomy":"category","embeddable":true,"href":"https:\/\/www.europesays.com\/es\/wp-json\/wp\/v2\/categories?post=660987"},{"taxonomy":"post_tag","embeddable":true,"href":"https:\/\/www.europesays.com\/es\/wp-json\/wp\/v2\/tags?post=660987"}],"curies":[{"name":"wp","href":"https:\/\/api.w.org\/{rel}","templated":true}]}}