{"id":661057,"date":"2026-07-16T11:41:33","date_gmt":"2026-07-16T11:41:33","guid":{"rendered":"https:\/\/www.europesays.com\/es\/661057\/"},"modified":"2026-07-16T11:41:33","modified_gmt":"2026-07-16T11:41:33","slug":"las-presiones-de-la-cupula-de-la-guardia-civil-para-servir-a-los-intereses-del-gobierno","status":"publish","type":"post","link":"https:\/\/www.europesays.com\/es\/661057\/","title":{"rendered":"Las presiones de la c\u00fapula de la Guardia Civil para servir a los intereses del Gobierno"},"content":{"rendered":"<p><img decoding=\"async\" class=\"v-ath__i\" loading=\"lazy\" src=\"https:\/\/www.europesays.com\/es\/wp-content\/uploads\/2026\/07\/autor-7267-foto-4.png\" alt=\"ABC P\u00f3dcast\"\/><\/p>\n<p>16\/07\/2026<\/p>\n<p>Actualizado a las 09:07h.<\/p>\n<p class=\"v-d-p\" style=\"\">Por primera vez en la historia de la Guardia Civil, un general de divisi\u00f3n ha presentado una denuncia contra un teniente general. El caso involucra al general Fernando Mora, jefe de la zona de Madrid, quien acusa a sus superiores de presionarlo para boicotear un acto institucional con la Comunidad de Madrid.<\/p>\n<p class=\"v-d-p\" style=\"\">Varios expertos de Derecho Internacional han mostrado su disconformidad con el reciente tratado que actualiza el estatuto jur\u00eddico de Gibraltar, alertando de que consolida una situaci\u00f3n contraria al Derecho Internacional y de que se ha perdido una \u00aboportunidad hist\u00f3rica\u00bb para corregir la desigualdad en el Campo de Gibraltar.<\/p>\n<p class=\"v-d-p\" style=\"\">Estados Unidos planea desplegar 3.000 t\u00e9cnicos y asumir la supervisi\u00f3n temporal de Venezuela. El Gobierno estadounidense ha acelerado sus planes para reconstruir las infraestructuras y preparar la transici\u00f3n pol\u00edtica en Venezuela despu\u00e9s de los terremotos del 24 de junio.<\/p>\n<p class=\"v-d-p\" style=\"\">Hasta aqu\u00ed las noticias de hoy, gracias por escuchar.<\/p>\n","protected":false},"excerpt":{"rendered":"16\/07\/2026 Actualizado a las 09:07h. Por primera vez en la historia de la Guardia Civil, un general de&hellip;\n","protected":false},"author":2,"featured_media":661058,"comment_status":"","ping_status":"","sticky":false,"template":"","format":"standard","meta":{"footnotes":""},"categories":[8],"tags":[6984,41751,17,18,2804,120704,6775,4796,25,24,13,14,3015,2803,11,19,20,9,10,15,16,23,12,21,22],"class_list":["post-661057","post","type-post","status-publish","format-standard","has-post-thumbnail","category-espana","tag-ayuso","tag-boicotear","tag-breaking-news","tag-breakingnews","tag-civil","tag-coaccionarle","tag-denuncia","tag-direccion","tag-es","tag-espana","tag-featured-news","tag-featurednews","tag-general","tag-guardia","tag-headlines","tag-latest-news","tag-latestnews","tag-news","tag-noticias","tag-noticias-destacadas","tag-noticiasdestacadas","tag-spain","tag-titulares","tag-ultimas-noticias","tag-ultimasnoticias"],"share_on_mastodon":{"url":"https:\/\/pubeurope.com\/@es\/116929475303652139","error":""},"_links":{"self":[{"href":"https:\/\/www.europesays.com\/es\/wp-json\/wp\/v2\/posts\/661057","targetHints":{"allow":["GET"]}}],"collection":[{"href":"https:\/\/www.europesays.com\/es\/wp-json\/wp\/v2\/posts"}],"about":[{"href":"https:\/\/www.europesays.com\/es\/wp-json\/wp\/v2\/types\/post"}],"author":[{"embeddable":true,"href":"https:\/\/www.europesays.com\/es\/wp-json\/wp\/v2\/users\/2"}],"replies":[{"embeddable":true,"href":"https:\/\/www.europesays.com\/es\/wp-json\/wp\/v2\/comments?post=661057"}],"version-history":[{"count":0,"href":"https:\/\/www.europesays.com\/es\/wp-json\/wp\/v2\/posts\/661057\/revisions"}],"wp:featuredmedia":[{"embeddable":true,"href":"https:\/\/www.europesays.com\/es\/wp-json\/wp\/v2\/media\/661058"}],"wp:attachment":[{"href":"https:\/\/www.europesays.com\/es\/wp-json\/wp\/v2\/media?parent=661057"}],"wp:term":[{"taxonomy":"category","embeddable":true,"href":"https:\/\/www.europesays.com\/es\/wp-json\/wp\/v2\/categories?post=661057"},{"taxonomy":"post_tag","embeddable":true,"href":"https:\/\/www.europesays.com\/es\/wp-json\/wp\/v2\/tags?post=661057"}],"curies":[{"name":"wp","href":"https:\/\/api.w.org\/{rel}","templated":true}]}}