{"id":66109,"date":"2025-08-23T03:51:07","date_gmt":"2025-08-23T03:51:07","guid":{"rendered":"https:\/\/www.europesays.com\/es\/66109\/"},"modified":"2025-08-23T03:51:07","modified_gmt":"2025-08-23T03:51:07","slug":"esclavismo-burguesia-y-modernidad-queremos-saber-babelia","status":"publish","type":"post","link":"https:\/\/www.europesays.com\/es\/66109\/","title":{"rendered":"Esclavismo, burgues\u00eda y modernidad: \u00bfqueremos saber? | Babelia"},"content":{"rendered":"<p class=\"\">El coraz\u00f3n de Barcelona a\u00fan era la Rambla (esp\u00f3iler: ya no lo es) y la propiedad del palacio Moja, construido donde estuvieron las viejas murallas, segu\u00eda siendo de la todopoderosa familia G\u00fcell. Lo era desde mediados del siglo XIX, cuando lo compr\u00f3 el fascinante y controvertido <a href=\"https:\/\/elpais.com\/cultura\/2020-06-23\/lo-que-queda-de-la-esclavitud-en-espana-estatuas-calles-pinturas-y-musica.html\" target=\"_self\" rel=\"nofollow noopener\" title=\"https:\/\/elpais.com\/cultura\/2020-06-23\/lo-que-queda-de-la-esclavitud-en-espana-estatuas-calles-pinturas-y-musica.html\">Antonio L\u00f3pez.<\/a> Hac\u00eda pocos a\u00f1os que este c\u00e1ntabro hab\u00eda llegado procedente de Cuba, enriquecido gracias al comercio colonial y el negocio de los esclavos (el legal y el ilegal). Con su retorno a la Pen\u00ednsula y el capital acumulado, iba a convertirse en una de las grandes figuras de una burgues\u00eda que moderniz\u00f3 la capital catalana, hizo fortuna gracias a sus apuestas en el sector de las finanzas y el naviero y, por supuesto, orbit\u00f3 en torno a la monarqu\u00eda. Se ha cumplido siglo y medio de ese d\u00eda de 1875. La fragata Navas de Tolosa llev\u00f3 a Alfonso XII de regreso a Espa\u00f1a para que la Restauraci\u00f3n se pusiese de largo. El monarca baj\u00f3 del barco, avanz\u00f3 por la Rambla a caballo y con una barretina en la mano. Las puertas del palacio de Antonio L\u00f3pez se abrieron de par en par. Pero en tiempos de la Segunda Rep\u00fablica, cuando los negocios ya no eran lo que hab\u00edan sido desde la I Guerra Mundial y empezaba una cierta decadencia de esa estirpe millonaria, los herederos vendieron parte del jard\u00edn del palacio para que en ese espacio privilegiado se instalaran los grandes almacenes SEPU, desaparecidos como el esp\u00edritu de esa avenida. A finales del franquismo alguien lanz\u00f3 una cerilla encendida desde esos almacenes al palacio, semiabandonado, y provoc\u00f3 un incendio. Paredes, cortinajes, cristaleras y pinturas murales se ti\u00f1eron de negro. En 1982, la Generalitat restaurada lo compr\u00f3 por 100 millones de pesetas. Dos a\u00f1os despu\u00e9s, tras la rehabilitaci\u00f3n, all\u00ed se instal\u00f3 la Direcci\u00f3n General de Patrimonio.<\/p>\n<blockquote class=\"a_q\">\n<p>\u00bfQu\u00e9 sigue ocultado en aquel palacio que alberga una instituci\u00f3n del Gobierno auton\u00f3mico desde hace cuatro d\u00e9cadas? Sigo desconcertado<\/p>\n<\/blockquote>\n<p class=\"\">En algunas habitaciones de la planta noble del palacio, para repensar la historia donde la historia pas\u00f3, puede contemplarse el proyecto fotogr\u00e1fico Variaciones G\u00fcell, de <a href=\"https:\/\/elpais.com\/noticias\/jorge-ribalta\/\" target=\"_self\" rel=\"nofollow noopener\" title=\"https:\/\/elpais.com\/noticias\/jorge-ribalta\/\">Jorge Ribalta, <\/a>mientras los funcionarios del Departamento de Cultura hacen su trabajo cotidiano. Viene a ser como una novela familiar en im\u00e1genes sobre la burgues\u00eda que conecta pasado y presente. Llevo semanas pensando en el desconcierto que sent\u00ed al salir una tarde de julio del palacio, tras ver una muestra que se inscribe en la exposici\u00f3n<a href=\"https:\/\/elpais.com\/cultura\/2025-06-26\/borja-villel-materializa-su-andanada-contra-los-museos-tradicionales-con-la-exposicion-fabular-paisajes.html\" target=\"_self\" rel=\"nofollow noopener\" title=\"https:\/\/elpais.com\/cultura\/2025-06-26\/borja-villel-materializa-su-andanada-contra-los-museos-tradicionales-con-la-exposicion-fabular-paisajes.html\"> Fabular paisatges, del pol\u00e9mico Manuel Borja-Villel<\/a>, que, como era de esperar, ha logrado provocar la indignaci\u00f3n que pretend\u00eda. Hace un par de a\u00f1os, Ribalta ya provoc\u00f3 al publicar en nuestro <a href=\"https:\/\/elpais.com\/quadern\/\" target=\"_self\" rel=\"nofollow noopener\" title=\"https:\/\/elpais.com\/quadern\/\">Quadern <\/a>un alegato en el que ped\u00eda la restituci\u00f3n del monumento a Antonio L\u00f3pez, retirado por el Ayuntamiento en 2018 como una leg\u00edtima apuesta por sincronizar sus pol\u00edticas culturales con la <a href=\"https:\/\/elpais.com\/babelia\/2025-03-01\/la-lenta-descolonizacion-de-los-museos.html\" target=\"_self\" rel=\"nofollow noopener\" title=\"https:\/\/elpais.com\/babelia\/2025-03-01\/la-lenta-descolonizacion-de-los-museos.html\">ola de la descolonizaci\u00f3n de los museos <\/a>y los espacios p\u00fablicos. No era la primera vez porque la relaci\u00f3n de la ciudad con esta figura nunca fue consensual. Durante los primeros d\u00edas de la Guerra Civil ya se produjo un aut\u00e9ntico acto de iconoclastia: la estatua fue destruida. Luego la replic\u00f3 el franquismo porque la dictadura, con la oposici\u00f3n en las cunetas, tambi\u00e9n dio la batalla cultural. Y ahora la escultura est\u00e1 en los almacenes municipales. En ese espacio pueden verse los relieves donde escultores se\u00f1eros representaron las industrias del hombre m\u00e1s rico de la ciudad: tabaco, barcos, bancos, trenes. Siguen las inscripciones originales: esa tensi\u00f3n tan dif\u00edcil de contar entre la reproducci\u00f3n del telegrama de condolencias del rey y los versos que le dedic\u00f3 el cura y poeta Jacint Verdaguer, patriarca de las letras catalanas y protegido durante a\u00f1os por L\u00f3pez. Est\u00e1 el pedestal, pero no hay estatua. El vac\u00edo revela una incapacidad para hacerse cargo de la complejidad turbia y exuberante que explica una metr\u00f3polis moderna.<\/p>\n<p class=\"\">\u00bfQueremos saber? Esta pregunta, a trav\u00e9s de los plafones de fotograf\u00edas en blanco y negro, con vocaci\u00f3n documental y tomadas en distintas partes de Espa\u00f1a (Getxo y C\u00e1diz, Comillas o Madrid) entre 2019 y 2025, es la que se me impuso tras pasear por las elegantes habitaciones de una burgues\u00eda extinguida y donde puede contemplarse Variaciones \u00adG\u00fcell. Tras ver estas series de paisajes y retratos, de casoplones y capillas particulares, ingenios azucareros y puertos transatl\u00e1nticos, de estatuas en pie e industrias desaparecidas, el visitante baja la misma escalera por la que en su d\u00eda descendi\u00f3 el envejecido primer marqu\u00e9s de Comillas o el poeta Verdaguer cuando sal\u00eda a la puerta del palacio para repartir la limosna a los pobres que le hab\u00eda entregado su patr\u00f3n.<\/p>\n<p class=\"\">\u00bfQu\u00e9 sigue ocultado en aquel palacio que alberga una instituci\u00f3n del Gobierno auton\u00f3mico desde hace cuatro d\u00e9cadas? Sigo desconcertado. Una de las fotograf\u00edas muestra una obra maestra de <a href=\"https:\/\/elpais.com\/noticias\/antoni-gaudi\/\" target=\"_self\" rel=\"nofollow noopener\" title=\"https:\/\/elpais.com\/noticias\/antoni-gaudi\/\">Gaud\u00ed<\/a>, clave en la proyecci\u00f3n social de los G\u00fcell: el grito del drag\u00f3n de forja en la puerta principal de lo que en su d\u00eda fue la Finca G\u00fcell. Atemoriza. No solo es el silenciamiento de una historia negra, cada vez mejor conocida, sino ese vac\u00edo en el conocimiento que, por desidia o por ideolog\u00eda, no ha sido asumido como parte fundamental de la historia moderna y, por ello, incomoda tanto si se pretende incorporar a la memoria del pasado latente. M\u00e1s c\u00f3modo aceptar la tesis cl\u00e1sica de que en Espa\u00f1a hubo una revoluci\u00f3n industrial fallida que enfrentarse a la cuesti\u00f3n de c\u00f3mo se produjo la aclimataci\u00f3n del capitalismo en la era liberal en nuestro pa\u00eds. A lo mejor m\u00e1s f\u00e1cil ignorar o derruir o sepultar, m\u00e1s tranquilizador, seguro, que aventurarse a una resignificaci\u00f3n entendida como un reto de comprensi\u00f3n.<\/p>\n","protected":false},"excerpt":{"rendered":"El coraz\u00f3n de Barcelona a\u00fan era la Rambla (esp\u00f3iler: ya no lo es) y la propiedad del palacio&hellip;\n","protected":false},"author":2,"featured_media":66110,"comment_status":"","ping_status":"","sticky":false,"template":"","format":"standard","meta":{"footnotes":""},"categories":[91],"tags":[229,505,210,1980,209,146,147,25,10330,24,241,1469,244,26853,26852,23],"class_list":{"0":"post-66109","1":"post","2":"type-post","3":"status-publish","4":"format-standard","5":"has-post-thumbnail","7":"category-entretenimiento","8":"tag-arte","9":"tag-artistas","10":"tag-barcelona","11":"tag-cataluna","12":"tag-cultura","13":"tag-entertainment","14":"tag-entretenimiento","15":"tag-es","16":"tag-esclavitud","17":"tag-espana","18":"tag-exposiciones","19":"tag-exposiciones-temporales","20":"tag-fotografia","21":"tag-jorge-ribalta","22":"tag-manuel-borja-villel","23":"tag-spain"},"share_on_mastodon":{"url":"","error":""},"_links":{"self":[{"href":"https:\/\/www.europesays.com\/es\/wp-json\/wp\/v2\/posts\/66109","targetHints":{"allow":["GET"]}}],"collection":[{"href":"https:\/\/www.europesays.com\/es\/wp-json\/wp\/v2\/posts"}],"about":[{"href":"https:\/\/www.europesays.com\/es\/wp-json\/wp\/v2\/types\/post"}],"author":[{"embeddable":true,"href":"https:\/\/www.europesays.com\/es\/wp-json\/wp\/v2\/users\/2"}],"replies":[{"embeddable":true,"href":"https:\/\/www.europesays.com\/es\/wp-json\/wp\/v2\/comments?post=66109"}],"version-history":[{"count":0,"href":"https:\/\/www.europesays.com\/es\/wp-json\/wp\/v2\/posts\/66109\/revisions"}],"wp:featuredmedia":[{"embeddable":true,"href":"https:\/\/www.europesays.com\/es\/wp-json\/wp\/v2\/media\/66110"}],"wp:attachment":[{"href":"https:\/\/www.europesays.com\/es\/wp-json\/wp\/v2\/media?parent=66109"}],"wp:term":[{"taxonomy":"category","embeddable":true,"href":"https:\/\/www.europesays.com\/es\/wp-json\/wp\/v2\/categories?post=66109"},{"taxonomy":"post_tag","embeddable":true,"href":"https:\/\/www.europesays.com\/es\/wp-json\/wp\/v2\/tags?post=66109"}],"curies":[{"name":"wp","href":"https:\/\/api.w.org\/{rel}","templated":true}]}}