{"id":66117,"date":"2025-08-23T03:56:15","date_gmt":"2025-08-23T03:56:15","guid":{"rendered":"https:\/\/www.europesays.com\/es\/66117\/"},"modified":"2025-08-23T03:56:15","modified_gmt":"2025-08-23T03:56:15","slug":"suben-a-17-los-pacientes-afectados-por-un-brote-de-salmonela-en-hospitales-de-gran-canaria","status":"publish","type":"post","link":"https:\/\/www.europesays.com\/es\/66117\/","title":{"rendered":"Suben a 17 los pacientes afectados por un brote de salmonela en hospitales de Gran Canaria"},"content":{"rendered":"<p class=\"article-text\">\n        La Direcci\u00f3n General de Salud P\u00fablica del Gobierno de Canarias ha informado este viernes que el brote de salmonela detectado en hospitales de Gran Canaria afecta ya a 17 personas, de los cuales diez han sido ya dados de alta hospitalaria o epidemiol\u00f3gica.\n    <\/p>\n<p class=\"article-text\">\n        El origen del brote, que ha afectado hasta ahora a nueve pacientes del Complejo Hospitalario Insular &#8211; Materno Infantil y a ocho del Hospital Juan Carlos I, contin\u00faa bajo la investigaci\u00f3n tanto del Servicio Canario de la Salud como de la Gerencia del propio centro sanitario, sin que hasta el momento se haya podido determinar las causas del mismo, ha explicado Sanidad en un comunicado.\n    <\/p>\n<p class=\"article-text\">\n        Desde que se notificasen los primeros s\u00edntomas compatibles con esta infecci\u00f3n, la Direcci\u00f3n Gerencia del Complejo en coordinaci\u00f3n con la Direcci\u00f3n General de Salud P\u00fablica activaron los protocolos establecidos para estos casos, analizando las muestras de alimentos y las extra\u00eddas de los pacientes, ha precisado el Ejecutivo auton\u00f3mico.\n    <\/p>\n<p class=\"article-text\">\n        Actualmente, se sigue a la espera de lo que dictaminen las anal\u00edticas de las muestras y se mantiene actualizado el informe epidemiol\u00f3gico correspondiente, si bien en un audio de una facultativa de Medicina Preventiva del complejo remitido por Sanidad, se especifica que los resultados de lo analizado hasta la fecha han resultado negativos.\n    <\/p>\n<p class=\"article-text\">\n        Adem\u00e1s, cabe recordar que el servicio de Cocina del Complejo Hospitalario, que tambi\u00e9n da servicio al Juan Carlos I, inmoviliz\u00f3 los alimentos sospechosos de ser el origen de este brote alimentario para evitar posibles futuras nuevas infecciones.\n    <\/p>\n<p>    <a href=\"https:\/\/www.eldiario.es\/canariasahora\/sociedad\/suben-17-pacientes-afectados-brote-salmonela-hospitales-gran-canaria_1_12551375.html\" data-mrf-recirculation=\"saber-mas-abajo\" data-dl-event=\"saber-mas-abajo\" rel=\"nofollow noopener\" target=\"_blank\"><\/p>\n<p class=\"know-more__title\">Sanidad investiga un brote de salmonela en el Hospital Insular de Gran Canaria y en el Hospital Juan Carlos I<\/p>\n<p>            <img decoding=\"async\" class=\"lazy\" loading=\"lazy\" data-src=\"https:\/\/static.eldiario.es\/clip\/26a37262-5aa8-4147-88b7-4b26fa6102ab_16-9-aspect-ratio_default_0.jpg\" src=\"data:image\/svg+xml,%3Csvg xmlns=\" http:=\"\" viewbox=\"0 0 880 495\" alt=\"Suben a 17 los pacientes afectados por un brote de salmonela en hospitales de Gran Canaria\"\/><\/p>\n<p>                        <\/a><\/p>\n<p class=\"article-text\">\n        La Unidad de Vigilancia Epidemiol\u00f3gica de la Direcci\u00f3n General de Salud P\u00fablica del SCS y la Direcci\u00f3n Gerencia del Complejo Hospitalario Universitario Insular-Materno Infantil, siguiendo los protocolos, han activado las medidas previstas, ha iniciado el estudio epidemiol\u00f3gico pertinente y sigue haciendo seguimiento por si apareciesen m\u00e1s personas susceptibles de estar afectadas.\n    <\/p>\n","protected":false},"excerpt":{"rendered":"La Direcci\u00f3n General de Salud P\u00fablica del Gobierno de Canarias ha informado este viernes que el brote de&hellip;\n","protected":false},"author":2,"featured_media":66118,"comment_status":"","ping_status":"","sticky":false,"template":"","format":"standard","meta":{"footnotes":""},"categories":[5],"tags":[10178,4179,17,18,11335,7221,25,24,13,14,3956,11,6138,19,20,9,10,15,16,1817,12771,23,14531,12,21,22],"class_list":{"0":"post-66117","1":"post","2":"type-post","3":"status-publish","4":"format-standard","5":"has-post-thumbnail","7":"category-titulares","8":"tag-10178","9":"tag-afectados","10":"tag-breaking-news","11":"tag-breakingnews","12":"tag-brote","13":"tag-canaria","14":"tag-es","15":"tag-espana","16":"tag-featured-news","17":"tag-featurednews","18":"tag-gran","19":"tag-headlines","20":"tag-hospitales","21":"tag-latest-news","22":"tag-latestnews","23":"tag-news","24":"tag-noticias","25":"tag-noticias-destacadas","26":"tag-noticiasdestacadas","27":"tag-pacientes","28":"tag-salmonela","29":"tag-spain","30":"tag-suben","31":"tag-titulares","32":"tag-ultimas-noticias","33":"tag-ultimasnoticias"},"share_on_mastodon":{"url":"","error":""},"_links":{"self":[{"href":"https:\/\/www.europesays.com\/es\/wp-json\/wp\/v2\/posts\/66117","targetHints":{"allow":["GET"]}}],"collection":[{"href":"https:\/\/www.europesays.com\/es\/wp-json\/wp\/v2\/posts"}],"about":[{"href":"https:\/\/www.europesays.com\/es\/wp-json\/wp\/v2\/types\/post"}],"author":[{"embeddable":true,"href":"https:\/\/www.europesays.com\/es\/wp-json\/wp\/v2\/users\/2"}],"replies":[{"embeddable":true,"href":"https:\/\/www.europesays.com\/es\/wp-json\/wp\/v2\/comments?post=66117"}],"version-history":[{"count":0,"href":"https:\/\/www.europesays.com\/es\/wp-json\/wp\/v2\/posts\/66117\/revisions"}],"wp:featuredmedia":[{"embeddable":true,"href":"https:\/\/www.europesays.com\/es\/wp-json\/wp\/v2\/media\/66118"}],"wp:attachment":[{"href":"https:\/\/www.europesays.com\/es\/wp-json\/wp\/v2\/media?parent=66117"}],"wp:term":[{"taxonomy":"category","embeddable":true,"href":"https:\/\/www.europesays.com\/es\/wp-json\/wp\/v2\/categories?post=66117"},{"taxonomy":"post_tag","embeddable":true,"href":"https:\/\/www.europesays.com\/es\/wp-json\/wp\/v2\/tags?post=66117"}],"curies":[{"name":"wp","href":"https:\/\/api.w.org\/{rel}","templated":true}]}}