{"id":66125,"date":"2025-08-23T04:02:07","date_gmt":"2025-08-23T04:02:07","guid":{"rendered":"https:\/\/www.europesays.com\/es\/66125\/"},"modified":"2025-08-23T04:02:07","modified_gmt":"2025-08-23T04:02:07","slug":"etapa-1-de-la-vuelta-a-espana-2025-turin-reggia-di-venaria-1867-km-ciclismo","status":"publish","type":"post","link":"https:\/\/www.europesays.com\/es\/66125\/","title":{"rendered":"Etapa 1 de la Vuelta a Espa\u00f1a 2025, Tur\u00edn &#8211; Reggia di Venaria \/ 186,7 km &#8211; Ciclismo"},"content":{"rendered":"<ol>\n<li><a href=\"https:\/\/news.google.com\/rss\/articles\/CBMiakFVX3lxTE83ckVPem5OaFRfQ3FLbjhHTjRscHR6YzdmVnhZSHdMTFZZR0RwT2JRblpqZTdEVWdyNlBWN011QndFNmlkajR0Y21MeUMwM2NqdUIzd2lxOUFCY25KSGt2ZDlrUGNCejJldGc?oc=5\" target=\"_blank\" rel=\"nofollow noopener\">Etapa 1 de la Vuelta a Espa\u00f1a 2025, Tur\u00edn &#8211; Reggia di Venaria \/ 186,7 km<\/a>&nbsp;&nbsp;Ciclismo<\/li>\n<li><a href=\"https:\/\/news.google.com\/rss\/articles\/CBMipwFBVV95cUxQOGdPZDB0aklGclpld3FvY0lJUWw3cWRIeVFTMWozdDg0ajM5ZDJUcl8xM0VQaTRkUjRERnJJVVk2RlpzcHFoNVVJZG5XbW1hQkpIUjVtM1JlY0UzemNrd1Q0bUFBdTM2cU9ENmhkbm1NaG9qczZUTzFsRDhRVmFNcHZoWHAweU5nUWR4UWU1YUwzaW4ydFhlTG9KRGE5RVRWVjNTaXBQZw?oc=5\" target=\"_blank\" rel=\"nofollow noopener\">La Vuelta a Espa\u00f1a, una historia con acento italiano | Ciclismo | Deportes<\/a>&nbsp;&nbsp;EL PA\u00cdS<\/li>\n<li><a href=\"https:\/\/news.google.com\/rss\/articles\/CBMiqAFBVV95cUxOSFdxbmlyUUFaazhXS0x1X3J6ZUl1YW1heHZlaWxnWGp5LVZWVmtPTGFiSEJJVldBOGNNdDFfcnl6T18zcEVtbGxNcU1LTkFYZUtNM3NhVHgweW1jaHhYeW4zTE54N1N6TjdTa2FpR3ZKMmlRU21SOS1JN0Y4N1BINkl1NUJnNHROTDNEdFRSUmtVOUI4ajdSUUptandlR0RrYlVSTUhxaVPSAagBQVVfeXFMTUNZQUplc0tQSUJORkIwLXJmTGFwa21LU0t1eTN0LVlXQkx0LVN3OGNSRmR4U09BS05wdVFSelplN1dGRVFCSDlWTVZFYUJteTJEdE8tQ01rQjBja0FhOVRGSF9GX05FM1dvRlVuTXBIMzZqSTQzemM5YUMyS1dmNTBOLUU1RElZS2NUYi1CakNlbVV5cGlEcll5bXZ0czBNNVpBVFJkZzBM?oc=5\" target=\"_blank\" rel=\"nofollow noopener\">La bicefalia Ayuso-Almeida y el poder\u00edo del UAE: la alternativa al favoritismo de Vingegaard en la Vuelta 2025<\/a>&nbsp;&nbsp;RTVE.es<\/li>\n<li><a href=\"https:\/\/news.google.com\/rss\/articles\/CBMiqAFBVV95cUxONHgyWEZaX0tqbXlZd195NVM2eTBFaHRHSXZzQ2ljZklzbXhxUnpLdUdPbnNvYTA4eW9ibzFlNW5XWk5ueVUzc0FmRWNqSU9BQ2NBcHBhd1VjM2lfZ3VLV3dqYjNWcFF5SGpYalB0WFo1X0EwVHRqNG5lXzN4MnZSR01UcFRDRkxNd25RUUp3eEN0STZhbHBUZmNKLTY3SEhzTWdoWnZsX0Q?oc=5\" target=\"_blank\" rel=\"nofollow noopener\">Calientan motores en Tur\u00edn antes del inicio de la 80 edici\u00f3n de la Vuelta<\/a>&nbsp;&nbsp;ABC<\/li>\n<li><a href=\"https:\/\/news.google.com\/rss\/articles\/CBMiqAFBVV95cUxPVzJOZzVLQ01rdjh3ZlBnU2s0NERhNE5WLWRGVUxmdk1fcGMybzJKamtjODNXZ3pYdGxNZ3lDNVUwVHplR19Gd2JnVEctczcxYnoyYkpFX2pUdm1oTTMtdHF2d3p0ZFZMbXY2ZzhMY2ZLMUNQc2dWMXBMN0MxU3ZuaUZKRWotQ0lPRDhRLUdQUDRBQ0tfQkRfTmZrUVV3am1JaHRMOFBWM1o?oc=5\" target=\"_blank\" rel=\"nofollow noopener\">La Vuelta a Espa\u00f1a: Italia, el octavo pa\u00eds en ser visitado por la ronda espa\u00f1ola<\/a>&nbsp;&nbsp;Zikloland<\/li>\n<\/ol>\n","protected":false},"excerpt":{"rendered":"Etapa 1 de la Vuelta a Espa\u00f1a 2025, Tur\u00edn &#8211; Reggia di Venaria \/ 186,7 km&nbsp;&nbsp;Ciclismo La Vuelta&hellip;\n","protected":false},"author":2,"featured_media":66126,"comment_status":"","ping_status":"","sticky":false,"template":"","format":"standard","meta":{"footnotes":""},"categories":[273],"tags":[10810,26859,4860,313,26126,312,7423,26858,168,1563,2197,25,26856,24,23336,314,7957,19357,1783,19715,12400,20305,9,7681,26860,13359,977,1078,566,26855,13644,3397,1965,23,167,3596,316,2886,4786,26857,1357],"class_list":{"0":"post-66125","1":"post","2":"type-post","3":"status-publish","4":"format-standard","5":"has-post-thumbnail","7":"category-ciclismo","8":"tag-alguno","9":"tag-bonificado","10":"tag-carrera","11":"tag-ciclismo","12":"tag-comenzara","13":"tag-cycling","14":"tag-danes","15":"tag-dependiendo","16":"tag-deportes","17":"tag-dos","18":"tag-edicion","19":"tag-es","20":"tag-escasos","21":"tag-espana","22":"tag-estaran","23":"tag-etapa","24":"tag-giro","25":"tag-haga","26":"tag-la","27":"tag-lideres","28":"tag-llana","29":"tag-mads","30":"tag-news","31":"tag-parcial","32":"tag-pe","33":"tag-presentes","34":"tag-primer","35":"tag-primera","36":"tag-primeros","37":"tag-propicia","38":"tag-roja","39":"tag-sabado","40":"tag-salida","41":"tag-spain","42":"tag-sports","43":"tag-sprint","44":"tag-tour","45":"tag-triunfo","46":"tag-turin","47":"tag-velocistas","48":"tag-vuelta"},"share_on_mastodon":{"url":"","error":""},"_links":{"self":[{"href":"https:\/\/www.europesays.com\/es\/wp-json\/wp\/v2\/posts\/66125","targetHints":{"allow":["GET"]}}],"collection":[{"href":"https:\/\/www.europesays.com\/es\/wp-json\/wp\/v2\/posts"}],"about":[{"href":"https:\/\/www.europesays.com\/es\/wp-json\/wp\/v2\/types\/post"}],"author":[{"embeddable":true,"href":"https:\/\/www.europesays.com\/es\/wp-json\/wp\/v2\/users\/2"}],"replies":[{"embeddable":true,"href":"https:\/\/www.europesays.com\/es\/wp-json\/wp\/v2\/comments?post=66125"}],"version-history":[{"count":0,"href":"https:\/\/www.europesays.com\/es\/wp-json\/wp\/v2\/posts\/66125\/revisions"}],"wp:featuredmedia":[{"embeddable":true,"href":"https:\/\/www.europesays.com\/es\/wp-json\/wp\/v2\/media\/66126"}],"wp:attachment":[{"href":"https:\/\/www.europesays.com\/es\/wp-json\/wp\/v2\/media?parent=66125"}],"wp:term":[{"taxonomy":"category","embeddable":true,"href":"https:\/\/www.europesays.com\/es\/wp-json\/wp\/v2\/categories?post=66125"},{"taxonomy":"post_tag","embeddable":true,"href":"https:\/\/www.europesays.com\/es\/wp-json\/wp\/v2\/tags?post=66125"}],"curies":[{"name":"wp","href":"https:\/\/api.w.org\/{rel}","templated":true}]}}