{"id":661259,"date":"2026-07-16T14:23:12","date_gmt":"2026-07-16T14:23:12","guid":{"rendered":"https:\/\/www.europesays.com\/es\/661259\/"},"modified":"2026-07-16T14:23:12","modified_gmt":"2026-07-16T14:23:12","slug":"5-documentales-de-musica-para-ver-hoy-en-disney","status":"publish","type":"post","link":"https:\/\/www.europesays.com\/es\/661259\/","title":{"rendered":"5 documentales de m\u00fasica para ver hoy en Disney+"},"content":{"rendered":"<p class=\"wp-block-paragraph\"><strong>Disney+<\/strong> tiene un cat\u00e1logo muy rico de documentales musicales y a continuaci\u00f3n repasamos 5 que te van a sorprender.<\/p>\n<p>The Beach Boys, el documental<\/p>\n<p class=\"wp-block-paragraph\">2024 &#8211; Dir: Frank Marshall,\u00a0Thom Zimny<\/p>\n<p class=\"wp-block-paragraph\"><strong>Duraci\u00f3n<\/strong>: 113 minutos.<\/p>\n<p class=\"wp-block-paragraph\"><strong>Origen<\/strong>: Estados Unidos.<\/p>\n<p class=\"wp-block-paragraph\">Una celebraci\u00f3n de la legendaria banda que revolucion\u00f3 la m\u00fasica pop y cre\u00f3 el armonioso sonido que personific\u00f3 el sue\u00f1o californiano.<\/p>\n<p class=\"wp-block-paragraph\">Le\u00e9 <a href=\"https:\/\/indiehoy.com\/cine\/critica-the-beach-boys-disney-la-banda-que-cambio-la-musica-pop\/\" target=\"_blank\" rel=\"noreferrer noopener nofollow\">nuestra cr\u00edtica de The Beach Boys, el documental<\/a>.<\/p>\n<p>Elton John: Never Too Late<\/p>\n<p class=\"wp-block-paragraph\">2024 &#8211; Dir: R.J. Cutler,\u00a0David Furnish<\/p>\n<p class=\"wp-block-paragraph\"><strong>Duraci\u00f3n<\/strong>: 102 minutos.<\/p>\n<p class=\"wp-block-paragraph\"><strong>Origen<\/strong>: Estados Unidos.<\/p>\n<p class=\"wp-block-paragraph\">Documental sobre <strong><a href=\"https:\/\/indiehoy.com\/historias\/antes-de-la-fama-elton-john-cobro-apenas-12-libras-por-tocar-en-un-clasico-del-pop\/\" target=\"_blank\" rel=\"noreferrer noopener nofollow\">Elton John<\/a><\/strong>, con im\u00e1genes in\u00e9ditas de conciertos suyos de los \u00faltimos 50 a\u00f1os, as\u00ed como diarios escritos a mano e im\u00e1genes actuales de \u00e9l y su familia.<\/p>\n<p>Sly Lives!: El legado de un genio<\/p>\n<p class=\"wp-block-paragraph\">2025 &#8211; Dir: Questlove<\/p>\n<p class=\"wp-block-paragraph\"><strong>Duraci\u00f3n<\/strong>: 112 minutos.<\/p>\n<p class=\"wp-block-paragraph\"><strong>Origen<\/strong>: Estados Unidos.<\/p>\n<p class=\"wp-block-paragraph\">Centrada en la vida y el legado de <strong><a href=\"https:\/\/indiehoy.com\/historias\/las-5-mejores-canciones-de-sly-and-the-family-stone\/\" target=\"_blank\" rel=\"noreferrer noopener nofollow\">Sly and the Family Stone<\/a><\/strong>, cuenta la historia del ascenso, reinado y desaparici\u00f3n de una de las bandas m\u00e1s influyentes de la m\u00fasica pop.<\/p>\n<p>Bruce Springsteen and the E Street Band: Diarios de carretera<\/p>\n<p class=\"wp-block-paragraph\">2024 &#8211; Dir: Thom Zimny<\/p>\n<p class=\"wp-block-paragraph\"><strong>Duraci\u00f3n<\/strong>: 99 minutos.<\/p>\n<p class=\"wp-block-paragraph\"><strong>Origen<\/strong>: Estados Unidos.<\/p>\n<p class=\"wp-block-paragraph\">La preparaci\u00f3n detr\u00e1s de escena de la gira mundial 2023-2024 de <strong><a href=\"https:\/\/indiehoy.com\/historias\/musico-que-estaba-infravalorado-segun-bruce-springsteen\/\" target=\"_blank\" rel=\"noreferrer noopener nofollow\">Bruce Springsteen<\/a><\/strong>.<\/p>\n<p>The Beatles: Let It Be<\/p>\n<p class=\"wp-block-paragraph\">1970 &#8211; Dir: Michael Lindsay-Hogg<\/p>\n<p class=\"wp-block-paragraph\"><strong>Duraci\u00f3n<\/strong>: 88 minutos.<\/p>\n<p class=\"wp-block-paragraph\"><strong>Origen<\/strong>: Reino Unido.<\/p>\n<p class=\"wp-block-paragraph\">Documental sobre la legendaria banda de Liverpool. Abarca las dos semanas de la grabaci\u00f3n del que supuso el \u00faltimo disco del cuarteto, Let It Be, con la famosa actuaci\u00f3n en la azotea del Apple Building.<\/p>\n","protected":false},"excerpt":{"rendered":"Disney+ tiene un cat\u00e1logo muy rico de documentales musicales y a continuaci\u00f3n repasamos 5 que te van a&hellip;\n","protected":false},"author":2,"featured_media":661260,"comment_status":"","ping_status":"","sticky":false,"template":"","format":"standard","meta":{"footnotes":""},"categories":[169],"tags":[22714,177,1060,3060,146,147,25,24,176,175,64976,23,23364,6620],"class_list":["post-661259","post","type-post","status-publish","format-standard","has-post-thumbnail","category-cine","tag-bruce-springsteen","tag-cine","tag-disney","tag-elton-john","tag-entertainment","tag-entretenimiento","tag-es","tag-espana","tag-film","tag-movies","tag-sly-and-the-family-stone","tag-spain","tag-the-beach-boys","tag-the-beatles"],"share_on_mastodon":{"url":"https:\/\/pubeurope.com\/@es\/116930111447299099","error":""},"_links":{"self":[{"href":"https:\/\/www.europesays.com\/es\/wp-json\/wp\/v2\/posts\/661259","targetHints":{"allow":["GET"]}}],"collection":[{"href":"https:\/\/www.europesays.com\/es\/wp-json\/wp\/v2\/posts"}],"about":[{"href":"https:\/\/www.europesays.com\/es\/wp-json\/wp\/v2\/types\/post"}],"author":[{"embeddable":true,"href":"https:\/\/www.europesays.com\/es\/wp-json\/wp\/v2\/users\/2"}],"replies":[{"embeddable":true,"href":"https:\/\/www.europesays.com\/es\/wp-json\/wp\/v2\/comments?post=661259"}],"version-history":[{"count":0,"href":"https:\/\/www.europesays.com\/es\/wp-json\/wp\/v2\/posts\/661259\/revisions"}],"wp:featuredmedia":[{"embeddable":true,"href":"https:\/\/www.europesays.com\/es\/wp-json\/wp\/v2\/media\/661260"}],"wp:attachment":[{"href":"https:\/\/www.europesays.com\/es\/wp-json\/wp\/v2\/media?parent=661259"}],"wp:term":[{"taxonomy":"category","embeddable":true,"href":"https:\/\/www.europesays.com\/es\/wp-json\/wp\/v2\/categories?post=661259"},{"taxonomy":"post_tag","embeddable":true,"href":"https:\/\/www.europesays.com\/es\/wp-json\/wp\/v2\/tags?post=661259"}],"curies":[{"name":"wp","href":"https:\/\/api.w.org\/{rel}","templated":true}]}}