{"id":661263,"date":"2026-07-16T14:25:14","date_gmt":"2026-07-16T14:25:14","guid":{"rendered":"https:\/\/www.europesays.com\/es\/661263\/"},"modified":"2026-07-16T14:25:14","modified_gmt":"2026-07-16T14:25:14","slug":"el-69-de-las-personas-con-artrosis-son-mujeres-muchas-de-ellas-en-plena-vida-laboral","status":"publish","type":"post","link":"https:\/\/www.europesays.com\/es\/661263\/","title":{"rendered":"El 69 de las personas con artrosis son mujeres muchas de ellas en plena vida laboral"},"content":{"rendered":"<p>Casi 6,5 millones de adultos espa\u00f1oles tienen artrosis, una enfermedad articular degenerativa que figura entre las principales causas de discapacidad a escala mundial. Adem\u00e1s, seg\u00fan el Instituto Nacional de Estad\u00edstica (INE), el 69% de los pacientes con artrosis son mujeres, y los estudios se\u00f1alan que ellas experimentan, de media, una &#8230;            &#13;\n        <\/p>\n<p> &#13;<\/p>\n<p>Casi 6,5 millones de adultos espa\u00f1oles tienen <strong>artrosis<\/strong>, una enfermedad articular degenerativa que figura entre las principales causas de discapacidad a escala mundial. Adem\u00e1s, seg\u00fan el Instituto Nacional de Estad\u00edstica (INE), <strong>el 69% de los pacientes con artrosis son mujeres<\/strong>, y los estudios se\u00f1alan que ellas experimentan, de media, una mayor intensidad del dolor, una peor funci\u00f3n articular y un impacto m\u00e1s acusado en su calidad de vida que los hombres. Con el objetivo de dar visibilidad a esta realidad, <strong>Organon<\/strong> ha puesto en marcha la campa\u00f1a &#8216;T\u00eda Dura&#8217;, centrada en mujeres con artrosis en edad laboral.<\/p>\n<p>Uno de los principales retos de la artrosis es su <strong>largo periodo precl\u00ednico<\/strong>. La enfermedad puede permanecer sin s\u00edntomas evidentes hasta 20 a\u00f1os antes del diagn\u00f3stico, lo que favorece una progresi\u00f3n silenciosa hacia un da\u00f1o estructural que, en fases avanzadas, <strong>puede ser irreversible<\/strong>. Este retraso en la aparici\u00f3n de s\u00edntomas limita las posibilidades de intervenci\u00f3n temprana y hace que muchos pacientes lleguen al diagn\u00f3stico cuando la enfermedad ya ha comprometido de forma significativa su movilidad y funcionalidad.<\/p>\n<p>La artrosis es especialmente frecuente en <strong>mujeres a partir de los 50 a\u00f1os<\/strong>, en quienes afecta predominantemente a las manos, las rodillas, las caderas y la columna vertebral. Adem\u00e1s, ellas presentan una mayor propensi\u00f3n a desarrollar artrosis en las manos y, en la mayor\u00eda de los casos, <strong>esta manifestaci\u00f3n aparece tras la menopausia<\/strong>, lo que sugiere que los cambios hormonales influyen en la progresi\u00f3n de la enfermedad. En el \u00e1mbito laboral, la artrosis genera <strong>una p\u00e9rdida significativa de productividad<\/strong>: la rigidez articular, el dolor cr\u00f3nico y la fatiga asociada obligan a muchas mujeres a adaptar o reducir su jornada, solicitar bajas o abandonar actividades que antes realizaban con normalidad. El coste personal y econ\u00f3mico de esta adaptaci\u00f3n es, en muchos casos, invisible para el entorno.<\/p>\n<p><strong>La fuerza silenciosa de las mujeres con artrosis<\/strong><\/p>\n<p> &#13;<\/p>\n<p>Ante esta situaci\u00f3n poco conocida y con el objetivo de <strong>visibilizar la realidad cotidiana de las mujeres en edad laboral que conviven con artrosis<\/strong>, Organon ha desarrollado la campa\u00f1a &#8216;T\u00eda Dura&#8217;, que pone el foco en el dolor y la rigidez articular con los que muchas mujeres desempe\u00f1an sus responsabilidades profesionales y personales, a menudo sin interrumpir su actividad.<\/p>\n<p>Adem\u00e1s de destacar la existencia de esta realidad, la campa\u00f1a tiene un objetivo de salud p\u00fablica: <strong>promover la consulta m\u00e9dica ante los primeros s\u00edntomas articulares<\/strong> y reducir el tiempo que transcurre entre su aparici\u00f3n y el diagn\u00f3stico. Dado que la artrosis puede evolucionar durante a\u00f1os sin se\u00f1ales claras, la identificaci\u00f3n precoz es determinante para frenar el da\u00f1o estructural y mejorar el pron\u00f3stico funcional a largo plazo.\u00a0\u00abEs fundamental que las mujeres que experimentan los primeros signos de artrosis busquen atenci\u00f3n m\u00e9dica, ya que la detecci\u00f3n temprana puede marcar la diferencia en el manejo de la enfermedad. Una intervenci\u00f3n adecuada puede frenar la progresi\u00f3n de la enfermedad y mejorar la calidad de vida de las pacientes\u00bb, afirma la doctora <strong>Mar\u00eda Dolores Canela<\/strong>, directora m\u00e9dica de Organon Espa\u00f1a.<\/p>\n<p>La artrosis puede manifestarse con s\u00edntomas como <strong>dolor, hinchaz\u00f3n, rigidez y dificultad para mover la articulaci\u00f3n afectada<\/strong>, que repercuten directamente en la movilidad y la autonom\u00eda de quienes la padecen. La evidencia cient\u00edfica disponible muestra que determinadas modificaciones en el estilo de vida pueden contribuir a reducir los s\u00edntomas y frenar la progresi\u00f3n de la artrosis. La <strong>pr\u00e1ctica regular de actividad f\u00edsica de bajo impacto<\/strong>, como caminar, nadar o montar en bicicleta, ha demostrado reducir el dolor, mejorar la funci\u00f3n articular y favorecer el control del peso corporal.<\/p>\n<p>En cuanto a la alimentaci\u00f3n, la <strong>dieta mediterr\u00e1nea<\/strong> se asocia con una reducci\u00f3n de los marcadores inflamatorios relevantes en la artrosis. El <strong>control del peso corporal<\/strong> es tambi\u00e9n un factor modificable con impacto directo: una reducci\u00f3n de entre el 5% y el 10% del peso en personas con sobrepeso alivia de forma significativa la presi\u00f3n sobre las articulaciones de las rodillas y las caderas.\u00a0\u00abCon la campa\u00f1a T\u00eda Dura buscamos romper el silencio que rodea a la artrosis en las mujeres en edad laboral activa. A menudo, ellas afrontan esta enfermedad a costa de su calidad de vida y su productividad. Si conseguimos que m\u00e1s mujeres lleguen antes al diagn\u00f3stico, podr\u00e1n gestionar mejor su patolog\u00eda y seguir desarrollando su vida profesional y personal sin limitaciones\u00bb, concluye la doctora Canela.<\/p>\n","protected":false},"excerpt":{"rendered":"Casi 6,5 millones de adultos espa\u00f1oles tienen artrosis, una enfermedad articular degenerativa que figura entre las principales causas&hellip;\n","protected":false},"author":2,"featured_media":661264,"comment_status":"","ping_status":"","sticky":false,"template":"","format":"standard","meta":{"footnotes":""},"categories":[92],"tags":[3392,68763,331,1435,658,38857,1818,29108,2996,25,24,165,7761,11871,9416,11119,46662,4044,89455,3477,5670,566,15291,166,6625,2877,23,21459,2752,2606,52734],"class_list":["post-661263","post","type-post","status-publish","format-standard","has-post-thumbnail","category-salud","tag-ademas","tag-artrosis","tag-busca","tag-calidad","tag-campana","tag-consulta","tag-dura","tag-ellas","tag-enfermedad","tag-es","tag-espana","tag-health","tag-impacto","tag-impulsada","tag-laboral","tag-medica","tag-muchas","tag-mujeres","tag-organon","tag-personas","tag-plena","tag-primeros","tag-promover","tag-salud","tag-sintomas","tag-son","tag-spain","tag-tia","tag-trabajo","tag-vida","tag-visibilizar"],"share_on_mastodon":{"url":"https:\/\/pubeurope.com\/@es\/116930119583311026","error":""},"_links":{"self":[{"href":"https:\/\/www.europesays.com\/es\/wp-json\/wp\/v2\/posts\/661263","targetHints":{"allow":["GET"]}}],"collection":[{"href":"https:\/\/www.europesays.com\/es\/wp-json\/wp\/v2\/posts"}],"about":[{"href":"https:\/\/www.europesays.com\/es\/wp-json\/wp\/v2\/types\/post"}],"author":[{"embeddable":true,"href":"https:\/\/www.europesays.com\/es\/wp-json\/wp\/v2\/users\/2"}],"replies":[{"embeddable":true,"href":"https:\/\/www.europesays.com\/es\/wp-json\/wp\/v2\/comments?post=661263"}],"version-history":[{"count":0,"href":"https:\/\/www.europesays.com\/es\/wp-json\/wp\/v2\/posts\/661263\/revisions"}],"wp:featuredmedia":[{"embeddable":true,"href":"https:\/\/www.europesays.com\/es\/wp-json\/wp\/v2\/media\/661264"}],"wp:attachment":[{"href":"https:\/\/www.europesays.com\/es\/wp-json\/wp\/v2\/media?parent=661263"}],"wp:term":[{"taxonomy":"category","embeddable":true,"href":"https:\/\/www.europesays.com\/es\/wp-json\/wp\/v2\/categories?post=661263"},{"taxonomy":"post_tag","embeddable":true,"href":"https:\/\/www.europesays.com\/es\/wp-json\/wp\/v2\/tags?post=661263"}],"curies":[{"name":"wp","href":"https:\/\/api.w.org\/{rel}","templated":true}]}}