{"id":66127,"date":"2025-08-23T04:04:11","date_gmt":"2025-08-23T04:04:11","guid":{"rendered":"https:\/\/www.europesays.com\/es\/66127\/"},"modified":"2025-08-23T04:04:11","modified_gmt":"2025-08-23T04:04:11","slug":"malas-noticias-para-el-exbaskonista-vincent-poirier","status":"publish","type":"post","link":"https:\/\/www.europesays.com\/es\/66127\/","title":{"rendered":"Malas noticias para el exbaskonista Vincent Poirier"},"content":{"rendered":"<p>\n        <strong>Malas noticias para un viejo conocido del Baskonia como Vincent Poirier<\/strong>, uno de los mejores p\u00edvots de Europa con el que el Anadolu Efes no podr\u00e1 contar ya hasta el a\u00f1o 2026.\n<\/p>\n<p class=\"article-body__text \">\n        El club turco ha informado este viernes que <strong>el franc\u00e9s deber\u00e1 pasar por el quir\u00f3fano <\/strong>para solucionar la lesi\u00f3n que sufri\u00f3 en un amistoso con Francia durante la preparaci\u00f3n del Europeo de selecciones.\n<\/p>\n<blockquote class=\"twitter-tweet\" data-lang=\"es\" wp_automatic_readability=\"3.2936507936508\">\n<p lang=\"en\" dir=\"ltr\">Efes center Vincent Poirier out for at least 4 months<a href=\"https:\/\/t.co\/yDIyVWRepA\" rel=\"nofollow\">https:\/\/t.co\/yDIyVWRepA<\/a><\/p>\n<p>\u2014 Eurohoops (@Eurohoopsnet) <a href=\"https:\/\/twitter.com\/Eurohoopsnet\/status\/1958943808164663467?ref_src=twsrc%5Etfw\" rel=\"nofollow noopener\" target=\"_blank\">22 de agosto de 2025<\/a><\/p><\/blockquote>\n<p class=\"article-body__text \">\n        Poirier se da\u00f1\u00f3 una rodilla y <strong>el primer diagn\u00f3stico es que, permanecer\u00e1, como m\u00ednimo, cuatro meses alejado de las canchas<\/strong>. La operaci\u00f3n tendr\u00e1 lugar el pr\u00f3ximo martes en Francia, seg\u00fan ha desvelado el Efes.\n<\/p>\n<p class=\"article-body__text \">\n        Se trata de un duro golpe para el equipo turco, uno de los candidatos cada a\u00f1o a llegar lejos en la Euroliga que <strong>esta campa\u00f1a estrena t\u00e9cnico en la figura de Igor Kokoskov<\/strong>.\n<\/p>\n<p>            <a href=\"https:\/\/www.noticiasdealava.eus\/baskonia\/2025\/08\/22\/dinamo-sassari-anuncia-vuelta-polonara-10004133.html\" title=\"El Dinamo Sassari anuncia la vuelta de Polonara\" class=\"new__media\" rel=\"nofollow noopener\" target=\"_blank\"><\/p>\n<p>                <img alt=\"El Dinamo Sassari anuncia la vuelta de Polonara\" data-src=\"https:\/\/www.europesays.com\/es\/wp-content\/uploads\/2025\/08\/1fb177be-bac5-41a1-b25b-a8697ff88b84_16-9-aspect-ratio_default_0_x198y230.jpg\" class=\"lozad\"\/><\/p>\n<p>        <\/a><\/p>\n<p>        <a href=\"https:\/\/www.noticiasdealava.eus\/baskonia\/2025\/08\/22\/dinamo-sassari-anuncia-vuelta-polonara-10004133.html\" title=\"El Dinamo Sassari anuncia la vuelta de Polonara\" class=\"new__headline\" rel=\"nofollow noopener\" target=\"_blank\"><br \/>\n            El Dinamo Sassari anuncia la vuelta de Polonara<br \/>\n        <\/a><\/p>\n<p class=\"article-body__text \">\n        Est\u00e1 por ver si el Anadolu Efes, donde se mantienen los exbaskonistas Shane Larkin y Rodrigue Beaubois, acude al mercado para buscar un cinco, aunque este verano <strong>ya se ha reforzado para esta posici\u00f3n con el griego Georgios Papagiannis y el franc\u00e9s Brice Dessert<\/strong>.\n<\/p>\n<p>            <script async src=\"https:\/\/platform.twitter.com\/widgets.js\" charset=\"utf-8\"><\/script><\/p>\n","protected":false},"excerpt":{"rendered":"Malas noticias para un viejo conocido del Baskonia como Vincent Poirier, uno de los mejores p\u00edvots de Europa&hellip;\n","protected":false},"author":2,"featured_media":66128,"comment_status":"","ping_status":"","sticky":false,"template":"","format":"standard","meta":{"footnotes":""},"categories":[269],"tags":[299,298,168,25,24,11936,9462,10,365,23,167,26861],"class_list":{"0":"post-66127","1":"post","2":"type-post","3":"status-publish","4":"format-standard","5":"has-post-thumbnail","7":"category-baloncesto","8":"tag-baloncesto","9":"tag-basketball","10":"tag-deportes","11":"tag-es","12":"tag-espana","13":"tag-exbaskonista","14":"tag-malas","15":"tag-noticias","16":"tag-poirier","17":"tag-spain","18":"tag-sports","19":"tag-vincent"},"share_on_mastodon":{"url":"","error":""},"_links":{"self":[{"href":"https:\/\/www.europesays.com\/es\/wp-json\/wp\/v2\/posts\/66127","targetHints":{"allow":["GET"]}}],"collection":[{"href":"https:\/\/www.europesays.com\/es\/wp-json\/wp\/v2\/posts"}],"about":[{"href":"https:\/\/www.europesays.com\/es\/wp-json\/wp\/v2\/types\/post"}],"author":[{"embeddable":true,"href":"https:\/\/www.europesays.com\/es\/wp-json\/wp\/v2\/users\/2"}],"replies":[{"embeddable":true,"href":"https:\/\/www.europesays.com\/es\/wp-json\/wp\/v2\/comments?post=66127"}],"version-history":[{"count":0,"href":"https:\/\/www.europesays.com\/es\/wp-json\/wp\/v2\/posts\/66127\/revisions"}],"wp:featuredmedia":[{"embeddable":true,"href":"https:\/\/www.europesays.com\/es\/wp-json\/wp\/v2\/media\/66128"}],"wp:attachment":[{"href":"https:\/\/www.europesays.com\/es\/wp-json\/wp\/v2\/media?parent=66127"}],"wp:term":[{"taxonomy":"category","embeddable":true,"href":"https:\/\/www.europesays.com\/es\/wp-json\/wp\/v2\/categories?post=66127"},{"taxonomy":"post_tag","embeddable":true,"href":"https:\/\/www.europesays.com\/es\/wp-json\/wp\/v2\/tags?post=66127"}],"curies":[{"name":"wp","href":"https:\/\/api.w.org\/{rel}","templated":true}]}}