{"id":661292,"date":"2026-07-16T14:53:19","date_gmt":"2026-07-16T14:53:19","guid":{"rendered":"https:\/\/www.europesays.com\/es\/661292\/"},"modified":"2026-07-16T14:53:19","modified_gmt":"2026-07-16T14:53:19","slug":"siete-genes-permiten-la-caracterizacion-molecular-del-carcinoma-papilar-de-tiroides","status":"publish","type":"post","link":"https:\/\/www.europesays.com\/es\/661292\/","title":{"rendered":"Siete genes permiten la caracterizaci\u00f3n molecular del carcinoma papilar de tiroides"},"content":{"rendered":"<p class=\"mostrar_fragmento\">Un equipo de investigadores ha identificado un conjunto de siete genes que distingue con una precisi\u00f3n excepcional el carcinoma papilar de tiroides del tejido tiroideo normal. Aunque cada uno de estos genes por separado presenta una notable capacidad discriminativa, su combinaci\u00f3n aumenta considerablemente la precisi\u00f3n diagn\u00f3stica, que alcanz\u00f3 el 99% &#8230;            &#13;\n        <\/p>\n<p> &#13;<br \/>\n&#13;<\/p>\n<p>Un equipo de investigadores ha identificado un conjunto de siete genes que distingue con una precisi\u00f3n excepcional el <strong>carcinoma papilar de tiroides<\/strong> del tejido tiroideo normal. Aunque cada uno de estos genes por separado presenta una notable capacidad discriminativa, <strong>su combinaci\u00f3n aumenta considerablemente la precisi\u00f3n diagn\u00f3stica<\/strong>, que alcanz\u00f3 el 99% y el 93% en las cohortes de descubrimiento y validaci\u00f3n, respectivamente.<\/p>\n<p>Estos valores ponen de manifiesto la robustez de estos biomarcadores frente a variaciones t\u00e9cnicas y entre muestras de distinta procedencia, seg\u00fan afirma <strong>Burak Dagdelen<\/strong>, cient\u00edfico de la Universidad de Sel\u00e7uk y codirector del <a href=\"https:\/\/pubmed.ncbi.nlm.nih.gov\/42323761\/\" rel=\"nofollow noopener\" target=\"_blank\">estudio<\/a>. El investigador a\u00f1ade que la expresi\u00f3n de estos genes tambi\u00e9n permiti\u00f3 estratificar a los pacientes en funci\u00f3n del intervalo libre de enfermedad e <strong>identificar un grupo con alto riesgo de reca\u00edda temprana<\/strong>, si bien esta asociaci\u00f3n no se mantuvo tras el ajuste multivariable. No obstante, el an\u00e1lisis del microambiente tumoral en los distintos grupos de riesgo establecidos constat\u00f3 que los perfiles de peor pron\u00f3stico se asociaban con un entorno inmunitario distintivo. <\/p>\n<p>Dagdelen subraya la relevancia de los hallazgos y se\u00f1ala que existe una creciente necesidad de biomarcadores que complementen la <strong>citolog\u00eda por punci\u00f3n<\/strong>, especialmente en los casos indeterminados, en los que las decisiones cl\u00ednicas siguen siendo complejas y las pruebas comerciales resultan costosas o inaccesibles para algunos sistemas sanitarios. Aunque la aplicaci\u00f3n cl\u00ednica de estos biomarcadores a\u00fan requiere validaci\u00f3n adicional y estudios prospectivos, el cient\u00edfico considera que representan una herramienta prometedora para la caracterizaci\u00f3n molecular del carcinoma papilar de tiroides.<\/p>\n<p>&#13;<br \/>\n            SEGUIR LEYENDO&#13;\n        <\/p>\n","protected":false},"excerpt":{"rendered":"Un equipo de investigadores ha identificado un conjunto de siete genes que distingue con una precisi\u00f3n excepcional el&hellip;\n","protected":false},"author":2,"featured_media":661293,"comment_status":"","ping_status":"","sticky":false,"template":"","format":"standard","meta":{"footnotes":""},"categories":[92],"tags":[56464,8763,91598,33325,56,65329,32164,7291,37479,25,24,1076,1292,21058,3347,3363,165,8632,8400,1817,120731,19378,42885,34374,166,5294,23,22246,2075],"class_list":["post-661292","post","type-post","status-publish","format-standard","has-post-thumbnail","category-salud","tag-bases","tag-biomarcadores","tag-caracterizacion","tag-carcinoma","tag-datos","tag-definido","tag-desprende","tag-diagnostico","tag-elevado","tag-es","tag-espana","tag-estos","tag-estudio","tag-expresion","tag-genes","tag-genica","tag-health","tag-molecular","tag-ofrece","tag-pacientes","tag-papilar","tag-patron","tag-permiten","tag-realizado","tag-salud","tag-siete","tag-spain","tag-tiroides","tag-valor"],"share_on_mastodon":{"url":"https:\/\/pubeurope.com\/@es\/116930229524866129","error":""},"_links":{"self":[{"href":"https:\/\/www.europesays.com\/es\/wp-json\/wp\/v2\/posts\/661292","targetHints":{"allow":["GET"]}}],"collection":[{"href":"https:\/\/www.europesays.com\/es\/wp-json\/wp\/v2\/posts"}],"about":[{"href":"https:\/\/www.europesays.com\/es\/wp-json\/wp\/v2\/types\/post"}],"author":[{"embeddable":true,"href":"https:\/\/www.europesays.com\/es\/wp-json\/wp\/v2\/users\/2"}],"replies":[{"embeddable":true,"href":"https:\/\/www.europesays.com\/es\/wp-json\/wp\/v2\/comments?post=661292"}],"version-history":[{"count":0,"href":"https:\/\/www.europesays.com\/es\/wp-json\/wp\/v2\/posts\/661292\/revisions"}],"wp:featuredmedia":[{"embeddable":true,"href":"https:\/\/www.europesays.com\/es\/wp-json\/wp\/v2\/media\/661293"}],"wp:attachment":[{"href":"https:\/\/www.europesays.com\/es\/wp-json\/wp\/v2\/media?parent=661292"}],"wp:term":[{"taxonomy":"category","embeddable":true,"href":"https:\/\/www.europesays.com\/es\/wp-json\/wp\/v2\/categories?post=661292"},{"taxonomy":"post_tag","embeddable":true,"href":"https:\/\/www.europesays.com\/es\/wp-json\/wp\/v2\/tags?post=661292"}],"curies":[{"name":"wp","href":"https:\/\/api.w.org\/{rel}","templated":true}]}}