{"id":66131,"date":"2025-08-23T04:06:13","date_gmt":"2025-08-23T04:06:13","guid":{"rendered":"https:\/\/www.europesays.com\/es\/66131\/"},"modified":"2025-08-23T04:06:13","modified_gmt":"2025-08-23T04:06:13","slug":"maxima-de-holanda-disfruta-de-este-paraiso-del-egeo-tras-la-vuelta-a-amsterdam-del-rey-guillermo","status":"publish","type":"post","link":"https:\/\/www.europesays.com\/es\/66131\/","title":{"rendered":"M\u00e1xima de Holanda disfruta de este para\u00edso del Egeo tras la vuelta a Amsterdam del rey Guillermo"},"content":{"rendered":"<p id=\"eNQSFwQrq6\" data-wc=\"77\">El verano da sus \u00faltimos coletazos y las agendas reales comienzan a activarse. <a class=\"hm-link\" href=\"https:\/\/www.hola.com\/realeza\/casa_holanda\/20250821851384\/el-rey-guillermo-de-holanda-reaparece-por-sorpresa-con-la-princesa-mabel-y-su-sobrina-y-desata-una-nueva-incognita\/\" data-mrf-recirculation=\"article-body-link\" rel=\"nofollow noopener\" target=\"_blank\">El regreso de Guillermo de Holanda<\/a> por sorpresa a Pa\u00edses Bajos para participar en un evento n\u00e1utico parec\u00eda anticipar que los Orange ya estaban de vuelta, pero nada m\u00e1s lejos de la realidad. Mientras el Rey disfrutaba del Sail Amsterdam con la princesa Mabel y su sobrina, l<strong>a gran inc\u00f3gnita era d\u00f3nde se encontraba la reina M\u00e1xima y sus hijas<\/strong>. Pues bien, misterio resuelto.\u00a0<\/p>\n<p> <img src=\"https:\/\/www.europesays.com\/es\/wp-content\/uploads\/2025\/08\/0ffe4ceeb1b5-gettyimages-1361060459.jpg\"   width=\"759\" height=\"1024\" loading=\"lazy\" decoding=\"async\" alt=\"Media Image\" fetchpriority=\"auto\" class=\"image ho-image\"\/>\u00a9 Getty Images<\/p>\n<p id=\"enmT2-QOh_\" data-wc=\"95\">Unas fotograf\u00edas junto la princesa Arianne demuestran que sus vacaciones a\u00fan no han terminado. En las im\u00e1genes vemos a<strong>\u00a0M\u00e1xima de Holanda con su hija menor a bordo de un yate\u00a0<\/strong>surcando las aguas de la isla griega de Spetses, no muy lejos de Kranidi, donde la familia tiene una magn\u00edfica villa que adquirieron hace 13 a\u00f1os. No estaban solas mientras recorr\u00edan el Egeo, sino que las acompa\u00f1aba su perrito Mambo, un miembro m\u00e1s de la familia habitual de ciertos posados como el que hacen a principio del verano en el Palacio Huis Ten Bosch.<\/p>\n<p> <img src=\"https:\/\/www.europesays.com\/es\/wp-content\/uploads\/2025\/08\/c8d69fc6a2fc-gettyimages-1361259969.jpg\"   width=\"1024\" height=\"659\" loading=\"lazy\" decoding=\"async\" alt=\"Media Image\" fetchpriority=\"auto\" class=\"image ho-image\"\/>\u00a9 Getty Images<\/p>\n<p id=\"eDMqYBKTnb\" data-wc=\"100\">No es la primera imagen que ha trascendido de M\u00e1xima y sus hijas durante las vacaciones. El pasado 15 de agosto, coincidiendo con la festividad de la Asunci\u00f3n, la Reina y sus dos hijas peque\u00f1as <a class=\"hm-link\" href=\"https:\/\/www.hola.com\/realeza\/casa_holanda\/20250816850516\/reaparicion-esperada-maxima-holanda-lugar-cargado-espiritualidad-compania-hijas\/\" data-mrf-recirculation=\"article-body-link\" rel=\"nofollow noopener\" target=\"_blank\">protagonizaron una emotiva peregrinaci\u00f3n\u00a0<\/a>a la iglesia de Agios Nikolaos, en la misma isla de Spetses. La m\u00e1s meridional del golfo Sar\u00f3nico, es una de las islas favoritas de la familia real griega. Tanto es as\u00ed que el pr\u00edncipe Nicol\u00e1s de Grecia y Tatiana Blatnik celebraron all\u00ed su boda. Fue durante ese enlace cuando Guillermo y M\u00e1xima de Pa\u00edses Bajos se enamoraron de sus encantos. \u00a0<\/p>\n<p> <img src=\"https:\/\/www.europesays.com\/es\/wp-content\/uploads\/2025\/08\/6530d515111a-saveclipapp533522457184037552261160566903580462731277801n.jpg\"   width=\"1024\" height=\"1024\" loading=\"lazy\" decoding=\"async\" alt=\"Media Image\" fetchpriority=\"auto\" class=\"image ho-image\"\/>\u00a9 grigoriosnanakoudis<\/p>\n<p id=\"egiYdpu2I1\" data-wc=\"87\">Fue en 2012 cuando decidieron vender su residencia estival en Mozambique y comprar una lujosa villa en la localidad de Kranidi, en la pen\u00ednsula del Peloponeso. Se trata de una propiedad con 4.000 metros cuadrados de terreno que tendr\u00eda un valor de 5 millones de euros y est\u00e1 dotada de puerto privado y tres viviendas independientes. Desde entonces, <a class=\"hm-link\" href=\"https:\/\/www.hola.com\/realeza\/casa_holanda\/20250722845776\/reyes-guillermo-maxima-de-holanda-polemica-8-semanas-vacaciones-extranjero-grecia\/\" data-mrf-recirculation=\"article-body-link\" rel=\"nofollow noopener\" target=\"_blank\">la pol\u00e9mica siempre les ha acompa\u00f1ado<\/a>, ya que \u00a0el hecho de que su residencia de verano est\u00e9 tan lejos de su pa\u00eds genera cada a\u00f1o un intenso debate nacional.<\/p>\n<p id=\"ex4rUAbOPz\" data-wc=\"96\">\u00a0Su periodo de descanso siempre ha sido objeto de controversia, pero nunca tanto como en 2020, cuando acabaron pidiendo perd\u00f3n a los ciudadanos. El contexto lo es todo y nos encontr\u00e1bamos en plena pandemia de covid. En octubre de ese a\u00f1o, los reyes Guillermo y M\u00e1ximo estuvieron con sus hijas en su villa helena <a class=\"hm-link\" href=\"https:\/\/www.hola.com\/realeza\/casa_holanda\/20201021177687\/guillermo-maxima-holanda-perdon-viaje-grecia\/\" data-mrf-recirculation=\"article-body-link\" rel=\"nofollow noopener\" target=\"_blank\">salt\u00e1ndose el confinamiento parcial y las recomendaciones de no viajar al extranjero hechas por el Gobierno holand\u00e9s.<\/a> D\u00edas m\u00e1s tarde se vieron obligados a regresar y a mandar un v\u00eddeo en el que ped\u00edan disculpas y calificaban su desplazamiento de \u201cmuy imprudente\u201d.<\/p>\n","protected":false},"excerpt":{"rendered":"El verano da sus \u00faltimos coletazos y las agendas reales comienzan a activarse. El regreso de Guillermo de&hellip;\n","protected":false},"author":2,"featured_media":66132,"comment_status":"","ping_status":"","sticky":false,"template":"","format":"standard","meta":{"footnotes":""},"categories":[174],"tags":[255,146,147,25,24,256,23150,1027,23152,23],"class_list":{"0":"post-66131","1":"post","2":"type-post","3":"status-publish","4":"format-standard","5":"has-post-thumbnail","7":"category-famosos","8":"tag-celebrities","9":"tag-entertainment","10":"tag-entretenimiento","11":"tag-es","12":"tag-espana","13":"tag-famosos","14":"tag-maxima-de-holanda","15":"tag-realeza","16":"tag-realeza-holanda","17":"tag-spain"},"share_on_mastodon":{"url":"","error":""},"_links":{"self":[{"href":"https:\/\/www.europesays.com\/es\/wp-json\/wp\/v2\/posts\/66131","targetHints":{"allow":["GET"]}}],"collection":[{"href":"https:\/\/www.europesays.com\/es\/wp-json\/wp\/v2\/posts"}],"about":[{"href":"https:\/\/www.europesays.com\/es\/wp-json\/wp\/v2\/types\/post"}],"author":[{"embeddable":true,"href":"https:\/\/www.europesays.com\/es\/wp-json\/wp\/v2\/users\/2"}],"replies":[{"embeddable":true,"href":"https:\/\/www.europesays.com\/es\/wp-json\/wp\/v2\/comments?post=66131"}],"version-history":[{"count":0,"href":"https:\/\/www.europesays.com\/es\/wp-json\/wp\/v2\/posts\/66131\/revisions"}],"wp:featuredmedia":[{"embeddable":true,"href":"https:\/\/www.europesays.com\/es\/wp-json\/wp\/v2\/media\/66132"}],"wp:attachment":[{"href":"https:\/\/www.europesays.com\/es\/wp-json\/wp\/v2\/media?parent=66131"}],"wp:term":[{"taxonomy":"category","embeddable":true,"href":"https:\/\/www.europesays.com\/es\/wp-json\/wp\/v2\/categories?post=66131"},{"taxonomy":"post_tag","embeddable":true,"href":"https:\/\/www.europesays.com\/es\/wp-json\/wp\/v2\/tags?post=66131"}],"curies":[{"name":"wp","href":"https:\/\/api.w.org\/{rel}","templated":true}]}}