{"id":661319,"date":"2026-07-16T15:17:23","date_gmt":"2026-07-16T15:17:23","guid":{"rendered":"https:\/\/www.europesays.com\/es\/661319\/"},"modified":"2026-07-16T15:17:23","modified_gmt":"2026-07-16T15:17:23","slug":"el-brote-de-ebola-en-rd-congo-se-propaga-mas-rapido-que-los-precedentes-alerta-la-oms","status":"publish","type":"post","link":"https:\/\/www.europesays.com\/es\/661319\/","title":{"rendered":"El brote de \u00e9bola en RD Congo se propaga \u00abm\u00e1s r\u00e1pido\u00bb que los precedentes, alerta la OMS"},"content":{"rendered":"<p>    <img src=\"https:\/\/www.europesays.com\/es\/wp-content\/uploads\/2026\/07\/2026-07-16T143A483A52Z-91758003.jpg\" width=\"1024\" height=\"682\" alt=\"\" loading=\"eager\" decoding=\"sync\" fetchpriority=\"high\"\/><\/p>\n<p>            afp_tickers        <\/p>\n<p>        Este contenido fue publicado en    <\/p>\n<p>        16 julio 2026 &#8211; 16:48\n<\/p>\n<p>El brote de \u00e9bola declarado hace dos meses en la Rep\u00fablica Democr\u00e1tica del Congo (RDC) se propaga \u00abm\u00e1s r\u00e1pidamente que todas las epidemias anteriores\u00bb, alert\u00f3 el jueves el director general de la Organizaci\u00f3n Mundial de la Salud (OMS).\u00a0<\/p>\n<p>\u00abEs la tercera epidemia de \u00e9bola m\u00e1s importante jam\u00e1s registrada: en los \u00faltimos meses se ha propagado m\u00e1s r\u00e1pidamente que todas las epidemias anteriores\u00bb, declar\u00f3 a periodistas Tedros Adhanom Ghebreyesus.\u00a0<\/p>\n<p>\u00abHasta la fecha, se han notificado 2.003 casos, de los cuales 796 han sido mortales. A t\u00edtulo comparativo, la epidemia de \u00e9bola de 2018 [en la Rep\u00fablica Democr\u00e1tica del Congo] tard\u00f3 m\u00e1s de 10 meses en alcanzar los 2.000 casos confirmados\u00bb, explic\u00f3. Aquella epidemia, la m\u00e1s mort\u00edfera en el pa\u00eds, caus\u00f3 casi 2.300 muertos entre los 3.500 enfermos registrados entre 2018 y 2020.<\/p>\n<p>Tedros precis\u00f3 que la \u00abmayor preocupaci\u00f3n\u00bb actual de la OMS reside en la transmisi\u00f3n en la provincia de Ituri (noreste), foco de este brote, donde, seg\u00fan \u00e9l, \u00abm\u00e1s del 80% de los nuevos casos se detectan fuera de las listas de contactos conocidos\u00bb.<\/p>\n<p>No existe ni vacuna ni tratamiento contra la variante Bundibugyo, responsable del actual brote de \u00e9bola, pero la OMS inform\u00f3 que comenz\u00f3 este mes los ensayos cl\u00ednicos con dos tratamientos: el anticuerpo monoclonal MBP134 y el antiviral remdesivir, por separado o en combinaci\u00f3n.<\/p>\n<p>ag\/rjm\/erl\/pb\/pc\/an<\/p>\n","protected":false},"excerpt":{"rendered":"afp_tickers Este contenido fue publicado en 16 julio 2026 &#8211; 16:48 El brote de \u00e9bola declarado hace dos&hellip;\n","protected":false},"author":2,"featured_media":661320,"comment_status":"","ping_status":"","sticky":false,"template":"","format":"standard","meta":{"footnotes":""},"categories":[92],"tags":[58126,8543,58127,25,24,165,36617,166,23,90],"class_list":["post-661319","post","type-post","status-publish","format-standard","has-post-thumbnail","category-salud","tag-communicable-diseases","tag-disease","tag-epidemic-and-plague","tag-es","tag-espana","tag-health","tag-medical-conditions","tag-salud","tag-spain","tag-ticker"],"share_on_mastodon":{"url":"https:\/\/pubeurope.com\/@es\/116930324682107563","error":""},"_links":{"self":[{"href":"https:\/\/www.europesays.com\/es\/wp-json\/wp\/v2\/posts\/661319","targetHints":{"allow":["GET"]}}],"collection":[{"href":"https:\/\/www.europesays.com\/es\/wp-json\/wp\/v2\/posts"}],"about":[{"href":"https:\/\/www.europesays.com\/es\/wp-json\/wp\/v2\/types\/post"}],"author":[{"embeddable":true,"href":"https:\/\/www.europesays.com\/es\/wp-json\/wp\/v2\/users\/2"}],"replies":[{"embeddable":true,"href":"https:\/\/www.europesays.com\/es\/wp-json\/wp\/v2\/comments?post=661319"}],"version-history":[{"count":0,"href":"https:\/\/www.europesays.com\/es\/wp-json\/wp\/v2\/posts\/661319\/revisions"}],"wp:featuredmedia":[{"embeddable":true,"href":"https:\/\/www.europesays.com\/es\/wp-json\/wp\/v2\/media\/661320"}],"wp:attachment":[{"href":"https:\/\/www.europesays.com\/es\/wp-json\/wp\/v2\/media?parent=661319"}],"wp:term":[{"taxonomy":"category","embeddable":true,"href":"https:\/\/www.europesays.com\/es\/wp-json\/wp\/v2\/categories?post=661319"},{"taxonomy":"post_tag","embeddable":true,"href":"https:\/\/www.europesays.com\/es\/wp-json\/wp\/v2\/tags?post=661319"}],"curies":[{"name":"wp","href":"https:\/\/api.w.org\/{rel}","templated":true}]}}