{"id":661329,"date":"2026-07-16T15:22:19","date_gmt":"2026-07-16T15:22:19","guid":{"rendered":"https:\/\/www.europesays.com\/es\/661329\/"},"modified":"2026-07-16T15:22:19","modified_gmt":"2026-07-16T15:22:19","slug":"lucia-gonzalez-sera-la-nueva-directora-de-el-huffpost-comunicacion-y-medios","status":"publish","type":"post","link":"https:\/\/www.europesays.com\/es\/661329\/","title":{"rendered":"Luc\u00eda Gonz\u00e1lez ser\u00e1 la nueva directora de \u2018El HuffPost\u2019 | Comunicaci\u00f3n y Medios"},"content":{"rendered":"<p class=\"\"><a href=\"https:\/\/elpais.com\/autor\/lucia-gonzalez-gonzalez\/\" target=\"_self\" rel=\"nofollow noopener\" title=\"https:\/\/elpais.com\/autor\/lucia-gonzalez-gonzalez\/\">Luc\u00eda Gonz\u00e1lez,<\/a> hasta ahora al frente del Desarrollo de Audiencias y Estrategia Digital editorial de EL PA\u00cdS, ha sido nombrada directora de El HuffPost y se incorporar\u00e1 a la cabecera el 1 de septiembre. En esa misma fecha, <a href=\"https:\/\/elpais.com\/autor\/antonio-ruiz-valdivia\/\" target=\"_self\" rel=\"nofollow noopener\" title=\"https:\/\/elpais.com\/autor\/antonio-ruiz-valdivia\/\">Antonio Ruiz Valdivia <\/a>entrar\u00e1 como subdirector.<\/p>\n<p class=\"\">Gonz\u00e1lez (Avil\u00e9s, 1983) est\u00e1 especializada en el desarrollo y la estrategia digital de medios de comunicaci\u00f3n. Desde su experiencia, afirma: \u201cInternet transforma constantemente la forma en la que podemos hacer llegar el periodismo. Y lo hace a tal velocidad que es un reto para los medios adaptarnos a las posibilidades de contar cada tema. <a href=\"https:\/\/www.huffingtonpost.es\/\" target=\"_self\" rel=\"nofollow noopener\" title=\"https:\/\/www.huffingtonpost.es\/\">El HuffPost naci\u00f3 hace 14 a\u00f1os <\/a>con ese empe\u00f1o de informar, explicar la realidad y la vida digital y encontrar para cada historia la mejor narrativa y esa ser\u00e1 la base de esta nueva etapa\u201d. Define su proyecto como el de \u201cun medio con personalidad y mirada propia, que trabaje con rigor sin renunciar a las maravillas de internet ni al humor. Queremos fidelizar a nuestra comunidad de lectores por la forma de abordar la actualidad pol\u00edtica y social y por las preguntas que decidimos hacernos. Por la capacidad de sorprender y de generar conversaciones\u201d.<\/p>\n<p class=\"\">Licenciada en Periodismo por la Universidad Complutense y miembro de la junta de la <a href=\"https:\/\/www.apmadrid.es\/\" target=\"_self\" rel=\"nofollow noopener\" title=\"https:\/\/www.apmadrid.es\/\">Asociaci\u00f3n de la Prensa de Madrid<\/a>. Entr\u00f3 en el Grupo PRISA en 2012, como parte del equipo fundacional de El Huffpost en Espa\u00f1a. Durante la \u00faltima d\u00e9cada, ya en <a href=\"https:\/\/elpais.com\/\" target=\"_self\" rel=\"nofollow noopener\" title=\"https:\/\/elpais.com\/\">EL PA\u00cdS,<\/a> ha sido jefa de secci\u00f3n de Madrid, responsable de redes sociales y SEO y subdirectora de Estrategia Digital, departamento que ha liderado hasta ahora. Tambi\u00e9n coordin\u00f3 Verne, la web de cultura digital reconocida con el Premio Jos\u00e9 Manuel Porquet del Congreso de Periodismo de Huesca. Entre 2022 y 2024 fue subdirectora de La Vanguardia. Sus inicios profesionales pasaron por las agencias Fax Press y EFE y en la secci\u00f3n de \u00faltima hora de El Mundo.<\/p>\n<p class=\"\">Para Antonio Ruiz Valdivia (Almer\u00eda, 1983), el nuevo subdirector, \u201ces muy ilusionante volver a El HuffPost, un medio pionero en Espa\u00f1a. Un proyecto en el que se combina el m\u00e1ximo rigor period\u00edstico con los formatos m\u00e1s innovadores. Es un reto y un placer poder contar el pulso de la calle y el panorama pol\u00edtico y social que vivimos desde una perspectiva \u00fanica, al lado de un magn\u00edfico equipo de profesionales\u201d. <\/p>\n<p class=\"\">Ruiz Valdivia es licenciado en Periodismo por la Universidad Complutense de Madrid. Trabaj\u00f3 tambi\u00e9n en El HuffPost entre 2013 y 2022, como jefe de Pol\u00edtica. En los \u00faltimos cuatro a\u00f1os, ha sido corresponsal pol\u00edtico de InfoLibre y, previamente, pas\u00f3 por las redacciones de la Agencia EFE y RNE. Es colaborador en programas como Al rojo vivo y laSexta Xplica. Adem\u00e1s, ha colaborado en tertulias de la SER y TVE.<\/p>\n","protected":false},"excerpt":{"rendered":"Luc\u00eda Gonz\u00e1lez, hasta ahora al frente del Desarrollo de Audiencias y Estrategia Digital editorial de EL PA\u00cdS, ha&hellip;\n","protected":false},"author":2,"featured_media":661330,"comment_status":"","ping_status":"","sticky":false,"template":"","format":"standard","meta":{"footnotes":""},"categories":[8],"tags":[17,18,5262,17847,25,24,13,14,32694,32695,11,120733,19,20,120734,2164,9,10,15,16,2151,23,12,21,22],"class_list":["post-661329","post","type-post","status-publish","format-standard","has-post-thumbnail","category-espana","tag-breaking-news","tag-breakingnews","tag-comunicacion","tag-el-pais","tag-es","tag-espana","tag-featured-news","tag-featurednews","tag-grupo-comunicacion","tag-grupo-multimedia","tag-headlines","tag-huffington-post","tag-latest-news","tag-latestnews","tag-lucia-gonzalez","tag-medios-comunicacion","tag-news","tag-noticias","tag-noticias-destacadas","tag-noticiasdestacadas","tag-periodismo","tag-spain","tag-titulares","tag-ultimas-noticias","tag-ultimasnoticias"],"share_on_mastodon":{"url":"","error":""},"_links":{"self":[{"href":"https:\/\/www.europesays.com\/es\/wp-json\/wp\/v2\/posts\/661329","targetHints":{"allow":["GET"]}}],"collection":[{"href":"https:\/\/www.europesays.com\/es\/wp-json\/wp\/v2\/posts"}],"about":[{"href":"https:\/\/www.europesays.com\/es\/wp-json\/wp\/v2\/types\/post"}],"author":[{"embeddable":true,"href":"https:\/\/www.europesays.com\/es\/wp-json\/wp\/v2\/users\/2"}],"replies":[{"embeddable":true,"href":"https:\/\/www.europesays.com\/es\/wp-json\/wp\/v2\/comments?post=661329"}],"version-history":[{"count":0,"href":"https:\/\/www.europesays.com\/es\/wp-json\/wp\/v2\/posts\/661329\/revisions"}],"wp:featuredmedia":[{"embeddable":true,"href":"https:\/\/www.europesays.com\/es\/wp-json\/wp\/v2\/media\/661330"}],"wp:attachment":[{"href":"https:\/\/www.europesays.com\/es\/wp-json\/wp\/v2\/media?parent=661329"}],"wp:term":[{"taxonomy":"category","embeddable":true,"href":"https:\/\/www.europesays.com\/es\/wp-json\/wp\/v2\/categories?post=661329"},{"taxonomy":"post_tag","embeddable":true,"href":"https:\/\/www.europesays.com\/es\/wp-json\/wp\/v2\/tags?post=661329"}],"curies":[{"name":"wp","href":"https:\/\/api.w.org\/{rel}","templated":true}]}}