{"id":66139,"date":"2025-08-23T04:12:12","date_gmt":"2025-08-23T04:12:12","guid":{"rendered":"https:\/\/www.europesays.com\/es\/66139\/"},"modified":"2025-08-23T04:12:12","modified_gmt":"2025-08-23T04:12:12","slug":"marta-garcia-destroza-su-record-de-espana","status":"publish","type":"post","link":"https:\/\/www.europesays.com\/es\/66139\/","title":{"rendered":"Marta Garc\u00eda destroza su r\u00e9cord de Espa\u00f1a"},"content":{"rendered":"<p style=\"\">Es su a\u00f1o. Marta Garc\u00eda, la fondista leonesa que mejora carrera a carrera, est\u00e1 completando una <a href=\"https:\/\/www.abc.es\/deportes\/doctor-alejandro-mejuto-golpes-cabeza-caramelos-20250817165240-nt.html\" title=\"www.abc.es\" data-voc-vtm-id=\"in-text-traffic\" data-mrf-link=\"www.abc.es\" rel=\"nofollow noopener\" target=\"_blank\">temporada de alt\u00edsimo nivel.<\/a> En Bruselas corri\u00f3 con mucha inteligencia, conservadora al principio, siempre a m\u00e1s, y con la vista puesta en los 14:44.04 que pose\u00eda  &#8230; ella misma como r\u00e9cord de Espa\u00f1a desde el a\u00f1o pasado.<\/p>\n<p class=\"voc-p\" style=\"\">La pupila de <strong>Thomas Dreissigacker, de 27 a\u00f1os,<\/strong> llev\u00f3 a cabo una gran progresi\u00f3n en las dos \u00faltimas vueltas, avanz\u00f3 desde la cola del grupo y entr\u00f3 en meta en quinta posici\u00f3n. Su crono fue extraordinario: 14:33.40, una marca que destrozaba su r\u00e9cord nacional. Garc\u00eda, que reside en Saint Moritz, confirma as\u00ed su excelente estado de forma de cara a los Mundiales de Tokio. \u00abHa sido un momento precioso. Agradezco que nos hayan puesto una liebre para el segundo grupo y eso me ha facilitado el r\u00e9cord\u00bb. La prueba la gan\u00f3 la keniana Ngetich, que sali\u00f3 a un ritmo suicida y acab\u00f3 pag\u00e1ndolo. Detuvo el crono en 14:24.99. <\/p>\n<p class=\"voc-p\" style=\"\"><strong>En los 100 metros hab\u00eda mucho inter\u00e9s en ver a la leyenda jamaicana Fraser-Pryce, 10 veces campeona del mundo.<\/strong> A sus 38 a\u00f1os, se clasific\u00f3 cuarta con 11.17. La victoria, espectacular, fue para la gran dominadora de la velocidad este a\u00f1o, la estadounidense Melissa Jefferson-Wooden, que detuvo el cron\u00f3metro en 10.76. Lo espectacular, m\u00e1s que el crono, fue la brutal diferencia que impuso sobre sus rivales. Richardson, segunda, lleg\u00f3 casi cuatro metros detr\u00e1s.<\/p>\n<p class=\"voc-p\" style=\"\">Esther Guerrero y Marta P\u00e9rez protagonizaron su en\u00e9simo duelo en los 1.500 metros. Ya emulan aquellas m\u00edticas confrontaciones entre Jos\u00e9 Luis Gonz\u00e1lez y Abascal en los a\u00f1os ochenta. Espa\u00f1a vuelve a contar con dos mediofondistas en la \u00e9lite mundial.<\/p>\n<p class=\"voc-p\" style=\"\">P\u00e9rez y Guerrero salieron con precauci\u00f3n y fueron ganando puestos a medida que avanzaba la prueba. Marta atac\u00f3 con fuerza al inicio de la \u00faltima vuelta y se separ\u00f3 de Guerrero. El r\u00e9cord de Espa\u00f1a (3:57.75 en poder de P\u00e9rez) parec\u00eda posible. En la recta final, Marta pag\u00f3 ese esfuerzo y vio c\u00f3mo la de Ba\u00f1olas se le acercaba. Venci\u00f3 la estadounidense Hiltz con 3:55.94. Las espa\u00f1olas cumplieron a un excelente nivel: 3:59.13 para la soriana y 3:59.45 para Guerrero, que mejoraba por tres d\u00e9cimas su r\u00e9cord personal. <strong>Las dos contin\u00faan en muy buena forma y las perspectivas de cara a los Mundiales<\/strong> son excelentes.<\/p>\n<p class=\"voc-p\" style=\"\">La cuadrag\u00e9simo novena <strong>edici\u00f3n del Memorial Van Damme, <\/strong>que se disputa en recuerdo del gran mediofondista belga de la d\u00e9cada de los setenta, presenci\u00f3 otra buena carrera de Dani Arce. El burgal\u00e9s, valiente en la \u00faltima vuelta, termin\u00f3 sexto con un buen registro (8:12.77). <\/p>\n<p class=\"voc-p\" style=\"\">Asimismo, la reuni\u00f3n atl\u00e9tica bruselense dej\u00f3 constancia una vez m\u00e1s de la tremenda clase del Niels Laros, que gan\u00f3 los 1.500 metros en 3:30.58 y brill\u00f3 en los \u00faltimos metros superando al keniano Koech. A sus 20 a\u00f1os, el neerland\u00e9s est\u00e1 demostrando durante todo el verano que su sprint final es impresionante. Sus declaraciones en la meta fueron llamativas. \u00abEs muy diferente competir cuando no corre Ingebrigtsen. Las carreras se vuelven mucho m\u00e1s t\u00e1cticas cuando no est\u00e1\u00bb.<\/p>\n","protected":false},"excerpt":{"rendered":"Es su a\u00f1o. Marta Garc\u00eda, la fondista leonesa que mejora carrera a carrera, est\u00e1 completando una temporada de&hellip;\n","protected":false},"author":2,"featured_media":66140,"comment_status":"","ping_status":"","sticky":false,"template":"","format":"standard","meta":{"footnotes":""},"categories":[93],"tags":[4927,2317,168,26864,25,24,1211,12363,915,813,26863,26862,16247,23,167],"class_list":{"0":"post-66139","1":"post","2":"type-post","3":"status-publish","4":"format-standard","5":"has-post-thumbnail","7":"category-deportes","8":"tag-4927","9":"tag-bruselas","10":"tag-deportes","11":"tag-diamond","12":"tag-es","13":"tag-espana","14":"tag-league","15":"tag-leonesa","16":"tag-metros","17":"tag-nacional","18":"tag-plusmarca","19":"tag-rebaja","20":"tag-segundos","21":"tag-spain","22":"tag-sports"},"share_on_mastodon":{"url":"","error":""},"_links":{"self":[{"href":"https:\/\/www.europesays.com\/es\/wp-json\/wp\/v2\/posts\/66139","targetHints":{"allow":["GET"]}}],"collection":[{"href":"https:\/\/www.europesays.com\/es\/wp-json\/wp\/v2\/posts"}],"about":[{"href":"https:\/\/www.europesays.com\/es\/wp-json\/wp\/v2\/types\/post"}],"author":[{"embeddable":true,"href":"https:\/\/www.europesays.com\/es\/wp-json\/wp\/v2\/users\/2"}],"replies":[{"embeddable":true,"href":"https:\/\/www.europesays.com\/es\/wp-json\/wp\/v2\/comments?post=66139"}],"version-history":[{"count":0,"href":"https:\/\/www.europesays.com\/es\/wp-json\/wp\/v2\/posts\/66139\/revisions"}],"wp:featuredmedia":[{"embeddable":true,"href":"https:\/\/www.europesays.com\/es\/wp-json\/wp\/v2\/media\/66140"}],"wp:attachment":[{"href":"https:\/\/www.europesays.com\/es\/wp-json\/wp\/v2\/media?parent=66139"}],"wp:term":[{"taxonomy":"category","embeddable":true,"href":"https:\/\/www.europesays.com\/es\/wp-json\/wp\/v2\/categories?post=66139"},{"taxonomy":"post_tag","embeddable":true,"href":"https:\/\/www.europesays.com\/es\/wp-json\/wp\/v2\/tags?post=66139"}],"curies":[{"name":"wp","href":"https:\/\/api.w.org\/{rel}","templated":true}]}}