{"id":661505,"date":"2026-07-16T17:34:10","date_gmt":"2026-07-16T17:34:10","guid":{"rendered":"https:\/\/www.europesays.com\/es\/661505\/"},"modified":"2026-07-16T17:34:10","modified_gmt":"2026-07-16T17:34:10","slug":"roban-la-escultura-de-homenaje-al-escritor-george-orwell-colocada-en-huesca-hace-dos-anos","status":"publish","type":"post","link":"https:\/\/www.europesays.com\/es\/661505\/","title":{"rendered":"Roban la escultura de homenaje al escritor George Orwell colocada en Huesca hace dos a\u00f1os"},"content":{"rendered":"<p class=\"c-paragraph\">La escultura de homenaje al escritor brit\u00e1nico George Orwell que se coloc\u00f3 en el parque Miguel Servet de Huesca hace poco m\u00e1s de dos a\u00f1os ha desaparecido. El robo se ha llevado a cabo <b>en la madrugada de este jueves<\/b>. El ladr\u00f3n o los ladrones se han llevado el bajorrelieve con un retrato de medio cuerpo realizado por el escultor Javier Sauras, pero han dejado la placa colocada debajo, donde se recoge su c\u00e9lebre frase <b>Si alguna vez vuelvo a Espa\u00f1a, prometo firmemente tomarme un caf\u00e9 en Huesca.\u00a0<\/b><\/p>\n<p class=\"c-paragraph\">El Ayuntamiento, propietario de la pieza, est\u00e1 pendiente de interponer la denuncia por el robo. En la zona donde se han producido los hechos no se han observado otros destrozos.\u00a0<\/p>\n<p class=\"c-paragraph\">La escultura de homenaje a Orwell fue promovida por la asociaci\u00f3n cultural Colectivo Ciudadano de Huesca y la Orwell Society, que impulsaron una campa\u00f1a de suscripci\u00f3n de <b>fondos para sufragar su coste.\u00a0<\/b><\/p>\n<p class=\"c-paragraph\"><b\/>Encargada a finales de 2023 tras el inicio del micromecenazgo, se inaugur\u00f3 el 19 de mayo de 2024. El acto cont\u00f3 con la presencia de Richard Blair, hijo de George Orwell (cuyo nombre real era Eric Arthur Blair) y de Quentin Kopp, presidente de\u00a0The Orwell Society. Su presupuesto fue de 25 000 euros, que se cubrieron ampliamente con las aportaciones. La escultura cost\u00f3 unos 8.000 euros y el excedente se utiliz\u00f3 para materiales explicativos y conmemorativos. A los bonos\/participaciones, que fueron de 10 euros, <b>se sumaron numerosas donaciones.\u00a0\u00a0<\/b><\/p>\n<p class=\"c-paragraph\">A los pies del monumento est\u00e1 enterrada <b>una c\u00e1psula del tiempo<\/b> con la relaci\u00f3n de mecenas, folletos conmemorativos, las matrices de los bonos, as\u00ed como el acta de la donaci\u00f3n firmada por Juan Faci, Quentin Kopp e Iv\u00e1n Rodr\u00edguez (concejal), peri\u00f3dicos del d\u00eda de Espa\u00f1a y Gran Breta\u00f1a, monedas de curso legal de ambos pa\u00edses y el libro Orosia (2015), de Mar\u00eda Pilar Calero.<\/p>\n","protected":false},"excerpt":{"rendered":"La escultura de homenaje al escritor brit\u00e1nico George Orwell que se coloc\u00f3 en el parque Miguel Servet de&hellip;\n","protected":false},"author":2,"featured_media":661506,"comment_status":"","ping_status":"","sticky":false,"template":"","format":"standard","meta":{"footnotes":""},"categories":[173],"tags":[229,233,231,230,232,234,146,147,25,5235,1246,24,4594,6552,7422,23],"class_list":["post-661505","post","type-post","status-publish","format-standard","has-post-thumbnail","category-arte-y-diseno","tag-arte","tag-arte-y-diseno","tag-arts","tag-arts-and-design","tag-design","tag-diseno","tag-entertainment","tag-entretenimiento","tag-es","tag-escritor","tag-escultura","tag-espana","tag-george","tag-homenaje","tag-roban","tag-spain"],"share_on_mastodon":{"url":"https:\/\/pubeurope.com\/@es\/116930862483422521","error":""},"_links":{"self":[{"href":"https:\/\/www.europesays.com\/es\/wp-json\/wp\/v2\/posts\/661505","targetHints":{"allow":["GET"]}}],"collection":[{"href":"https:\/\/www.europesays.com\/es\/wp-json\/wp\/v2\/posts"}],"about":[{"href":"https:\/\/www.europesays.com\/es\/wp-json\/wp\/v2\/types\/post"}],"author":[{"embeddable":true,"href":"https:\/\/www.europesays.com\/es\/wp-json\/wp\/v2\/users\/2"}],"replies":[{"embeddable":true,"href":"https:\/\/www.europesays.com\/es\/wp-json\/wp\/v2\/comments?post=661505"}],"version-history":[{"count":0,"href":"https:\/\/www.europesays.com\/es\/wp-json\/wp\/v2\/posts\/661505\/revisions"}],"wp:featuredmedia":[{"embeddable":true,"href":"https:\/\/www.europesays.com\/es\/wp-json\/wp\/v2\/media\/661506"}],"wp:attachment":[{"href":"https:\/\/www.europesays.com\/es\/wp-json\/wp\/v2\/media?parent=661505"}],"wp:term":[{"taxonomy":"category","embeddable":true,"href":"https:\/\/www.europesays.com\/es\/wp-json\/wp\/v2\/categories?post=661505"},{"taxonomy":"post_tag","embeddable":true,"href":"https:\/\/www.europesays.com\/es\/wp-json\/wp\/v2\/tags?post=661505"}],"curies":[{"name":"wp","href":"https:\/\/api.w.org\/{rel}","templated":true}]}}