{"id":661507,"date":"2026-07-16T17:36:38","date_gmt":"2026-07-16T17:36:38","guid":{"rendered":"https:\/\/www.europesays.com\/es\/661507\/"},"modified":"2026-07-16T17:36:38","modified_gmt":"2026-07-16T17:36:38","slug":"antena-3-lanza-las-primeras-imagenes-de-a-la-deriva-su-nueva-serie-con-paula-echevarria","status":"publish","type":"post","link":"https:\/\/www.europesays.com\/es\/661507\/","title":{"rendered":"Antena 3 lanza las primeras im\u00e1genes de &#8216;A la deriva&#8217;, su nueva serie con Paula Echevarr\u00eda"},"content":{"rendered":"<p class=\"article-text\">\n        <strong>Atresmedia <\/strong>otea su horizonte de nuevos estrenos con el lanzamiento de las primeras im\u00e1genes de<strong> A la deriva<\/strong>, serie protagonizada por <strong>Paula Echevarr\u00eda<\/strong> que llegar\u00e1 pr\u00f3ximamente a la plataforma <strong>Atresplayer <\/strong>y al prime time de <strong>Antena 3<\/strong>.\n    <\/p>\n<p>    <a href=\"https:\/\/www.eldiario.es\/vertele\/series\/5-series-premiadas-ver-gratis-rtve-play-vt_1_13371094.html\" data-mrf-recirculation=\"saber-mas\" data-dl-event=\"saber-mas\" rel=\"nofollow noopener\" target=\"_blank\"><\/p>\n<p class=\"know-more__title\">5 series premiadas que se pueden ver gratis en la plataforma RTVE Play<\/p>\n<p>            <img decoding=\"async\" class=\"lazy\" loading=\"lazy\" data-src=\"https:\/\/static.eldiario.es\/clip\/1dde1278-d706-4703-b476-2262e76c29be_16-9-aspect-ratio_default_0.jpg\" src=\"data:image\/svg+xml,%3Csvg xmlns=\" http:=\"\" viewbox=\"0 0 880 495\" alt=\"5 series premiadas que se pueden ver gratis en la plataforma RTVE Play\"\/><\/p>\n<p>                        <\/a><\/p>\n<p class=\"article-text\">\n        El grupo de comunicaci\u00f3n, que <a href=\"https:\/\/www.eldiario.es\/vertele\/series\/primera-imagen-paula-echevarria-regreso-ficcion-antena-3-velvet-deriva-arranca-rodaje_1_12795841.html\" target=\"_blank\" data-mrf-recirculation=\"links-noticia\" class=\"link\" rel=\"nofollow noopener\">ya anunci\u00f3 este proyecto<\/a> como una de sus grandes producciones de ficci\u00f3n para la temporada 2026-2027, ha presentado un primer vistazo una vez concluido su rodaje. <strong>Daniel Grao y Michel Noher <\/strong>lideran el reparto junto a la mencionada Echevarr\u00eda, que vuelve a encabezar una serie de Atresmedia tras Velvet.\n    <\/p>\n<p class=\"article-text\">\n        A la deriva es un drama ambientado en los a\u00f1os 70 que comienza con el regreso inesperado de unos marineros a los que sus familias daban por fallecidos en un naufragio. <strong>Paula Echevarr\u00eda <\/strong>da vida a <strong>Luc\u00eda<\/strong>, una mujer que, tras la desaparici\u00f3n de su pareja, logra reconstruir su vida y encontrar el amor en <strong>Trist\u00e1n<\/strong>, interpretado por <strong>Michel Noher<\/strong>. Sin embargo, todo cambia con el regreso de H\u00e9ctor, a quien da vida <strong>Daniel Grao<\/strong>, el marido al que cre\u00eda muerto.\n    <\/p>\n<p class=\"article-text\">\n        Adelfa Calvo, Lola Casamayor, Natalia Huarte, Luc\u00eda Guerrero, Silvia Alonso, Roberto Enr\u00edquez, Amparo Fern\u00e1ndez, David Castillo, Lloren\u00e7 Gonz\u00e1lez y Albert Bar\u00f3, entre otros, completan el reparto de la ficci\u00f3n, que cuenta con <strong>10 episodios de 50 minutos<\/strong> grabados entre Canarias y Madrid de la mano de Boomerang TV junto a Buend\u00eda Estudios Canarias.\n    <\/p>\n<p>            <img decoding=\"async\" class=\"lazy\" loading=\"lazy\" data-src=\"https:\/\/static.eldiario.es\/clip\/5c4f6081-2358-42fb-bfb9-9a7b99ff19d1_16-9-aspect-ratio_default_1147563.jpg\" src=\"data:image\/svg+xml,%3Csvg xmlns=\" http:=\"\" viewbox=\"0 0 1915 1077\" alt=\"'A la deriva'\"\/><\/p>\n<p>    <strong>Sinopsis de &#8216;A la deriva&#8217;<\/strong><\/p>\n<p class=\"article-text\">\n        1970. Bastuel es un humilde pueblo pesquero donde naufrag\u00f3 el barco que patroneaba H\u00e9ctor Parrado y en el que faenaban varios hombres del lugar. No se encontr\u00f3 a ning\u00fan miembro de la tripulaci\u00f3n y casi todas las familias de la localidad se vieron afectadas por la tragedia: madres que perdieron a sus hijos, ni\u00f1os que perdieron a sus padres y, sobre todo, mujeres que, de un d\u00eda para otro, se encontraron sin marido y sin poder ser reconocidas como viudas. Un extra\u00f1o limbo legal. Luc\u00eda, esposa de H\u00e9ctor, Maca, Rosa, Berta y Paloma son alguna de esas mujeres. Todas ellas se unieron en el dolor de la p\u00e9rdida y encontraron juntas la energ\u00eda para no rendirse, forjando una s\u00f3lida amistad.\n    <\/p>\n<p class=\"article-text\">\n        Dos a\u00f1os m\u00e1s tarde, la repentina aparici\u00f3n de cinco de los pescadores desaparecidos supone una nueva conmoci\u00f3n. La perplejidad se mezcla con la euforia y \u201clos resucitados\u201d son recibidos como h\u00e9roes. Pero ese regreso no solo traer\u00e1 alegr\u00eda a las mujeres sino tambi\u00e9n conflictos y secretos que cre\u00edan enterrados.\n    <\/p>\n<p>    <strong>Primeras im\u00e1genes de la serie<\/strong><\/p>\n<p>            <img decoding=\"async\" class=\"lazy\" loading=\"lazy\" data-src=\"https:\/\/static.eldiario.es\/clip\/ad6daf60-3f94-4fbe-a8f0-aae9f8fcb813_16-9-aspect-ratio_default_1147564.jpg\" src=\"data:image\/svg+xml,%3Csvg xmlns=\" http:=\"\" viewbox=\"0 0 1918 1079\" alt=\"'A la deriva'\"\/><\/p>\n<p>            <img decoding=\"async\" class=\"lazy\" loading=\"lazy\" data-src=\"https:\/\/static.eldiario.es\/clip\/c1192b27-e74f-4e7c-bf6d-44fb53a1c4fb_16-9-aspect-ratio_default_1147565.jpg\" src=\"data:image\/svg+xml,%3Csvg xmlns=\" http:=\"\" viewbox=\"0 0 1885 1060\" alt=\"'A la deriva'\"\/><\/p>\n<p>            <img decoding=\"async\" class=\"lazy\" loading=\"lazy\" data-src=\"https:\/\/static.eldiario.es\/clip\/ddd3a99f-6b9f-4ac6-8f79-4bbdc9dab239_16-9-aspect-ratio_default_1147566.jpg\" src=\"data:image\/svg+xml,%3Csvg xmlns=\" http:=\"\" viewbox=\"0 0 1903 1070\" alt=\"'A la deriva'\"\/><\/p>\n<p>            <img decoding=\"async\" class=\"lazy\" loading=\"lazy\" data-src=\"https:\/\/static.eldiario.es\/clip\/8ca6afbb-5a15-4e55-b1a8-4db8d28bfada_16-9-aspect-ratio_default_1147567.jpg\" src=\"data:image\/svg+xml,%3Csvg xmlns=\" http:=\"\" viewbox=\"0 0 1906 1072\" alt=\"'A la deriva'\"\/><\/p>\n<p class=\"article-text\">\n        <strong>Montse Garc\u00eda<\/strong> es la directora de Ficci\u00f3n de Atresmedia y<strong> Luis Santamar\u00eda <\/strong>es el productor ejecutivo de esta serie escrita por <strong>Susana L\u00f3pez Rubio, Javier Holgado y Juan Beiro,<\/strong> y dirigida por<strong> Humberto Mir\u00f3 y Menna Fit\u00e9.<\/strong>\n    <\/p>\n<p class=\"article-text\">\n        <strong>Luc\u00eda Alonso y Humberto Mir\u00f3<\/strong> firman la coproducci\u00f3n ejecutiva, <strong>Diego del Pozo<\/strong> es responsable de Contenidos de Atresmedia y <strong>Daniel del Casar <\/strong>es analista de Guion. Al frente de la direcci\u00f3n de Casting est\u00e1 <strong>Juan Le\u00f3n <\/strong>y de la direcci\u00f3n de Producci\u00f3n, <strong>Diego Polo<\/strong>. <strong>Antonio Gonz\u00e1lez<\/strong> es el director de Fotograf\u00eda, <strong>Paco Redondo<\/strong>, el director art\u00edstico y <strong>Gualter de S\u00e1 <\/strong>el figurinista. La jefa de Maquillaje es <strong>Eva Mart\u00ednez <\/strong>y la de Peluquer\u00eda<strong> Raquel Mart\u00ednez. \u00d3scar Paniagua <\/strong>se encarga del Sonido y <strong>Noelia N\u00fa\u00f1ez<\/strong> de las localizaciones.\n    <\/p>\n<p>    Los pr\u00f3ximos estrenos de Atresplayer<\/p>\n<p class=\"article-text\">\n        M\u00e1s all\u00e1 de este t\u00edtulo dise\u00f1ado para el prime time de <strong>Antena 3<\/strong>, <strong>Atresplayer <\/strong>tiene en marcha una bater\u00eda de estrenos que llegar\u00e1n en los pr\u00f3ximos meses a su cat\u00e1logo. La plataforma de Atresmedia acaba de cerrar la temporada con<strong> r\u00e9cord de 760.000 suscriptores<\/strong>, seg\u00fan sus propios datos, y 24 millones de espectadores a lo largo del curso.\n    <\/p>\n<p class=\"article-text\">\n        Este curso, Atresplayer ha dado cabida a todo tipo de g\u00e9neros de ficci\u00f3n para hacer m\u00e1s grande su cat\u00e1logo y ha estrenado t\u00edtulos como <strong>Mar Afuera, La Ruta: Vol. 2: Ibiza, La Nena, Rafaela y su loco mundo, Entre tierras 2, Las hijas de la criada, Los Protegidos: Un nuevo poder, 33 d\u00edas <\/strong><strong>o<\/strong><strong> \u00c1gata y Lola<\/strong>, que se ha sumado este mismo domingo. Adem\u00e1s, ha vuelto a dar espacio al entretenimiento original con la quinta temporada de <strong>Drag Race Espa\u00f1a<\/strong><strong>.<\/strong>\n    <\/p>\n<p>    <a href=\"https:\/\/www.eldiario.es\/vertele\/series\/tip-toe-nueva-serie-russell-t-davies-hbo-max-convierte-vecinos-enemigos-15-anos-amistad-vt_1_13381098.html\" data-mrf-recirculation=\"saber-mas-abajo\" data-dl-event=\"saber-mas-abajo\" rel=\"nofollow noopener\" target=\"_blank\"><\/p>\n<p class=\"know-more__title\">&#8216;Tip Toe&#8217;, la nueva serie de Russell T. Davies para HBO Max, convierte a dos vecinos en enemigos tras 15 a\u00f1os de amistad\n<\/p>\n<p>            <img decoding=\"async\" class=\"lazy\" loading=\"lazy\" data-src=\"https:\/\/static.eldiario.es\/clip\/019d076f-fcc7-4a19-b987-772d69a9a915_16-9-aspect-ratio_default_0.jpg\" src=\"data:image\/svg+xml,%3Csvg xmlns=\" http:=\"\" viewbox=\"0 0 880 495\" alt=\"'Tip Toe', la nueva serie de Russell T. Davies para HBO Max, convierte a dos vecinos en enemigos tras 15 a\u00f1os de amistad\"\/><\/p>\n<p>                        <\/a><\/p>\n<p class=\"article-text\">\n        Para la pr\u00f3xima temporada, la plataforma de Atresmedia lanzar\u00e1 las continuaciones de<strong> FoQ: La nueva generac\u00f3n, \u00bfA qu\u00e9 est\u00e1s esperando? <\/strong>y <strong>Perdiendo el juicio<\/strong>, adem\u00e1s de nuevos t\u00edtulos como <strong>Las Vecinas, Trazos ocultos, Sira, Mi querida Luc\u00eda, Crimen en Espa\u00f1a<\/strong> o la mencionada <strong>A la deriva<\/strong>. En el terreno del entretenimiento destacan <strong>Drag Race Espa\u00f1a 6, Drag Race Espa\u00f1a All Stars 2 <\/strong>o la serie documental <strong>Los hombres equivocados<\/strong>.\n    <\/p>\n","protected":false},"excerpt":{"rendered":"Atresmedia otea su horizonte de nuevos estrenos con el lanzamiento de las primeras im\u00e1genes de A la deriva,&hellip;\n","protected":false},"author":2,"featured_media":661508,"comment_status":"","ping_status":"","sticky":false,"template":"","format":"standard","meta":{"footnotes":""},"categories":[171],"tags":[1554,9692,13296,23388,146,147,25,24,1641,2629,795,8464,1640,156,23,214],"class_list":["post-661507","post","type-post","status-publish","format-standard","has-post-thumbnail","category-tv","tag-1554","tag-antena","tag-deriva","tag-echevarria","tag-entertainment","tag-entretenimiento","tag-es","tag-espana","tag-imagenes","tag-lanza","tag-nueva","tag-paula","tag-primeras","tag-serie","tag-spain","tag-tv"],"share_on_mastodon":{"url":"https:\/\/pubeurope.com\/@es\/116930870275918310","error":""},"_links":{"self":[{"href":"https:\/\/www.europesays.com\/es\/wp-json\/wp\/v2\/posts\/661507","targetHints":{"allow":["GET"]}}],"collection":[{"href":"https:\/\/www.europesays.com\/es\/wp-json\/wp\/v2\/posts"}],"about":[{"href":"https:\/\/www.europesays.com\/es\/wp-json\/wp\/v2\/types\/post"}],"author":[{"embeddable":true,"href":"https:\/\/www.europesays.com\/es\/wp-json\/wp\/v2\/users\/2"}],"replies":[{"embeddable":true,"href":"https:\/\/www.europesays.com\/es\/wp-json\/wp\/v2\/comments?post=661507"}],"version-history":[{"count":0,"href":"https:\/\/www.europesays.com\/es\/wp-json\/wp\/v2\/posts\/661507\/revisions"}],"wp:featuredmedia":[{"embeddable":true,"href":"https:\/\/www.europesays.com\/es\/wp-json\/wp\/v2\/media\/661508"}],"wp:attachment":[{"href":"https:\/\/www.europesays.com\/es\/wp-json\/wp\/v2\/media?parent=661507"}],"wp:term":[{"taxonomy":"category","embeddable":true,"href":"https:\/\/www.europesays.com\/es\/wp-json\/wp\/v2\/categories?post=661507"},{"taxonomy":"post_tag","embeddable":true,"href":"https:\/\/www.europesays.com\/es\/wp-json\/wp\/v2\/tags?post=661507"}],"curies":[{"name":"wp","href":"https:\/\/api.w.org\/{rel}","templated":true}]}}