{"id":66153,"date":"2025-08-23T04:21:08","date_gmt":"2025-08-23T04:21:08","guid":{"rendered":"https:\/\/www.europesays.com\/es\/66153\/"},"modified":"2025-08-23T04:21:08","modified_gmt":"2025-08-23T04:21:08","slug":"nunca-he-sido-temerario-ni-he-salido-a-la-plaza-para-que-me-coja-el-toro","status":"publish","type":"post","link":"https:\/\/www.europesays.com\/es\/66153\/","title":{"rendered":"\u00abNunca he sido temerario ni he salido a la plaza para que me coja el toro\u00bb"},"content":{"rendered":"<p>\u00abDame agua\u00bb, se escucha al otro lado del tel\u00e9fono a uno de los hijos de Sa\u00fal J. Fortes (M\u00e1laga, 1990), que regresa a Bilbao,  &#8230; donde tom\u00f3 la alternativa hace 14 a\u00f1os. \u00abVoy con la familia en coche\u00bb, se disculpa el hijo del banderillero Gaspar Jim\u00e9nez y de Mari Fortes, novillera, ganadera y empresaria taurina.<\/p>\n<p class=\"v-p\"><strong>&#8211; \u00bfLlega en el mejor momento de su carrera?<\/strong><\/p>\n<p class=\"v-p\">&#8211; Llego en un momento de madurez y disfrutando de una buena temporada. Soy feliz toreando con tanta regularidad. Despierto gran expectaci\u00f3n. <\/p>\n<p class=\"v-p\"><strong>&#8211; \u00bfEl \u00e9xito madrile\u00f1o le est\u00e1 abriendo muchas puertas?<\/strong><\/p>\n<p class=\"v-p\">&#8211; Ha supuesto un impulso muy grande. Las Ventas y San Isidro son el epicentro del toreo. Fue un triunfo resonante, aunque sin orejas. Fue una tarde que impact\u00f3 y marc\u00f3 mucho. Los empresarios se hacen eco de lo que el p\u00fablico demanda y, evidentemente, te abre la posibilidad de entrar en todas las ferias.<\/p>\n<p class=\"v-p\"><strong>&#8211; \u00bfAchaca el \u00e9xito a la madurez?<\/strong><\/p>\n<p class=\"v-p\">&#8211; Creo que ha sido el fruto de una vida entera dedicada al toreo, comprometido con mi profesi\u00f3n, con mi entrenamiento, con la mejora continua cada d\u00eda, de cada peque\u00f1o detalle. Y de buscar el mayor conocimiento del toro, con un nuevo estilo de expresi\u00f3n art\u00edstica. <\/p>\n<p class=\"v-p\"><strong>&#8211; \u00bfAntes era demasiado temerario?<\/strong><\/p>\n<p class=\"v-p\">&#8211; No, era un torero con una entrega brutal y un compromiso muy grande que buscaba el triunfo, pero con mucha menos t\u00e9cnica de la necesaria. Asum\u00eda un riesgo grande, consciente, pero tanto como temerario no. Mi concepto del toreo es invariable.<\/p>\n<p class=\"v-p\"><strong>&#8211; \u00bfQu\u00e9 no cambia?<\/strong><\/p>\n<p class=\"v-p\">&#8211; El toro tiene que tener cierta ventaja. No he salido nunca a la plaza para que el toro me coja. No buscaba la temeridad y la \u00e9pica como \u00fanico resultado.<\/p>\n<p class=\"v-p\"><strong>&#8211; \u00bfQu\u00e9 espera en Bilbao?<\/strong><\/p>\n<p class=\"v-p\">&#8211; Es una plaza que me ilusiona. No solo porque tom\u00e9 la alternativa. He vivido tardes de gran entrega e intensidad, pero me faltan muchas cosas.<\/p>\n<p class=\"v-p\"><strong>&#8211; \u00bfPor ejemplo?<\/strong><\/p>\n<p class=\"v-p\">&#8211; Abrir esta puerta grande, lograr ese gran triunfo, poder cuajar, en definitiva, un gran toro lidiando a gusto y con el toreo que siento. Bilbao siempre ha marcado mi carrera. Cuenta con un p\u00fablico paciente que sabe esperar.<\/p>\n<p class=\"v-p\"><strong>&#8211; No deja de ser curioso que se descuelgue en la temporada en que Morante est\u00e1 acaparando casi todos los focos.<\/strong><\/p>\n<p class=\"v-p\">&#8211; Es un orgullo porque estamos viviendo algo absolutamente hist\u00f3rico. La temporada de Morante es apabullante. Y me felicito de ser uno de los nombres que le est\u00e1 acompa\u00f1ando.<\/p>\n<p class=\"v-p\"><strong>&#8211; 2015 fue un a\u00f1o tr\u00e1gico con dos cornadas en las que estuvo a punto de perder la vida. \u00bfLe dejaron huella?<\/strong><\/p>\n<p class=\"v-p\">&#8211; No, simplemente, me ha hecho aprender, evolucionar. Soy mejor profesional y mejor persona. Valoro las cosas de otra manera. Cuando uno tiene una experiencia cercana a la muerte. con 25 a\u00f1os&#8230; \u00a1Yo lo he vivido como un regalo!<\/p>\n<p class=\"v-p\"><strong>&#8211; \u00bfUn regalo?<\/strong><\/p>\n<p class=\"v-p\">&#8211; Todos estos a\u00f1os que uno contin\u00faa aqu\u00ed los vives como un regalo. Cambian las prioridades, incluso la forma de torear. <\/p>\n<p class=\"v-p\"><strong>&#8211; \u00bfC\u00f3mo?<\/strong><\/p>\n<p class=\"v-p\">&#8211; Empec\u00e9 a buscar el toreo que sent\u00eda m\u00e1s que el toreo con el que quer\u00eda triunfar.<\/p>\n<p class=\"v-p\"><strong>&#8211; \u00bfQu\u00e9 le aport\u00f3 la experiencia del Camino de Santiago?<\/strong><\/p>\n<p class=\"v-p\">&#8211; Era una manera de aclarar mi camino y saber si quer\u00eda continuar toreando o no. <\/p>\n<p class=\"v-p\"><strong>&#8211; \u00bfSe plante\u00f3 la retirada?<\/strong><\/p>\n<p class=\"v-p\">&#8211; Deseaba saber si quer\u00eda seguir toreando porque de verdad quer\u00eda o porque era una manera de no tirar la toalla y tampoco venirme abajo. Estaba en ese momento en el que no sab\u00eda qu\u00e9 camino deseaba seguir.<\/p>\n<p class=\"v-p\"><strong>&#8211; Despu\u00e9s del temporad\u00f3n que se est\u00e1 marcando, \u00bfcu\u00e1les son sus pr\u00f3ximas metas?<\/strong><\/p>\n<p class=\"v-p\">&#8211; Me quedan muchos puertos de monta\u00f1a todav\u00eda. Tras M\u00e1laga, tocan Madrid y Bilbao, que son las que m\u00e1s me ilusionan. Mantengo cada vez m\u00e1s vivo ese v\u00ednculo especial con Bilbao.<\/p>\n<p class=\"v-p\"><strong>&#8211; \u00bfPor qu\u00e9?<\/strong><\/p>\n<p class=\"v-p\">&#8211; Pude tomar la alternativa en cualquier lugar, pero fue aqu\u00ed. Hac\u00eda casi 40 o 50 a\u00f1os que ning\u00fan torero no local tomaba la alternativa en Vista Alegre. Otras muchas veces he venido a ver toros a Bilbao de paisano.<\/p>\n<p class=\"v-p\"><strong>&#8211; \u00bfDe paisano?<\/strong><\/p>\n<p class=\"v-p\">&#8211; En 2019 no pude torear por una lesi\u00f3n en el tobillo y saqu\u00e9 a hombros a Paco Ure\u00f1a. No es tan frecuente sacar un torero a otro. Y lo de este a\u00f1o ya ha sido&#8230;<\/p>\n<p class=\"v-p\"><strong>&#8211; \u00bfQu\u00e9 ha pasado?<\/strong><\/p>\n<p class=\"v-p\">&#8211; Siento que se me espera. Este a\u00f1o al reducirse tanto la feria y dejar tan pocos huecos y nombres, estar en cartel ya es un \u00e9xito y un orgullo. Ojal\u00e1 lo remate como se merece.<\/p>\n","protected":false},"excerpt":{"rendered":"\u00abDame agua\u00bb, se escucha al otro lado del tel\u00e9fono a uno de los hijos de Sa\u00fal J. Fortes&hellip;\n","protected":false},"author":2,"featured_media":66154,"comment_status":"","ping_status":"","sticky":false,"template":"","format":"standard","meta":{"footnotes":""},"categories":[277],"tags":[373,26869,168,25,24,1050,1386,26868,23,167,26867,374,913],"class_list":{"0":"post-66153","1":"post","2":"type-post","3":"status-publish","4":"format-standard","5":"has-post-thumbnail","7":"category-toreo","8":"tag-bullfighting","9":"tag-coja","10":"tag-deportes","11":"tag-es","12":"tag-espana","13":"tag-nunca","14":"tag-plaza","15":"tag-salido","16":"tag-spain","17":"tag-sports","18":"tag-temerario","19":"tag-toreo","20":"tag-toro"},"share_on_mastodon":{"url":"","error":""},"_links":{"self":[{"href":"https:\/\/www.europesays.com\/es\/wp-json\/wp\/v2\/posts\/66153","targetHints":{"allow":["GET"]}}],"collection":[{"href":"https:\/\/www.europesays.com\/es\/wp-json\/wp\/v2\/posts"}],"about":[{"href":"https:\/\/www.europesays.com\/es\/wp-json\/wp\/v2\/types\/post"}],"author":[{"embeddable":true,"href":"https:\/\/www.europesays.com\/es\/wp-json\/wp\/v2\/users\/2"}],"replies":[{"embeddable":true,"href":"https:\/\/www.europesays.com\/es\/wp-json\/wp\/v2\/comments?post=66153"}],"version-history":[{"count":0,"href":"https:\/\/www.europesays.com\/es\/wp-json\/wp\/v2\/posts\/66153\/revisions"}],"wp:featuredmedia":[{"embeddable":true,"href":"https:\/\/www.europesays.com\/es\/wp-json\/wp\/v2\/media\/66154"}],"wp:attachment":[{"href":"https:\/\/www.europesays.com\/es\/wp-json\/wp\/v2\/media?parent=66153"}],"wp:term":[{"taxonomy":"category","embeddable":true,"href":"https:\/\/www.europesays.com\/es\/wp-json\/wp\/v2\/categories?post=66153"},{"taxonomy":"post_tag","embeddable":true,"href":"https:\/\/www.europesays.com\/es\/wp-json\/wp\/v2\/tags?post=66153"}],"curies":[{"name":"wp","href":"https:\/\/api.w.org\/{rel}","templated":true}]}}