{"id":661535,"date":"2026-07-16T17:56:21","date_gmt":"2026-07-16T17:56:21","guid":{"rendered":"https:\/\/www.europesays.com\/es\/661535\/"},"modified":"2026-07-16T17:56:21","modified_gmt":"2026-07-16T17:56:21","slug":"la-familia-del-activista-propalestino-fergie-cox-chambers-y-200-colectivos-piden-a-espana-su-excarcelacion","status":"publish","type":"post","link":"https:\/\/www.europesays.com\/es\/661535\/","title":{"rendered":"La familia del activista propalestino Fergie Cox Chambers y 200 colectivos piden a Espa\u00f1a su excarcelaci\u00f3n"},"content":{"rendered":"<p class=\"article-text\">\n        La familia del activista propalestino James &#8216;Fergie&#8217; Cox Chambers, de nacionalidad estadounidense, hizo este jueves un llamamiento para que las autoridades espa\u00f1olas le liberen y denieguen su extradici\u00f3n a los EEUU, donde el Departamento de Justicia lo persigue por su supuesto apoyo econ\u00f3mico a Ham\u00e1s. Chambers, miembro de una acaudalada familia de empresarios de EEUU, fue detenido la semana pasada en Ibiza por agentes de la Comisar\u00eda General de Informaci\u00f3n y se le traslad\u00f3 a Madrid esta semana.\n    <\/p>\n<p>    <a href=\"https:\/\/www.eldiario.es\/politica\/detenido-ibiza-filantropo-estadounidense-pais-acusa-financiar-causa-palestina_1_13375611.html\" data-mrf-recirculation=\"saber-mas\" data-dl-event=\"saber-mas\" rel=\"nofollow noopener\" target=\"_blank\"><\/p>\n<p class=\"know-more__title\">Detenido en Ibiza un \u00abfil\u00e1ntropo\u00bb estadounidense al que la administraci\u00f3n Trump acusa de financiar la causa palestina<\/p>\n<p>            <img decoding=\"async\" class=\"lazy\" loading=\"lazy\" data-src=\"https:\/\/static.eldiario.es\/clip\/6da44b21-5939-4a5f-8a3f-586c846a2ec1_16-9-aspect-ratio_default_0_x1016y374.jpg\" src=\"data:image\/svg+xml,%3Csvg xmlns=\" http:=\"\" viewbox=\"0 0 880 495\" alt=\"Detenido en Ibiza un &quot;fil\u00e1ntropo&quot; estadounidense al que la administraci\u00f3n Trump acusa de financiar la causa palestina\"\/><\/p>\n<p>                        <\/a><\/p>\n<p class=\"article-text\">\n        En un comunicado difundido, la familia de Chambers sostiene que el activista \u201cha destinado el patrimonio familiar a donar m\u00e1s de un mill\u00f3n de d\u00f3lares a organizaciones humanitarias palestinas que proporcionan asistencia m\u00e9dica, atenci\u00f3n psiqui\u00e1trica, plantas desalinizadoras, panader\u00edas y otros recursos vitales a los palestinos de Gaza\u201d. El detenido est\u00e1 acusado por las autoridades estadounidenses de cargos de blanqueo de capitales y de presuntamente, intentar proporcionar apoyo financiero al terrorismo, algo que la familia achaca a \u201clos actuales esfuerzos de la administraci\u00f3n Trump por alinear a sus aliados y socios en una campa\u00f1a global contra los activistas de &#8216;extrema izquierda&#8217;\u201d.\n    <\/p>\n<p class=\"article-text\">\n        Una vez solicitada la extradici\u00f3n por parte de los EEUU, el Tribunal Supremo dispone de 40 d\u00edas para decidir si atiende esa reclamaci\u00f3n. Si el tribunal dice que no, el caso se cierra. Si dice que s\u00ed, el Consejo de Ministros tendr\u00eda la \u00faltima palabra. Por ello, varios partidos \u2014entre los cuales se cuentan IU, Podemos, Sumar, M\u00e1s Madrid, ERC, EH Bildu o BNG, as\u00ed como diputados de estas formaciones\u2014 han enviado una carta a los ministros de Justicia e Interior, F\u00e9lix Bola\u00f1os y Fernando Grande-Marlaska, respectivamente, para reclamar que no se conceda la extradici\u00f3n argumentando que \u201cla solidaridad con Palestina no constituye ning\u00fan delito\u201d y que \u201ctampoco puede equipararse, sin pruebas concretas e individualizadas de la financiaci\u00f3n de actos violentos, a la financiaci\u00f3n del terrorismo\u201d.\n    <\/p>\n<p class=\"article-text\">\n        Por su parte, en otro comunicado, 200 organizaciones tambi\u00e9n reclamaron la liberaci\u00f3n de Chambers asegurando que su extradici\u00f3n sentar\u00eda \u201cun precedente extremadamente peligroso\u201d. \u201cSer\u00eda el primer caso en el que una persona es reclamada desde Espa\u00f1a por Estados Unidos  por su apoyo a la causa palestina, abriendo la puerta a la persecuci\u00f3n internacional del movimiento de solidaridad con Palestina\u201d, ya que, \u201csi es extraditado a EEUU, hay riesgo fundado de que no sean respetados sus derechos y pueda sufrir condiciones de detenci\u00f3n que incluyan torturas y malos tratos como la reclusi\u00f3n prolongada en solitario\u201d.\n    <\/p>\n<p>    <a href=\"https:\/\/www.eldiario.es\/internacional\/marco-rubio-monta-reunion-66-paises-resurgimiento-internacional-terrorismo-politico-extrema-izquierda_1_13386157.html\" data-mrf-recirculation=\"saber-mas-abajo\" data-dl-event=\"saber-mas-abajo\" rel=\"nofollow noopener\" target=\"_blank\"><\/p>\n<p class=\"know-more__title\">Marco Rubio monta una reuni\u00f3n con 66 pa\u00edses contra el supuesto \u201cresurgimiento internacional del terrorismo de extrema izquierda\u201d<\/p>\n<p>            <img decoding=\"async\" class=\"lazy\" loading=\"lazy\" data-src=\"https:\/\/static.eldiario.es\/clip\/5fcbc7cb-789a-4fdb-a93b-a01af069a6b6_16-9-aspect-ratio_default_0_x1038y830.jpg\" src=\"data:image\/svg+xml,%3Csvg xmlns=\" http:=\"\" viewbox=\"0 0 880 495\" alt=\"Marco Rubio monta una reuni\u00f3n con 66 pa\u00edses contra el supuesto &quot;resurgimiento internacional del terrorismo de extrema izquierda&quot;\"\/><\/p>\n<p>                        <\/a><\/p>\n<p class=\"article-text\">\n        Chambers rompi\u00f3 con su familia a mediados de 2023 y recibi\u00f3 250 millones de d\u00f3lares que le correspond\u00edan de Cox Enterprises, un conglomorerado estadounidense con base en Atlanta dedicado a los medios de comunicaci\u00f3n, la industria de la automoci\u00f3n y las telecomunicaciones. La imputaci\u00f3n m\u00e1s grave a la que se enfrenta es la transferencia de fondos desde EEUU a T\u00fanez, pa\u00eds donde Chambers resid\u00eda, para patrocinar all\u00ed el Club Africain, actual campe\u00f3n nacional de f\u00fatbol de T\u00fanez. El detenido considera que es una acusaci\u00f3n \u201cfabricada\u201d de financiaci\u00f3n de la resistencia palestina, considerada terrorista por la administraci\u00f3n Trump.\n    <\/p>\n","protected":false},"excerpt":{"rendered":"La familia del activista propalestino James &#8216;Fergie&#8217; Cox Chambers, de nacionalidad estadounidense, hizo este jueves un llamamiento para&hellip;\n","protected":false},"author":2,"featured_media":661536,"comment_status":"","ping_status":"","sticky":false,"template":"","format":"standard","meta":{"footnotes":""},"categories":[174],"tags":[6815,7636,255,120771,29030,12185,115,146,147,25,24,120772,367,256,120770,48437,689,5747,35452,23],"class_list":["post-661535","post","type-post","status-publish","format-standard","has-post-thumbnail","category-famosos","tag-6815","tag-activista","tag-celebrities","tag-chambers","tag-colectivos","tag-cox","tag-eeuu","tag-entertainment","tag-entretenimiento","tag-es","tag-espana","tag-extraditarlo","tag-familia","tag-famosos","tag-fergie","tag-liberacion","tag-no","tag-piden","tag-propalestino","tag-spain"],"share_on_mastodon":{"url":"https:\/\/pubeurope.com\/@es\/116930949242434619","error":""},"_links":{"self":[{"href":"https:\/\/www.europesays.com\/es\/wp-json\/wp\/v2\/posts\/661535","targetHints":{"allow":["GET"]}}],"collection":[{"href":"https:\/\/www.europesays.com\/es\/wp-json\/wp\/v2\/posts"}],"about":[{"href":"https:\/\/www.europesays.com\/es\/wp-json\/wp\/v2\/types\/post"}],"author":[{"embeddable":true,"href":"https:\/\/www.europesays.com\/es\/wp-json\/wp\/v2\/users\/2"}],"replies":[{"embeddable":true,"href":"https:\/\/www.europesays.com\/es\/wp-json\/wp\/v2\/comments?post=661535"}],"version-history":[{"count":0,"href":"https:\/\/www.europesays.com\/es\/wp-json\/wp\/v2\/posts\/661535\/revisions"}],"wp:featuredmedia":[{"embeddable":true,"href":"https:\/\/www.europesays.com\/es\/wp-json\/wp\/v2\/media\/661536"}],"wp:attachment":[{"href":"https:\/\/www.europesays.com\/es\/wp-json\/wp\/v2\/media?parent=661535"}],"wp:term":[{"taxonomy":"category","embeddable":true,"href":"https:\/\/www.europesays.com\/es\/wp-json\/wp\/v2\/categories?post=661535"},{"taxonomy":"post_tag","embeddable":true,"href":"https:\/\/www.europesays.com\/es\/wp-json\/wp\/v2\/tags?post=661535"}],"curies":[{"name":"wp","href":"https:\/\/api.w.org\/{rel}","templated":true}]}}