{"id":661581,"date":"2026-07-16T18:25:14","date_gmt":"2026-07-16T18:25:14","guid":{"rendered":"https:\/\/www.europesays.com\/es\/661581\/"},"modified":"2026-07-16T18:25:14","modified_gmt":"2026-07-16T18:25:14","slug":"el-barca-ya-intercambia-documentacion-con-el-dortmund-por-adeyemi","status":"publish","type":"post","link":"https:\/\/www.europesays.com\/es\/661581\/","title":{"rendered":"El Bar\u00e7a ya intercambia documentaci\u00f3n con el Dortmund por Adeyemi"},"content":{"rendered":"<p class=\"ft-text\">El Bar\u00e7a puede caer dos veces en la misma piedra, pero no tres. Despu\u00e9s de los contratiempos que acompa\u00f1aron la oficializaci\u00f3n de los fichajes de Jo\u00e3o Cancelo y Anthony Gordon, <a class=\"ft-link ft-link--decoration\" href=\"https:\/\/www.sport.es\/es\/noticias\/barca\/primeras-horas-adeyemi-barcelona-132510997\" rel=\"nofollow noopener\" target=\"_blank\">el club azulgrana ha decidido adelantarse a cualquier posible imprevisto para que los pr\u00f3ximos anuncios no vuelvan a sufrir retrasos de \u00faltima hora.<\/a><\/p>\n<p class=\"ft-text\">Tal y como sucedi\u00f3 en aquellas operaciones, la oficializaci\u00f3n de ambos futbolistas se demor\u00f3 durante varias horas por cuestiones relacionadas con el intercambio de documentaci\u00f3n entre las diferentes partes implicadas. U<strong>n escenario habitual en operaciones de este nivel, pero que el Bar\u00e7a quiere evitar a toda costa que se repita. <\/strong><\/p>\n<p class=\"ft-text\"><strong>Por ese motivo, seg\u00fan ha podido saber SPORT, el club ya trabaja intensamente para dejar preparados todos los documentos necesarios y avanzar el m\u00e1ximo trabajo posible durante el d\u00eda de hoy<\/strong>. La intenci\u00f3n pasa por anticiparse a cualquier incidencia administrativa que pueda retrasar los siguientes pasos de la operaci\u00f3n y evitar que se repita lo ocurrido hace apenas unos d\u00edas.<\/p>\n<p class=\"ft-text\">En ese sentido, la jornada ha estado marcada <strong>por una reuni\u00f3n de trabajo celebrada durante la comida entre Jo\u00e3o Amaral, director de scouting del Bar\u00e7a, Sergio Alves, uno de los hombres de m\u00e1xima confianza de Jorge Mendes en Gestifute, y Paulo Castro Rendeiro<\/strong>, abogado de confianza del representante portugu\u00e9s. Al encuentro tambi\u00e9n asistieron otras personas implicadas en la operaci\u00f3n para seguir coordinando todos los aspectos pendientes.<\/p>\n<p>Amaral, cogiendo cada vez m\u00e1s fuerza<\/p>\n<p class=\"ft-text\">La ausencia de Deco, que contin\u00faa fuera de Barcelona, ha provocado que Jo\u00e3o Amaral, <strong>cuya gesti\u00f3n gusta mucho a club y afici\u00f3n<\/strong>, asuma durante estos d\u00edas un papel especialmente importante en la coordinaci\u00f3n de varias operaciones. El dirigente portugu\u00e9s est\u00e1 ganando cada vez m\u00e1s peso dentro de la estructura deportiva <strong>y est\u00e1 siendo una de las figuras encargadas de mantener el contacto constante entre el Bar\u00e7a, Gestifute y el resto de participantes en las negociaciones.<\/strong><\/p>\n<p class=\"ft-text\">Aunque todav\u00eda quedan algunos pasos por completar y el pago sigue pendiente, el objetivo del club es dejar todo preparado con la m\u00e1xima antelaci\u00f3n posible. E<strong>n los despachos son conscientes de que, en operaciones de esta magnitud, cualquier documento pendiente puede retrasar durante horas un anuncio que ya parec\u00eda cerrado.<\/strong><\/p>\n<p class=\"ft-text\">Por ello, el Bar\u00e7a ha dedicado buena parte del d\u00eda a avanzar trabajo, revisar toda la documentaci\u00f3n e intercambiar la informaci\u00f3n necesaria entre las partes. La idea es sencilla: que cuando llegue el momento de oficializar la operaci\u00f3n, todo est\u00e9 preparado y no vuelva a repetirse una situaci\u00f3n como la vivida recientemente con los \u00faltimos fichajes del verano.<\/p>\n","protected":false},"excerpt":{"rendered":"El Bar\u00e7a puede caer dos veces en la misma piedra, pero no tres. Despu\u00e9s de los contratiempos que&hellip;\n","protected":false},"author":2,"featured_media":661582,"comment_status":"","ping_status":"","sticky":false,"template":"","format":"standard","meta":{"footnotes":""},"categories":[93],"tags":[61692,2296,168,9520,45434,25,24,120795,23,167],"class_list":["post-661581","post","type-post","status-publish","format-standard","has-post-thumbnail","category-deportes","tag-adeyemi","tag-barca","tag-deportes","tag-documentacion","tag-dortmund","tag-es","tag-espana","tag-intercambia","tag-spain","tag-sports"],"share_on_mastodon":{"url":"https:\/\/pubeurope.com\/@es\/116931062930469997","error":""},"_links":{"self":[{"href":"https:\/\/www.europesays.com\/es\/wp-json\/wp\/v2\/posts\/661581","targetHints":{"allow":["GET"]}}],"collection":[{"href":"https:\/\/www.europesays.com\/es\/wp-json\/wp\/v2\/posts"}],"about":[{"href":"https:\/\/www.europesays.com\/es\/wp-json\/wp\/v2\/types\/post"}],"author":[{"embeddable":true,"href":"https:\/\/www.europesays.com\/es\/wp-json\/wp\/v2\/users\/2"}],"replies":[{"embeddable":true,"href":"https:\/\/www.europesays.com\/es\/wp-json\/wp\/v2\/comments?post=661581"}],"version-history":[{"count":0,"href":"https:\/\/www.europesays.com\/es\/wp-json\/wp\/v2\/posts\/661581\/revisions"}],"wp:featuredmedia":[{"embeddable":true,"href":"https:\/\/www.europesays.com\/es\/wp-json\/wp\/v2\/media\/661582"}],"wp:attachment":[{"href":"https:\/\/www.europesays.com\/es\/wp-json\/wp\/v2\/media?parent=661581"}],"wp:term":[{"taxonomy":"category","embeddable":true,"href":"https:\/\/www.europesays.com\/es\/wp-json\/wp\/v2\/categories?post=661581"},{"taxonomy":"post_tag","embeddable":true,"href":"https:\/\/www.europesays.com\/es\/wp-json\/wp\/v2\/tags?post=661581"}],"curies":[{"name":"wp","href":"https:\/\/api.w.org\/{rel}","templated":true}]}}