{"id":66163,"date":"2025-08-23T04:29:10","date_gmt":"2025-08-23T04:29:10","guid":{"rendered":"https:\/\/www.europesays.com\/es\/66163\/"},"modified":"2025-08-23T04:29:10","modified_gmt":"2025-08-23T04:29:10","slug":"los-planes-de-alejandra-gere-y-su-hijo-durante-sus-vacaciones-en-una-playa-paradisiaca","status":"publish","type":"post","link":"https:\/\/www.europesays.com\/es\/66163\/","title":{"rendered":"Los planes de Alejandra Gere y su hijo durante sus vacaciones en una playa paradis\u00edaca"},"content":{"rendered":"<p id=\"eZFMcULOPT\" data-wc=\"106\">A finales del oto\u00f1o de 2024, <strong>Richard y Alejandra Gere\u00a0<\/strong>decidieron <a class=\"hm-link\" href=\"https:\/\/www.hola.com\/actualidad\/20250628839888\/richard-alejandra-gere-nuevo-proyecto-espana-descubrimos-detalles-fotos\/\" data-mrf-recirculation=\"article-body-link\" rel=\"nofollow noopener\" target=\"_blank\">dejar atr\u00e1s los bosques de Connecticut para instalarse en La Moraleja,\u00a0<\/a>una de las urbanizaciones m\u00e1s exclusivas a las afueras de Madrid. Desde su llegada, el matrimonio ha acudido a diversos eventos, desfilado por photocalls y alfombras rojas como la de los Premios Goya, e incluso visitaron las obras de la nueva sede del colegio Brewster American Schools, cuya apertura est\u00e1 prevista para septiembre en esta prestigiosa zona. Mientras tanto, antes de que arranque la nueva temporada, disfrutan de unos d\u00edas en su particular \u00abpara\u00edso\u00bb y la empresaria est\u00e1 realizando numerosos planes con sus ni\u00f1os.<\/p>\n<p> <img src=\"https:\/\/www.europesays.com\/es\/wp-content\/uploads\/2025\/08\/6a62dabaf4ec-473191013183923671030975543118439465186400693n.jpg\"   width=\"819\" height=\"1024\" loading=\"lazy\" decoding=\"async\" alt=\"Media Image\" fetchpriority=\"auto\" class=\"image ho-image\"\/>\u00a9 alejandragere<\/p>\n<p id=\"eeOGro4PZZ\" data-wc=\"102\">Hace tan solo unos d\u00edas, Alejandra Gere comparti\u00f3 con sus seguidores que estaba pasando una temporada en lo que describi\u00f3 como un aut\u00e9ntico \u00abpara\u00edso\u00bb. Sin embargo, prefiri\u00f3 mantener en secreto el destino elegido. Pese a ello, varios medios internacionales se\u00f1alaron la posibilidad de que la pareja hubiera regresado a Estados Unidos para disfrutar de sus vacaciones estivales. Seg\u00fan estas informaciones, los Gere, acompa\u00f1ados por sus dos hijos, Alexander, de cinco, y James, de cuatro, habr\u00edan cruzado nuevamente el Atl\u00e1ntico para instalarse temporalmente en Connecticut, la apacible regi\u00f3n en la que residieron durante a\u00f1os antes de trasladarse a su nuevo hogar en Espa\u00f1a<\/p>\n<p> <img src=\"https:\/\/www.europesays.com\/es\/wp-content\/uploads\/2025\/08\/acf27835f34a-472978365183923671570975544848023558224927917n.jpg\"   width=\"821\" height=\"1024\" loading=\"lazy\" decoding=\"async\" alt=\"Media Image\" fetchpriority=\"auto\" class=\"image ho-image\"\/>\u00a9 alejandragere<\/p>\n<p id=\"epmS8p0xJa\" data-wc=\"85\">Desde su particular ed\u00e9n, <a class=\"hm-link\" href=\"https:\/\/www.hola.com\/actualidad\/20250712843698\/richard-y-alejandra-gere-anuncian-un-nuevo-importante-capitulo-vida\/\" data-mrf-recirculation=\"article-body-link\" rel=\"nofollow noopener\" target=\"_blank\">Alejandra ha compartido algunos v\u00eddeos de las actividades que est\u00e1 disfrutando<\/a>. La empresaria espa\u00f1ola ha mostrado el planazo que vivi\u00f3 junto a uno de sus hijos. En la instant\u00e1nea que acompa\u00f1a estas l\u00edneas, madre e hijo aparecen en una jornada deportiva, concretamente disputando un partido de tenis. Ambos<strong>, vestidos de blanco y con sus raquetas, aprovecharon el entorno id\u00edlico no solo para jugar, sino tambi\u00e9n para relajarse despu\u00e9s en la playa, donde disfrutaron del mar y de los rayos de sol.<\/strong><\/p>\n<p> <img src=\"https:\/\/www.europesays.com\/es\/wp-content\/uploads\/2025\/08\/5939406722dc-sin-ttulo.jpg\"   width=\"1024\" height=\"961\" loading=\"lazy\" decoding=\"async\" alt=\"Media Image\" fetchpriority=\"auto\" class=\"image ho-image\"\/>\u00a9 alejandragere<\/p>\n<p id=\"eWpuTupY8x\" data-wc=\"146\">Otro de los planes de la esposa del c\u00e9lebre int\u00e9rprete de Pretty Woman, Novia a la fuga y Oficial y caballero<a class=\"hm-link\" href=\"https:\/\/www.hola.com\/actualidad\/20250814850172\/alejandra-gere-hijo-meditando\/\" data-mrf-recirculation=\"article-body-link\" rel=\"nofollow noopener\" target=\"_blank\">\u00a0ha sido dedicarse a la meditaci\u00f3n y al yoga al aire libre, en plena naturaleza.<\/a> Lo hizo, adem\u00e1s, en la mejor de las compa\u00f1\u00edas:<strong>\u00a0a mitad de la sesi\u00f3n, su hijo se uni\u00f3 a ella.\u00a0<\/strong>En ese entorno sereno aprovech\u00f3 tambi\u00e9n para compartir una profunda reflexi\u00f3n: \u00abLa verdadera transformaci\u00f3n comienza dentro de uno mismo. No se trata de moldear el mundo exterior ni de forzar el cambio en otros, sino de mirarnos con honestidad y despertar nuestra propia luz. Lo aut\u00e9ntico habita en lo m\u00e1s profundo de nuestro ser, y solo emerge cuando soltamos lo que nos pesa: lo superfluo, el ego\u00edsmo, las m\u00e1scaras. Al liberar ese peso, lo genuino brilla sin esfuerzo, iluminando no solo nuestro camino, sino tambi\u00e9n el de quienes nos rodean\u00bb.<\/p>\n<p id=\"eaYWakDg1f\" data-wc=\"121\">El feliz matrimonio tambi\u00e9n ha aprovechado la ocasi\u00f3n para disfrutar de unos d\u00edas de relax en la playa junto a un grupo de amigos. \u00abEstamos ready\u00bb, escribi\u00f3 la publicista en sus redes sociales, acompa\u00f1ando el mensaje con una instant\u00e1nea en la que se aprecian varias hamacas perfectamente alineadas sobre la arena, listas para una jornada de sol y descanso. Adem\u00e1s, no dud\u00f3 en presumir de su espectacular figura compartiendo otra fotograf\u00eda en la que posa con un bikini marr\u00f3n, gafas de sol, la piel bronceada por el verano, el pelo a\u00fan h\u00famedo tras un refrescante ba\u00f1o en el mar y una gran sonrisa que refleja su buen momento personal. \u00abMejor juntas. No molestar\u00bb, fueron las palabras elegidas para acompa\u00f1ar este recuerdo.<\/p>\n<p> <img src=\"https:\/\/www.europesays.com\/es\/wp-content\/uploads\/2025\/08\/fac076a41136-felconfidencialcomoriginal32d6f452132d6f452181e6b3a819807556b6f88e7.jpg\"   width=\"768\" height=\"1024\" loading=\"lazy\" decoding=\"async\" alt=\"Media Image\" fetchpriority=\"auto\" class=\"image ho-image\"\/>\u00a9 @alejandragere<\/p>\n<p> <img src=\"https:\/\/www.europesays.com\/es\/wp-content\/uploads\/2025\/08\/287562282dbb-felconfidencialcomoriginal3d8d28de23d8d28de201538d129fae497c361dcd6.jpg\"   width=\"768\" height=\"1024\" loading=\"lazy\" decoding=\"async\" alt=\"Media Image\" fetchpriority=\"auto\" class=\"image ho-image\"\/>\u00a9 @alejandragere<\/p>\n","protected":false},"excerpt":{"rendered":"A finales del oto\u00f1o de 2024, Richard y Alejandra Gere\u00a0decidieron dejar atr\u00e1s los bosques de Connecticut para instalarse&hellip;\n","protected":false},"author":2,"featured_media":66164,"comment_status":"","ping_status":"","sticky":false,"template":"","format":"standard","meta":{"footnotes":""},"categories":[174],"tags":[517,26872,255,253,146,147,25,24,256,20279,23],"class_list":{"0":"post-66163","1":"post","2":"type-post","3":"status-publish","4":"format-standard","5":"has-post-thumbnail","7":"category-famosos","8":"tag-actualidad","9":"tag-alejandra-gere","10":"tag-celebrities","11":"tag-discover","12":"tag-entertainment","13":"tag-entretenimiento","14":"tag-es","15":"tag-espana","16":"tag-famosos","17":"tag-richard-gere","18":"tag-spain"},"share_on_mastodon":{"url":"","error":""},"_links":{"self":[{"href":"https:\/\/www.europesays.com\/es\/wp-json\/wp\/v2\/posts\/66163","targetHints":{"allow":["GET"]}}],"collection":[{"href":"https:\/\/www.europesays.com\/es\/wp-json\/wp\/v2\/posts"}],"about":[{"href":"https:\/\/www.europesays.com\/es\/wp-json\/wp\/v2\/types\/post"}],"author":[{"embeddable":true,"href":"https:\/\/www.europesays.com\/es\/wp-json\/wp\/v2\/users\/2"}],"replies":[{"embeddable":true,"href":"https:\/\/www.europesays.com\/es\/wp-json\/wp\/v2\/comments?post=66163"}],"version-history":[{"count":0,"href":"https:\/\/www.europesays.com\/es\/wp-json\/wp\/v2\/posts\/66163\/revisions"}],"wp:featuredmedia":[{"embeddable":true,"href":"https:\/\/www.europesays.com\/es\/wp-json\/wp\/v2\/media\/66164"}],"wp:attachment":[{"href":"https:\/\/www.europesays.com\/es\/wp-json\/wp\/v2\/media?parent=66163"}],"wp:term":[{"taxonomy":"category","embeddable":true,"href":"https:\/\/www.europesays.com\/es\/wp-json\/wp\/v2\/categories?post=66163"},{"taxonomy":"post_tag","embeddable":true,"href":"https:\/\/www.europesays.com\/es\/wp-json\/wp\/v2\/tags?post=66163"}],"curies":[{"name":"wp","href":"https:\/\/api.w.org\/{rel}","templated":true}]}}