{"id":661697,"date":"2026-07-16T19:49:09","date_gmt":"2026-07-16T19:49:09","guid":{"rendered":"https:\/\/www.europesays.com\/es\/661697\/"},"modified":"2026-07-16T19:49:09","modified_gmt":"2026-07-16T19:49:09","slug":"alejandro-del-cid-primer-lider-de-la-vuelta-a-zamora-2026","status":"publish","type":"post","link":"https:\/\/www.europesays.com\/es\/661697\/","title":{"rendered":"Alejandro del Cid, primer l\u00edder de la Vuelta a Zamora 2026"},"content":{"rendered":"<p class=\"ft-text\">Alejandro del Cid (Gomur) fue el primer vencedor de la Vuelta Ciclista a Zamora que se inici\u00f3 este jueves con una etapa de 170 kil\u00f3metros de recorrido entre Toro y Fermoselle. Fue una buena piedra de toque para que los principales equipos espa\u00f1oles del campo Elite y Sub 23 calibraran sus posibilidadeas de cara a la ronda provincial que finalizar\u00e1 este domingo con la tradicional etapa sanabresa de Lubi\u00e1n. <\/p>\n<p class=\"ft-text\">Fue una etapa presidida por el calor que se sald\u00f3 con constantes escaramuzas que los equipos fuertes no permitieron que fructificasen y ninguna de ellas lleg\u00f3 a superar el minuto de ventaja. Especial protagonistmo tuvo durante toda la jornada el equipo italiano invitado, Ciclisgtica Rostere, que atac\u00f3 con Vianello poco despu\u00e9s del paso por Zamora, y luego, ya con mucho m\u00e1s peligro, de la mano de Tomasso Tessore que pas\u00f3 en primer lugar por el puerto de Fermoselle, pero fue alcanzado poco antes del descenso a la Cicutina aunque se mantuvo en el grupo cabecero que fue alcanzado por el pelot\u00f3n al comienzo de la segunda subida al pusrto de Fermoselle. Tessore volvi\u00f3 a atacarf a 5 kil\u00f3metros de la m4eta y muy cerca de \u00e9l tuvo su compa\u00f1ero Gabriel Fede, pero en los tres kil\u00f3metros finales irrumi\u00f3 impetial la figura de Alejandro del Cid para proclamarse campeador de la primera etapa y l\u00edder de la Vuelta. Por detr\u00e1s, les arrebat\u00f3 el segundo puesto a los corredores del Rostese, Xavi Mestre para ser segundo y primer corredor sub 21. <\/p>\n<p class=\"ft-text\">La Vuelta a Zamora continuar\u00e1 esta tarde en Benavente con una contrarreloj individual sobre 16,3 kil\u00f3metros que comenzar\u00e1 a las 18.00 horas, con salida en la calle La Mota y llegada en la plaza de La Madera, con paso por Santa Colomba de e las Monjas, Arcos de la Polvoroda y Santa Cristina.<\/p>\n","protected":false},"excerpt":{"rendered":"Alejandro del Cid (Gomur) fue el primer vencedor de la Vuelta Ciclista a Zamora que se inici\u00f3 este&hellip;\n","protected":false},"author":2,"featured_media":661698,"comment_status":"","ping_status":"","sticky":false,"template":"","format":"standard","meta":{"footnotes":""},"categories":[273],"tags":[10114,313,5008,312,168,25,24,7789,5564,977,23,167,1357],"class_list":["post-661697","post","type-post","status-publish","format-standard","has-post-thumbnail","category-ciclismo","tag-alejandro","tag-ciclismo","tag-cid","tag-cycling","tag-deportes","tag-es","tag-espana","tag-la-vuelta","tag-lider","tag-primer","tag-spain","tag-sports","tag-vuelta"],"share_on_mastodon":{"url":"https:\/\/pubeurope.com\/@es\/116931393435070691","error":""},"_links":{"self":[{"href":"https:\/\/www.europesays.com\/es\/wp-json\/wp\/v2\/posts\/661697","targetHints":{"allow":["GET"]}}],"collection":[{"href":"https:\/\/www.europesays.com\/es\/wp-json\/wp\/v2\/posts"}],"about":[{"href":"https:\/\/www.europesays.com\/es\/wp-json\/wp\/v2\/types\/post"}],"author":[{"embeddable":true,"href":"https:\/\/www.europesays.com\/es\/wp-json\/wp\/v2\/users\/2"}],"replies":[{"embeddable":true,"href":"https:\/\/www.europesays.com\/es\/wp-json\/wp\/v2\/comments?post=661697"}],"version-history":[{"count":0,"href":"https:\/\/www.europesays.com\/es\/wp-json\/wp\/v2\/posts\/661697\/revisions"}],"wp:featuredmedia":[{"embeddable":true,"href":"https:\/\/www.europesays.com\/es\/wp-json\/wp\/v2\/media\/661698"}],"wp:attachment":[{"href":"https:\/\/www.europesays.com\/es\/wp-json\/wp\/v2\/media?parent=661697"}],"wp:term":[{"taxonomy":"category","embeddable":true,"href":"https:\/\/www.europesays.com\/es\/wp-json\/wp\/v2\/categories?post=661697"},{"taxonomy":"post_tag","embeddable":true,"href":"https:\/\/www.europesays.com\/es\/wp-json\/wp\/v2\/tags?post=661697"}],"curies":[{"name":"wp","href":"https:\/\/api.w.org\/{rel}","templated":true}]}}