{"id":661709,"date":"2026-07-16T19:58:13","date_gmt":"2026-07-16T19:58:13","guid":{"rendered":"https:\/\/www.europesays.com\/es\/661709\/"},"modified":"2026-07-16T19:58:13","modified_gmt":"2026-07-16T19:58:13","slug":"100-anos-de-los-verdi-del-espanol-de-richard-gere-a-las-dentaduras-en-las-butacas","status":"publish","type":"post","link":"https:\/\/www.europesays.com\/es\/661709\/","title":{"rendered":"100 a\u00f1os de los Verdi, del espa\u00f1ol de Richard Gere a las dentaduras en las butacas"},"content":{"rendered":"<p style=\"\">La actriz y directora <strong>Berta Garc\u00eda-Lacht<\/strong> paseaba por Gracia, su barrio de toda la vida, con una c\u00e1mara de fotos y ganas de capturar esos momentos \u00fanicos que s\u00f3lo ocurren all\u00ed. En una plaza, se fij\u00f3 en dos ni\u00f1as peque\u00f1as que bailaban rumba  &#8230; catalana al son de una guitarra y un caj\u00f3n. Ten\u00edan esa gracia propia gitana, y las fotografi\u00f3 asombrada por su personalidad y energ\u00eda. Dos a\u00f1os despu\u00e9s, tras olvidar por completo aquella foto, estaba andando colgando carteles por el mismo barrio para encontrar gente que quisiese participar en su nuevo proyecto, un documental que celebrase el centenario de los <a href=\"https:\/\/www.abc.es\/play\/cine\/verdi-conmemoran-centenario-carta-amor-cine-vida-20260210220058-vi.html\" target=\"_self\" data-voc-vtm-id=\"in-text-traffic\" data-mrf-link=\"www.abc.es\" rel=\"nofollow noopener\">cines Verdi<\/a>. Necesitaba personas de Gracia que quisiesen participar y dar su testimonio. \u00bfA que no saben qui\u00e9nes fueron las dos primeras personas que contestaron a aquellos anuncios? Exacto, las dos ni\u00f1as que hab\u00eda fotografiado hac\u00eda dos a\u00f1os. Las contrat\u00f3 al instante. \u00abEstaba escrito, est\u00e1 claro\u00bb, comenta divertida la directora.<\/p>\n<p class=\"v-d-p\" style=\"\">Estas dos ni\u00f1as, Yanira y S\u00e9fora, son las protagonistas de<strong> &#8216;La vida es Verdi&#8217;<\/strong> (A contracorriente), un h\u00edbrido entre documental y pel\u00edcula de ficci\u00f3n donde la actriz y directora debuta en el largo a partir de la historia de dos ni\u00f1as que, para vencer el aburrimiento de un largo y caluroso verano en el barrio de Gracia de Barcelona, deciden hacer una pel\u00edcula sobre los cines Verdi. \u00abA m\u00ed me ocurr\u00edan cosas parecidas. Mi amor por el cine comenz\u00f3 queriendo ser actriz, pero s\u00ed que es cierto que siempre mandaba a mis amigas para hacer peque\u00f1as obras de teatro o sketches. Supongo que siempre he llevado dentro algo de directora\u00bb, asegura Garc\u00eda-Lacht en declaraciones a ABC.<\/p>\n<p class=\"v-d-p\" style=\"\">La pel\u00edcula es un repaso exhaustivo a la historia de los cines, as\u00ed como una celebraci\u00f3n de todas las partes que conforman el s\u00e9ptimo arte, desde su producci\u00f3n a su ejecuci\u00f3n, distribuci\u00f3n y exhibici\u00f3n. En c\u00e1mara vemos desde las acomodadoras del cine, a sus proyeccionistas o ilustres espectadores, como los cineastas <strong>Albert Serra, Juan Antonio Bayona o Isabel Coixet<\/strong>, coproductora de la pel\u00edcula. \u00abFueron muy generosos y con s\u00f3lo verlos aprendes un mont\u00f3n. Serra se implic\u00f3 mucho, dio ideas y fue incre\u00edblemente generoso, aunque impon\u00eda al principio. Bayona tambi\u00e9n. Entiende tan bien esta profesi\u00f3n que mientras actuaba en la pel\u00edcula parec\u00eda ser consciente del tiempo para darme los cortes perfectos para cada toma\u00bb, recuerda la directora.<\/p>\n<ul class=\"v-cmp-rld__u\">\n<li class=\"v-cmp-rld__l\">\n<p><a class=\"v-a-lnk\" href=\"http:\/\/www.abc.es\/cultura\/ross-brothers-ninguna-razon-nazcan-grandes-duos-20260310042530-nt.html#vtm_modulosEngag=noticiasrelacionadas-cmp-uno:play:noticia:1\" data-voc-vtm-id=\"in-text-traffic\" rel=\"nofollow noopener\" target=\"_blank\"><br \/>\n<img decoding=\"async\" loading=\"lazy\" src=\"https:\/\/www.europesays.com\/es\/wp-content\/uploads\/2026\/07\/1508327462_20260310161530-ROEA30O9mNANuVmsf4jrL9N-366x256@diario_abc.JPG\" class=\"v-a-img\" width=\"258\" height=\"180\" alt=\"Ross Brothers, los hermanos que lo hacen todo en Festival Americana\"\/><br \/>\n<\/a><\/p>\n<\/li>\n<\/ul>\n<p class=\"v-d-p\" style=\"\">Aunque la primera escena que rod\u00f3 quiz\u00e1 fue la m\u00e1s dif\u00edcil, grabar al actor <strong>Richard Gere,<\/strong> que les cedi\u00f3 un poco de tiempo cuando visit\u00f3 Barcelona con motivo del BCN Film Festival. \u00abGrabas la primera escena de tu primera pel\u00edcula y lo haces con una megaestrella de Hollywood. Era algo surrealista, pero \u00e9l fue muy profesional. Notabas la tensi\u00f3n del tiempo reservado al mil\u00edmetro y la necesidad de tener que hacerlo r\u00e1pido, pero fue fant\u00e1stico\u00bb, comenta la actriz y directora.<\/p>\n<p class=\"v-d-p\" style=\"\">Los Verdi se fundaron en 1926, aunque ya exist\u00edan como centro desde 1889. Durante este tiempo fue una sala de fiestas, un comedor infantil, una discoteca, etc. hasta convertirse en una de las marcas insignes de la exhibici\u00f3n del cine europeo, alternativo y de m\u00e1xima exigencia art\u00edstica. O\u00edr a los que trabajan d\u00eda a d\u00eda para hacer que ir al cine sea posible es toda una revelaci\u00f3n. \u00abCuando recoges, te encuentras de todo en las butacas, incluso dentaduras postizas. Si vas a objetos perdidos encontrar\u00e1s gafas, pintalabios, carteras, m\u00f3viles&#8230;; la gente se olvida de la cabeza mientras mira una pel\u00edcula\u00bb, afirman <strong>Fabiola y Liliana<\/strong>, dos de las limpiadoras de los cines.<\/p>\n<p class=\"v-a-t\">\n\u00abSerra se implic\u00f3 mucho, dio ideas y fue incre\u00edblemente generoso, aunque impon\u00eda al principio. Bayona tambi\u00e9n\u00bb\n<\/p>\n<p class=\"v-pst__p\">Berta Garc\u00eda-Lacht<\/p>\n<p class=\"v-pst__j\">Directora de &#8216;La vida es Verdi&#8217;<\/p>\n<p class=\"v-d-p\" style=\"\">Berta Garc\u00eda-Lacht se dio a conocer con su cortometraje &#8216;Maruja&#8217;, que<strong> Isabel Coixet<\/strong> ya ayud\u00f3 a levantar. \u00abMand\u00e9 el guion a su productora sin esperar ni siquiera que me contestasen, pero de pronto recib\u00ed un mail de la propia Coixet diciendo que le hab\u00eda gustado mucho y que si necesitaba ayuda para rodarlo contase con ella. Es una persona de una generosidad tremenda y uno de mis m\u00e1ximos referentes. He aprendido much\u00edsimo de ella\u00bb, recuerda Coixet. Fue la propia directora de &#8216;Tres adioses&#8217; la que propuso el nombre de Garc\u00eda-Lacht a la productora A Contracorriente para recomendarla como responsable del proyecto. \u00abMe reun\u00ed con ellos y vimos que los dos pens\u00e1bamos lo mismo a la hora de plantear el documental, no hacer el t\u00edpico de voz en off, fotos de archivo y testimonios, sino hacer una aut\u00e9ntica celebraci\u00f3n de lo que significa ir al cine\u00bb, comenta.<\/p>\n<p class=\"v-d-p\" style=\"\">La carrera de Garc\u00eda-Lacht no ha sido un camino de rosas. Nacida en el <strong>barrio de Gracia<\/strong> a principios de los 90, en el seno de una familia humilde, sin ninguna relaci\u00f3n con el cine o la cultura, tuvo que abrirse un hueco en la industria con perseverancia y tes\u00f3n. Entre medio, trabajos como camarera, profesora de rob\u00f3tica, de ingl\u00e9s, monitora de campamentos de verano, azafata de eventos, montadora de v\u00eddeos, locutora de radio, incluso cuidadora de casas en Andaluc\u00eda cuando sus due\u00f1os est\u00e1n fuera. Todo para poder comer mientras persegu\u00eda el sue\u00f1o de dirigir sus propias pel\u00edculas. \u00abLa verdad es que es un poco desalentador porque te das cuenta que el 95 por ciento de la industria son pijos y que el punto de vista burgu\u00e9s es el que explica todas las historias. Poco a poco est\u00e1 cambiando, pero hasta ahora era s\u00ed, un mundo cerrado y endog\u00e1mico. Yo he tenido que pelear mucho para poder estar aqu\u00ed\u00bb, comenta.<\/p>\n<p>\nUna vida de cine\n<\/p>\n<p class=\"v-d-p\" style=\"\">Por ello, cuando alguien consolidado como <strong>Juanma Bajo Ulloa<\/strong> asegura que los &#8216;varones lo tienen jodido&#8217; ahora para obtener subvenciones y que el m\u00e9rito y el talento ya no son clave para poder levantar pel\u00edculas, no puede creer lo que oye. \u00abSupongo que los que dicen cosas as\u00ed son gente que no quiere revisar los privilegios con los que han contado toda su vida. No es f\u00e1cil para nadie, eso est\u00e1 claro, Por ser mujer, por ejemplo, te dan s\u00f3lo dos puntos, dos. No veo como eso puede ser determinante\u00bb, asegura sin pelos en la lengua.<\/p>\n<p class=\"v-d-p\" style=\"\">La joven directora se dio a conocer en 2019 con <strong>&#8216;Proyecto tetas&#8217;,<\/strong> un ensayo fotogr\u00e1fico a partir de instant\u00e1neas de los pechos de 60 mujeres de 18 a 85 a\u00f1os para dar visibilizar a la variedad del cuerpo femenino y cargar contra la sobresexualizaci\u00f3n de la mujer. La exposici\u00f3n gan\u00f3 el primer premio del festival Enfocats y pudo verse en diferentes ciudades. \u00abDurante el proyecto, que tambi\u00e9n estaba en la web, contabilic\u00e9 m\u00e1s de 400 mensajes de acoso masculino. No sabes las barbaridades que llegaban a decir de forma an\u00f3nima, as\u00ed que decidimos incluirlas en el proyecto para ejemplificar la ra\u00edz del problema\u00bb, se\u00f1ala. <\/p>\n","protected":false},"excerpt":{"rendered":"La actriz y directora Berta Garc\u00eda-Lacht paseaba por Gracia, su barrio de toda la vida, con una c\u00e1mara&hellip;\n","protected":false},"author":2,"featured_media":661710,"comment_status":"","ping_status":"","sticky":false,"template":"","format":"standard","meta":{"footnotes":""},"categories":[169],"tags":[21882,988,120810,177,120808,146,147,25,24,2328,176,12075,175,120809,12074,23,93149],"class_list":["post-661709","post","type-post","status-publish","format-standard","has-post-thumbnail","category-cine","tag-21882","tag-anos","tag-butaca","tag-cine","tag-dentaduras","tag-entertainment","tag-entretenimiento","tag-es","tag-espana","tag-fiesta","tag-film","tag-gere","tag-movies","tag-olvidadas","tag-richard","tag-spain","tag-verdi"],"share_on_mastodon":{"url":"https:\/\/pubeurope.com\/@es\/116931430018514351","error":""},"_links":{"self":[{"href":"https:\/\/www.europesays.com\/es\/wp-json\/wp\/v2\/posts\/661709","targetHints":{"allow":["GET"]}}],"collection":[{"href":"https:\/\/www.europesays.com\/es\/wp-json\/wp\/v2\/posts"}],"about":[{"href":"https:\/\/www.europesays.com\/es\/wp-json\/wp\/v2\/types\/post"}],"author":[{"embeddable":true,"href":"https:\/\/www.europesays.com\/es\/wp-json\/wp\/v2\/users\/2"}],"replies":[{"embeddable":true,"href":"https:\/\/www.europesays.com\/es\/wp-json\/wp\/v2\/comments?post=661709"}],"version-history":[{"count":0,"href":"https:\/\/www.europesays.com\/es\/wp-json\/wp\/v2\/posts\/661709\/revisions"}],"wp:featuredmedia":[{"embeddable":true,"href":"https:\/\/www.europesays.com\/es\/wp-json\/wp\/v2\/media\/661710"}],"wp:attachment":[{"href":"https:\/\/www.europesays.com\/es\/wp-json\/wp\/v2\/media?parent=661709"}],"wp:term":[{"taxonomy":"category","embeddable":true,"href":"https:\/\/www.europesays.com\/es\/wp-json\/wp\/v2\/categories?post=661709"},{"taxonomy":"post_tag","embeddable":true,"href":"https:\/\/www.europesays.com\/es\/wp-json\/wp\/v2\/tags?post=661709"}],"curies":[{"name":"wp","href":"https:\/\/api.w.org\/{rel}","templated":true}]}}