{"id":66173,"date":"2025-08-23T04:36:10","date_gmt":"2025-08-23T04:36:10","guid":{"rendered":"https:\/\/www.europesays.com\/es\/66173\/"},"modified":"2025-08-23T04:36:10","modified_gmt":"2025-08-23T04:36:10","slug":"cuando-el-fin-de-semana-se-convierte-en-el-enemigo-del-sueno","status":"publish","type":"post","link":"https:\/\/www.europesays.com\/es\/66173\/","title":{"rendered":"cuando el fin de semana se convierte en el enemigo del sue\u00f1o"},"content":{"rendered":"<p>El descanso deber\u00eda ser el b\u00e1lsamo de las noches largas. Sin embargo, lo que muchos viven cada s\u00e1bado y domingo dista de ser reparador. Esa fatiga que no cede, la niebla mental que se arrastra durante el d\u00eda y la irritabilidad constante podr\u00edan no ser simples consecuencias de dormir poco. Investigadores de la Universidad de Flinders, en Australia, han puesto nombre a un fen\u00f3meno inquietante: la apnea social. Un trastorno silencioso que aparece cuando los h\u00e1bitos de ocio del fin de semana alteran nuestro sue\u00f1o hasta el punto de empeorar \u2014o incluso desencadenar\u2014 la apnea del sue\u00f1o.<\/p>\n<p>El hallazgo parte de un an\u00e1lisis sin precedentes: m\u00e1s de 70.000 personas de 23 pa\u00edses fueron monitorizadas durante tres a\u00f1os con dispositivos que registraban sus patrones de sue\u00f1o en condiciones reales, no de laboratorio. Y la conclusi\u00f3n es dif\u00edcil de ignorar: los fines de semana disparan el riesgo de sufrir apnea en un 18% respecto a los d\u00edas laborables, un aumento que se explica por tres viejos conocidos de la vida social: el alcohol, el tabaco y la falta de descanso.<\/p>\n<p>La apnea del sue\u00f1o, recordemos, es mucho m\u00e1s que ronquidos o somnolencia. Es un trastorno grave en el que la respiraci\u00f3n se interrumpe de forma repetida mientras dormimos. Se calcula que hasta un 80% de los afectados no saben que la padecen, pese a que multiplica el riesgo de infartos, diabetes y deterioro cognitivo. Lo perturbador del concepto de apnea social es que se\u00f1ala directamente a nuestro estilo de vida como un detonante inmediato, no solo a factores biol\u00f3gicos o hereditarios.<\/p>\n<p>La biotecn\u00f3loga zaragozana Luc\u00eda Pinilla, autora principal del estudio, resume as\u00ed el hallazgo: \u201cNos sorprendi\u00f3 ver un pico muy pronunciado los fines de semana, que luego se estabilizaba entre semana\u201d. El famoso \u201ces viernes y el cuerpo lo sabe\u201d parece adquirir un matiz sombr\u00edo: lo sabe, pero a costa de tu salud.<\/p>\n<p>Un enemigo disfrazado de ocio<\/p>\n<p>Lo que este estudio nos ense\u00f1a es inc\u00f3modo: lo que asociamos con descanso y desconexi\u00f3n \u2014salir, trasnochar, dormir m\u00e1s tarde\u2014 puede convertirse en una trampa fisiol\u00f3gica. Dormir 45 minutos extra el fin de semana aument\u00f3 en un 47% los episodios de apnea. El llamado jet lag social, ese baile de horarios que aceptamos como inofensivo, se revela como un factor de riesgo tangible.<\/p>\n<p>El sesgo del diagn\u00f3stico<\/p>\n<p>Durante d\u00e9cadas, los estudios del sue\u00f1o se realizaban en laboratorios bajo condiciones controladas y, por lo general, entre semana. Eso significa que buena parte del impacto real de la apnea estaba quedando fuera del radar m\u00e9dico. Si solo miramos al paciente un martes por la noche, quiz\u00e1 no veamos la monta\u00f1a rusa respiratoria que lo ahoga los s\u00e1bados. Este desfase en la forma de diagnosticar explica por qu\u00e9 el trastorno sigue infravalorado en consultas y pol\u00edticas de salud p\u00fablica.<\/p>\n<p>Ahora bien, el consumo de alcohol, seg\u00fan un metaan\u00e1lisis de 23 estudios, incrementa un 25% la probabilidad de sufrir apnea. El tabaquismo, por su parte, se ha situado como uno de los mayores factores de riesgo despu\u00e9s de la edad y el sobrepeso. El nuevo concepto de apnea social no hace m\u00e1s que confirmar algo que ya intu\u00edamos: el cuerpo no tiene bot\u00f3n de reset para los excesos del fin de semana. Lo que ocurre en dos noches puede tener consecuencias en la salud respiratoria a largo plazo.<\/p>\n<p>M\u00e1s all\u00e1 del dato curioso<\/p>\n<p>Resulta tentador ver la apnea social como un fen\u00f3meno pasajero o anecd\u00f3tico. Sin embargo, la interpretaci\u00f3n de los expertos apunta en otra direcci\u00f3n. Si aceptamos que el ocio moderno \u2014con sus madrugadas, copas y pantallas\u2014 altera radicalmente nuestro sue\u00f1o, entonces estamos frente a un problema colectivo. Un problema que se multiplica en verano, durante vacaciones o fiestas navide\u00f1as, cuando los horarios se desdibujan a\u00fan m\u00e1s y los episodios de apnea se disparan hasta un 19%.<\/p>\n<p>Lo provocador de este estudio no es solo la etiqueta de \u201capnea social\u201d, sino lo que implica: la necesidad de repensar nuestra relaci\u00f3n con el descanso. Dormir bien no es un lujo ni un capricho, es un acto de responsabilidad con la propia salud. En un mundo que celebra los excesos de fin de semana y minimiza sus consecuencias, recordar que las v\u00edas respiratorias pueden colapsar mientras dormimos parece exagerado\u2026 hasta que comprendemos el riesgo real. @mundiario<\/p>\n","protected":false},"excerpt":{"rendered":"El descanso deber\u00eda ser el b\u00e1lsamo de las noches largas. Sin embargo, lo que muchos viven cada s\u00e1bado&hellip;\n","protected":false},"author":2,"featured_media":66174,"comment_status":"","ping_status":"","sticky":false,"template":"","format":"standard","meta":{"footnotes":""},"categories":[92],"tags":[26874,3484,25,24,1292,10957,165,18045,166,23,3466],"class_list":{"0":"post-66173","1":"post","2":"type-post","3":"status-publish","4":"format-standard","5":"has-post-thumbnail","7":"category-salud","8":"tag-apnea-social","9":"tag-descanso","10":"tag-es","11":"tag-espana","12":"tag-estudio","13":"tag-fin-de-semana","14":"tag-health","15":"tag-resaca","16":"tag-salud","17":"tag-spain","18":"tag-sueno"},"share_on_mastodon":{"url":"","error":""},"_links":{"self":[{"href":"https:\/\/www.europesays.com\/es\/wp-json\/wp\/v2\/posts\/66173","targetHints":{"allow":["GET"]}}],"collection":[{"href":"https:\/\/www.europesays.com\/es\/wp-json\/wp\/v2\/posts"}],"about":[{"href":"https:\/\/www.europesays.com\/es\/wp-json\/wp\/v2\/types\/post"}],"author":[{"embeddable":true,"href":"https:\/\/www.europesays.com\/es\/wp-json\/wp\/v2\/users\/2"}],"replies":[{"embeddable":true,"href":"https:\/\/www.europesays.com\/es\/wp-json\/wp\/v2\/comments?post=66173"}],"version-history":[{"count":0,"href":"https:\/\/www.europesays.com\/es\/wp-json\/wp\/v2\/posts\/66173\/revisions"}],"wp:featuredmedia":[{"embeddable":true,"href":"https:\/\/www.europesays.com\/es\/wp-json\/wp\/v2\/media\/66174"}],"wp:attachment":[{"href":"https:\/\/www.europesays.com\/es\/wp-json\/wp\/v2\/media?parent=66173"}],"wp:term":[{"taxonomy":"category","embeddable":true,"href":"https:\/\/www.europesays.com\/es\/wp-json\/wp\/v2\/categories?post=66173"},{"taxonomy":"post_tag","embeddable":true,"href":"https:\/\/www.europesays.com\/es\/wp-json\/wp\/v2\/tags?post=66173"}],"curies":[{"name":"wp","href":"https:\/\/api.w.org\/{rel}","templated":true}]}}