{"id":661746,"date":"2026-07-16T20:24:08","date_gmt":"2026-07-16T20:24:08","guid":{"rendered":"https:\/\/www.europesays.com\/es\/661746\/"},"modified":"2026-07-16T20:24:08","modified_gmt":"2026-07-16T20:24:08","slug":"la-casa-blanca-no-sabe-a-quien-apoya-trump-en-la-final-del-mundial","status":"publish","type":"post","link":"https:\/\/www.europesays.com\/es\/661746\/","title":{"rendered":"La Casa Blanca no sabe a qui\u00e9n apoya Trump en la final del Mundial"},"content":{"rendered":"<p class=\"article-text\">\n        \u00bfTrump va con Argentina o Espa\u00f1a? La Casa Blanca contesta, pero no sabe. \u201cEl presidente Trump ha tenido palabras duras para Espa\u00f1a la semana pasada en la cumbre de la OTAN respecto al gasti militar. \u00bfSignifica eso que apoyar\u00e1 a Argentina?\u201d, ha preguntado un periodista este jueves en la rueda de prensa de la secretaria de Prensa de la Casa Blanca, Karoline Leavitt, ha respondido: \u201cEs una pregunta muy buena, y me arrepiendo de no hab\u00e9rselo preguntado al presidente antes de venir aqu\u00ed; sabiendo que probablemente lo preguntar\u00edas&#8230; No he hablado sobre el tema, pero conseguiremos una respuesta. Puedes pregunt\u00e1rselo t\u00fa mismo en alg\u00fan momento antes del partido. Estoy seguro de que lo ver\u00e1s y de que tendr\u00e1 una respuesta divertida para ti al respecto\u201d.\n    <\/p>\n<p class=\"article-text\">\n        En efecto, mientras que con Javier Milei el presidente de EEUU mantiene una alianza pol\u00edtica estrecha como integrantes de una Internacional reaccionaria que busca el avance de la agenda ultra en el mundo. Prueba de ello fue el rescate econ\u00f3mico de Trump a Argentina condicionado a la victoria de Milei en las elecciones legislativas, y tambi\u00e9n que Argentina se alinea siempre en todos los foros internacionales, ya sea Davos o Naciones Unidas, del lado de la Administraci\u00f3n Trump.\n    <\/p>\n<p class=\"article-text\">\n        Por el contrario, Trump lleva insultando al Gobierno espa\u00f1ol desde la cumbre de la OTAN de La Haya, de 2025, a cuenta del porcentaje del PIB destinado a gasto en defensa, a lo que se suman diferencias pol\u00edticas fundamentales en asuntos clave para la Casa Blanca, como la relaci\u00f3n con Israel, la guerra en Ir\u00e1n, la represi\u00f3n migratoria y el negacionaismo clim\u00e1tico.\n    <\/p>\n","protected":false},"excerpt":{"rendered":"\u00bfTrump va con Argentina o Espa\u00f1a? La Casa Blanca contesta, pero no sabe. \u201cEl presidente Trump ha tenido&hellip;\n","protected":false},"author":2,"featured_media":661747,"comment_status":"","ping_status":"","sticky":false,"template":"","format":"standard","meta":{"footnotes":""},"categories":[93],"tags":[20777,386,385,168,25,24,1058,1070,689,23,167,936],"class_list":["post-661746","post","type-post","status-publish","format-standard","has-post-thumbnail","category-deportes","tag-apoya","tag-blanca","tag-casa","tag-deportes","tag-es","tag-espana","tag-final","tag-mundial","tag-no","tag-spain","tag-sports","tag-trump"],"share_on_mastodon":{"url":"https:\/\/pubeurope.com\/@es\/116931531132078773","error":""},"_links":{"self":[{"href":"https:\/\/www.europesays.com\/es\/wp-json\/wp\/v2\/posts\/661746","targetHints":{"allow":["GET"]}}],"collection":[{"href":"https:\/\/www.europesays.com\/es\/wp-json\/wp\/v2\/posts"}],"about":[{"href":"https:\/\/www.europesays.com\/es\/wp-json\/wp\/v2\/types\/post"}],"author":[{"embeddable":true,"href":"https:\/\/www.europesays.com\/es\/wp-json\/wp\/v2\/users\/2"}],"replies":[{"embeddable":true,"href":"https:\/\/www.europesays.com\/es\/wp-json\/wp\/v2\/comments?post=661746"}],"version-history":[{"count":0,"href":"https:\/\/www.europesays.com\/es\/wp-json\/wp\/v2\/posts\/661746\/revisions"}],"wp:featuredmedia":[{"embeddable":true,"href":"https:\/\/www.europesays.com\/es\/wp-json\/wp\/v2\/media\/661747"}],"wp:attachment":[{"href":"https:\/\/www.europesays.com\/es\/wp-json\/wp\/v2\/media?parent=661746"}],"wp:term":[{"taxonomy":"category","embeddable":true,"href":"https:\/\/www.europesays.com\/es\/wp-json\/wp\/v2\/categories?post=661746"},{"taxonomy":"post_tag","embeddable":true,"href":"https:\/\/www.europesays.com\/es\/wp-json\/wp\/v2\/tags?post=661746"}],"curies":[{"name":"wp","href":"https:\/\/api.w.org\/{rel}","templated":true}]}}