{"id":661781,"date":"2026-07-16T20:49:12","date_gmt":"2026-07-16T20:49:12","guid":{"rendered":"https:\/\/www.europesays.com\/es\/661781\/"},"modified":"2026-07-16T20:49:12","modified_gmt":"2026-07-16T20:49:12","slug":"el-actor-de-jurassic-park-sam-neill-murio-de-neumonia-dice-su-agente","status":"publish","type":"post","link":"https:\/\/www.europesays.com\/es\/661781\/","title":{"rendered":"El actor de &#8216;Jurassic Park&#8217; Sam Neill muri\u00f3 de neumon\u00eda, dice su agente"},"content":{"rendered":"\n<p>WELLINGTON, Nueva Zelanda\u00a0\u2014\u00a0El actor Sam Neill muri\u00f3 de neumon\u00eda y ser\u00e1 homenajeado m\u00e1s adelante con un funeral privado familiar en su granja de Nueva Zelanda, inform\u00f3 su agente a The Associated Press el jueves.<\/p>\n<p>La familia de Neill hab\u00eda anunciado antes que el actor, conocido por \u201cJurassic Park\u201d (\u201cParque Jur\u00e1sico\u201d), \u201cThe piano\u201d (\u201cEl piano\u201d) y otras pel\u00edculas, muri\u00f3 el lunes en Sydney.<\/p>\n<p>Su agente, Philip Grenz, se\u00f1al\u00f3 que aportaba m\u00e1s informaci\u00f3n despu\u00e9s de hablar con la familia de Neill y tras reportes noticiosos \u201cque contienen inexactitudes y falsedades descaradas\u201d, afirm\u00f3.<\/p>\n<p>\u201cSam falleci\u00f3 de neumon\u00eda\u201d, afirm\u00f3 Grenz. \u201cAntes de enfermar, Sam hab\u00eda luchado valientemente y vencido el linfoma mediante un nuevo tratamiento llamado terapia CAR-T\u201d.<\/p>\n<p>Tambi\u00e9n indic\u00f3 que Neill hab\u00eda grabado cuatro proyectos \u201cuno tras otro\u201d durante el \u00faltimo a\u00f1o, cuyo estreno est\u00e1 previsto para los pr\u00f3ximos meses.<\/p>\n<p>\u201cComo Sam era un hombre intensamente reservado que detestaba el alboroto, su familia le recordar\u00e1 con un funeral privado familiar en su granja de Nueva Zelanda en una fecha posterior a\u00fan por determinar\u201d, explic\u00f3 Grenz.<\/p>\n<p>El actor neozeland\u00e9s revel\u00f3 en 2023 que le hab\u00edan diagnosticado linfoma de c\u00e9lulas T angioinmunobl\u00e1stico, un tipo raro de linfoma no Hodgkin, y dijo en abril de este a\u00f1o que estaba libre de c\u00e1ncer. La terapia CAR-T es una forma de inmunoterapia basada en las c\u00e9lulas T, o linfocitos T, de una persona y se utiliza para varios tipos de c\u00e1ncer de la sangre.<\/p>\n<p>El comunicado de su agente lleg\u00f3 despu\u00e9s de d\u00edas de homenajes a Neill por parte de colegas de la industria cinematogr\u00e1fica, quienes lo recordaron como un hombre amable, ingenioso y curioso.<\/p>\n<p>El director Taika Waititi, quien dirigi\u00f3 a Neill en \u201cHunt for the Wilderpeople\u201d (2016) \u2014una de las pel\u00edculas m\u00e1s queridas de Neill en Nueva Zelanda\u2014, escribi\u00f3 en Instagram el mi\u00e9rcoles: \u201cEres muy querido y todos te extra\u00f1aremos mucho\u201d.<\/p>\n<p>\u201cTe quiero y nos vemos pronto, dulce Nigel\u201d, a\u00f1adi\u00f3 Waititi empleando el nombre de nacimiento de Neill, que \u00e9l cont\u00f3 a entrevistadores que cambi\u00f3 a Sam en la escuela porque hab\u00eda demasiados Nigels en su clase.<\/p>\n<p>Steven Spielberg, quien dirigi\u00f3 la primera pel\u00edcula de \u201cJurassic Park\u201d, en la que Neill interpret\u00f3 al paleont\u00f3logo Alan Grant, dijo que \u201cSam fue excepcionalmente colaborador\u201d.<\/p>\n<p>\u201cMe encant\u00f3 hacer todas las pel\u00edculas de Jurassic con \u00e9l. Junto con Laura Dern y Jeff Goldblum, siempre tendremos nuestra familia Jurassic y Sam nunca ser\u00e1 olvidado por nosotros ni por sus muchos millones de fans en todo el mundo\u201d, se\u00f1al\u00f3 Spielberg en un comunicado.<\/p>\n<p>Neill fue uno de los numerosos actores y directores que alcanzaron fama internacional tras una explosi\u00f3n de pel\u00edculas australianas que comenz\u00f3 a finales de la d\u00e9cada de 1970. En Nueva Zelanda, se le ha llorado como una persona amable y sencilla que rehu\u00eda la celebridad y contribuy\u00f3 a causas y proyectos comunitarios cerca de su hogar, seg\u00fan medios locales.<\/p>\n<p>Neill tambi\u00e9n era viticultor y, bajo su marca Two Paddocks, produjo vinos pinot noir y riesling desde su bodega en la regi\u00f3n de Central Otago, en la Isla Sur de Nueva Zelanda.<\/p>\n<p>Le sobreviven sus cuatro hijos y ocho nietos.<\/p>\n<p>___<\/p>\n<p>Esta historia fue traducida del ingl\u00e9s por un editor de AP con la ayuda de una herramienta de inteligencia artificial generativa.<\/p>\n","protected":false},"excerpt":{"rendered":"WELLINGTON, Nueva Zelanda\u00a0\u2014\u00a0El actor Sam Neill muri\u00f3 de neumon\u00eda y ser\u00e1 homenajeado m\u00e1s adelante con un funeral privado&hellip;\n","protected":false},"author":2,"featured_media":661782,"comment_status":"","ping_status":"","sticky":false,"template":"","format":"standard","meta":{"footnotes":""},"categories":[91],"tags":[1339,3827,67653,120827,146,147,25,24,367,17002,9110,4863,83308,3430,15243,1257,120826,42506,27294,23],"class_list":["post-661781","post","type-post","status-publish","format-standard","has-post-thumbnail","category-entretenimiento","tag-actor","tag-agente","tag-amable","tag-celula-t-angioinmunoblastico","tag-entertainment","tag-entretenimiento","tag-es","tag-espana","tag-familia","tag-familiar","tag-jurassic-park","tag-linfoma","tag-neill","tag-neumonia","tag-nueva-zelanda","tag-pelicula","tag-philip-grenz","tag-privado","tag-sam","tag-spain"],"share_on_mastodon":{"url":"https:\/\/pubeurope.com\/@es\/116931629449741746","error":""},"_links":{"self":[{"href":"https:\/\/www.europesays.com\/es\/wp-json\/wp\/v2\/posts\/661781","targetHints":{"allow":["GET"]}}],"collection":[{"href":"https:\/\/www.europesays.com\/es\/wp-json\/wp\/v2\/posts"}],"about":[{"href":"https:\/\/www.europesays.com\/es\/wp-json\/wp\/v2\/types\/post"}],"author":[{"embeddable":true,"href":"https:\/\/www.europesays.com\/es\/wp-json\/wp\/v2\/users\/2"}],"replies":[{"embeddable":true,"href":"https:\/\/www.europesays.com\/es\/wp-json\/wp\/v2\/comments?post=661781"}],"version-history":[{"count":0,"href":"https:\/\/www.europesays.com\/es\/wp-json\/wp\/v2\/posts\/661781\/revisions"}],"wp:featuredmedia":[{"embeddable":true,"href":"https:\/\/www.europesays.com\/es\/wp-json\/wp\/v2\/media\/661782"}],"wp:attachment":[{"href":"https:\/\/www.europesays.com\/es\/wp-json\/wp\/v2\/media?parent=661781"}],"wp:term":[{"taxonomy":"category","embeddable":true,"href":"https:\/\/www.europesays.com\/es\/wp-json\/wp\/v2\/categories?post=661781"},{"taxonomy":"post_tag","embeddable":true,"href":"https:\/\/www.europesays.com\/es\/wp-json\/wp\/v2\/tags?post=661781"}],"curies":[{"name":"wp","href":"https:\/\/api.w.org\/{rel}","templated":true}]}}