{"id":66183,"date":"2025-08-23T04:42:19","date_gmt":"2025-08-23T04:42:19","guid":{"rendered":"https:\/\/www.europesays.com\/es\/66183\/"},"modified":"2025-08-23T04:42:19","modified_gmt":"2025-08-23T04:42:19","slug":"prision-sin-fianza-para-el-hombre-que-incendio-una-cafeteria-por-no-tener-mayonesa-hay-riesgo-de-fuga","status":"publish","type":"post","link":"https:\/\/www.europesays.com\/es\/66183\/","title":{"rendered":"Prisi\u00f3n sin fianza para el hombre que incendi\u00f3 una cafeter\u00eda por no tener mayonesa: hay \u00abriesgo de fuga\u00bb"},"content":{"rendered":"<p class=\"paragraph\" id=\"paragraph_1\">El hombre que <a href=\"https:\/\/www.elespanol.com\/sevilla\/provincia\/20250821\/hombre-prende-fuego-cafeteria-sevilla-no-tener-salsas-montadito-acaba-quemando-trt-kw\/1003743894262_0.html?utm_cmp_rs=linksinline\" title=\"Un hombre prende fuego a una cafeter\u00eda de Sevilla por no tener salsas para su montadito y se acaba quemando\" rel=\"nofollow noopener\" target=\"_blank\">prendi\u00f3 <\/a>fuego a una <a href=\"https:\/\/www.elespanol.com\/malaga\/vivir\/gastronomia\/20250610\/bar-barrio-malaga-enamoro-dani-rovira-plato-estrella-albondigas-salsa-trt\/1003743796435_0.html?utm_cmp_rs=linksinline\" title=\"El bar de barrio en M\u00e1laga que enamor\u00f3 a Dani Rovira: su plato estrella son las alb\u00f3ndigas en salsa\" rel=\"nofollow noopener\" target=\"_blank\">cafeter\u00eda <\/a>del municipio sevillano de Los Palacios y Villafranca por no tener mayonesa ha pasado a<strong> prisi\u00f3n provisional comunicada y sin fianza<\/strong>. La jueza cree \u00abnecesaria\u00bb esta medida debido a la naturaleza de los hechos y al riesgo de fuga por la gravedad de las penas.<\/p>\n<p class=\"paragraph\" id=\"paragraph_2\">La magistrada considera que hay un \u00ab<strong>alto riesgo de reiteraci\u00f3n delictiva<\/strong>\u00bb y destaca que los hechos han provocado \u00abuna gran alarma social\u00bb. El due\u00f1o del bar afectado ha se\u00f1alado que los da\u00f1os rondan los \u00ab7.000 o 10.000 euros\u00bb.<\/p>\n<p class=\"paragraph\" id=\"paragraph_3\">En el auto judicial, califica la medida cautelar de prisi\u00f3n provisional como <strong>\u00abproporcional, adecuada e id\u00f3nea a los fines propuestos\u00bb<\/strong>. El investigado ha prestado declaraci\u00f3n durante su comparecencia en sede judicial.<\/p>\n<p><img loading=\"lazy\" decoding=\"async\" alt=\"Imagen de recurso de un cami\u00f3n de bomberos.\" height=\"180\" src=\"https:\/\/www.europesays.com\/es\/wp-content\/uploads\/2025\/08\/1003743894557_258135581_320x180.jpg\" width=\"320\" data-lazy-status=\"processed\" data-lazy-info=\"remove loading item 1\"\/><\/p>\n<p class=\"paragraph\" id=\"paragraph_4\">Los hechos ocurrieron el pasado mi\u00e9rcoles, cuando el <strong>detenido visit\u00f3 la cafeter\u00eda<\/strong> Las Postas, en la avenida de C\u00e1diz, en el municipio de Los Palacios de Villafranca.<\/p>\n<p class=\"paragraph\" id=\"paragraph_5\">Despu\u00e9s de pedirle a uno de los camareros mayonesa para acompa\u00f1ar su montadito, este le dijo que <strong>no dispon\u00edan de salsas<\/strong> puesto que mayoritariamente serv\u00edan desayunos y copas por la tarde.<\/p>\n<p>\u00abActu\u00f3 de forma normal\u00bb<\/p>\n<p class=\"paragraph\" id=\"paragraph_6\">Seg\u00fan ha informado el due\u00f1o del local, Jos\u00e9 Antonio Caballero, a Europa Press, el autor de los hechos <strong>\u00abactu\u00f3 de una forma normal\u00bb<\/strong>. Sin embargo, la sorpresa lleg\u00f3 cuando el hombre, despu\u00e9s de haber salido, volvi\u00f3 al establecimiento con una botella de agua llena de gasolina.<\/p>\n<p class=\"paragraph\" id=\"paragraph_7\">El detenido le volvi\u00f3 a preguntar al camarero si ten\u00edan salsas y recibi\u00f3 la misma respuesta. Posteriormente, tal y como se puede apreciar en unas im\u00e1genes difundidas por el propio due\u00f1o de la cafeter\u00eda, <strong>verti\u00f3 el combustible sobre la barra<\/strong> del establecimiento y le prendi\u00f3 fuego. El detenido se provoc\u00f3 quemaduras en el brazo cuando incendi\u00f3 la barra.<\/p>\n<p class=\"paragraph\" id=\"paragraph_8\">\u00ab<strong>Imag\u00ednate el fuego que se form\u00f3<\/strong>. Hab\u00eda ni\u00f1os delante, personas pasando la tarde. Fue tremendo\u00bb, ha se\u00f1alado Caballero.<\/p>\n<p>Da\u00f1os de entre 7.000 y 10.000\u20ac<\/p>\n<p class=\"paragraph\" id=\"paragraph_9\">Asimismo, ha destacado que fue una de las camareras quien fue tras el detenido y avis\u00f3 a quienes estaban en la calle de los hechos. Finalmente, dos j\u00f3venes <strong>retuvieron al individuo<\/strong> hasta que lleg\u00f3 la polic\u00eda.<\/p>\n<p class=\"paragraph\" id=\"paragraph_10\">Seg\u00fan el gerente del establecimiento, los da\u00f1os rondan los <strong>7.000 o 10.000 euros<\/strong>. No obstante, Caballero defiende que \u00abes lo de menos\u00bb y que \u00abal menos no ha habido heridos\u00bb. <\/p>\n<p class=\"paragraph\" id=\"paragraph_11\">La cafeter\u00eda Las Postas <strong>ya est\u00e1 abierta con normalidad<\/strong> gracias a la labor de los trabajadores, quienes, seg\u00fan el due\u00f1o del local, han entrado alrededor de dos horas antes de lo previsto para ayudar. <\/p>\n","protected":false},"excerpt":{"rendered":"El hombre que prendi\u00f3 fuego a una cafeter\u00eda del municipio sevillano de Los Palacios y Villafranca por no&hellip;\n","protected":false},"author":2,"featured_media":66184,"comment_status":"","ping_status":"","sticky":false,"template":"","format":"standard","meta":{"footnotes":""},"categories":[5],"tags":[17,18,25,24,13,14,11,4342,19,20,9,10,15,16,26876,10047,23,257,26875,12,21,22],"class_list":{"0":"post-66183","1":"post","2":"type-post","3":"status-publish","4":"format-standard","5":"has-post-thumbnail","7":"category-titulares","8":"tag-breaking-news","9":"tag-breakingnews","10":"tag-es","11":"tag-espana","12":"tag-featured-news","13":"tag-featurednews","14":"tag-headlines","15":"tag-incendios","16":"tag-latest-news","17":"tag-latestnews","18":"tag-news","19":"tag-noticias","20":"tag-noticias-destacadas","21":"tag-noticiasdestacadas","22":"tag-provincia-de-sevilla","23":"tag-sevilla-municipio","24":"tag-spain","25":"tag-sucesos","26":"tag-sucesos-y-acontecimientos","27":"tag-titulares","28":"tag-ultimas-noticias","29":"tag-ultimasnoticias"},"share_on_mastodon":{"url":"","error":""},"_links":{"self":[{"href":"https:\/\/www.europesays.com\/es\/wp-json\/wp\/v2\/posts\/66183","targetHints":{"allow":["GET"]}}],"collection":[{"href":"https:\/\/www.europesays.com\/es\/wp-json\/wp\/v2\/posts"}],"about":[{"href":"https:\/\/www.europesays.com\/es\/wp-json\/wp\/v2\/types\/post"}],"author":[{"embeddable":true,"href":"https:\/\/www.europesays.com\/es\/wp-json\/wp\/v2\/users\/2"}],"replies":[{"embeddable":true,"href":"https:\/\/www.europesays.com\/es\/wp-json\/wp\/v2\/comments?post=66183"}],"version-history":[{"count":0,"href":"https:\/\/www.europesays.com\/es\/wp-json\/wp\/v2\/posts\/66183\/revisions"}],"wp:featuredmedia":[{"embeddable":true,"href":"https:\/\/www.europesays.com\/es\/wp-json\/wp\/v2\/media\/66184"}],"wp:attachment":[{"href":"https:\/\/www.europesays.com\/es\/wp-json\/wp\/v2\/media?parent=66183"}],"wp:term":[{"taxonomy":"category","embeddable":true,"href":"https:\/\/www.europesays.com\/es\/wp-json\/wp\/v2\/categories?post=66183"},{"taxonomy":"post_tag","embeddable":true,"href":"https:\/\/www.europesays.com\/es\/wp-json\/wp\/v2\/tags?post=66183"}],"curies":[{"name":"wp","href":"https:\/\/api.w.org\/{rel}","templated":true}]}}