{"id":661848,"date":"2026-07-16T21:41:15","date_gmt":"2026-07-16T21:41:15","guid":{"rendered":"https:\/\/www.europesays.com\/es\/661848\/"},"modified":"2026-07-16T21:41:15","modified_gmt":"2026-07-16T21:41:15","slug":"la-guardia-civil-detiene-al-presunto-autor-del-incendio-de-lozoyuela-en-la-sierra-de-madrid","status":"publish","type":"post","link":"https:\/\/www.europesays.com\/es\/661848\/","title":{"rendered":"La Guardia Civil detiene al presunto autor del incendio de Lozoyuela en la sierra de Madrid"},"content":{"rendered":"<p class=\"article-text\">\n        Protecci\u00f3n Civil ha emitido este jueves un mensaje Es-Alert pidiendo el confinamiento a los vecinos de las localidades madrile\u00f1as de Buitrago de Lozoya y pedan\u00edas de Cinco Villas Manjir\u00f3n y Puentes Viejas por un incendio registrado en el t\u00e9rmino municipal de Lozoyuela. El delegado de Gobierno de Madrid ha detallado que la Guardia Civil ha detenido al presunto responsable de iniciar el fuego en las inmediaciones del \u00e1rea afectada y que tiene antecedentes similares.\n    <\/p>\n<p>    <a href=\"https:\/\/www.eldiario.es\/castilla-la-mancha\/social\/bomberos-forestales-salen-calle-toledo-recortes-extincion-incendios_1_13384943.html\" data-mrf-recirculation=\"saber-mas\" data-dl-event=\"saber-mas\" rel=\"nofollow noopener\" target=\"_blank\"><\/p>\n<p class=\"know-more__title\">Los bomberos forestales salen a la calle en Toledo contra los \u00abrecortes\u00bb en extinci\u00f3n de incendios<\/p>\n<p>            <img decoding=\"async\" class=\"lazy\" loading=\"lazy\" data-src=\"https:\/\/static.eldiario.es\/clip\/c046d118-2da7-4bb6-9dfa-727d7edc3dd5_16-9-aspect-ratio_default_0_x915y797.jpg\" src=\"data:image\/svg+xml,%3Csvg xmlns=\" http:=\"\" viewbox=\"0 0 880 495\" alt=\"Los bomberos forestales salen a la calle en Toledo contra los &quot;recortes&quot; en extinci\u00f3n de incendios\"\/><\/p>\n<p>                        <\/a><\/p>\n<p class=\"article-text\">\n        El incendio se ha originado sobre las 16.00 horas en una zona de vegetaci\u00f3n donde por el momento trabajan 28 dotaciones terrestres y nueve medios a\u00e9reos de Bomberos de la Comunidad de Madrid en colaboraci\u00f3n con Agentes Forestales. El Puesto de Mando Avanzado ha quedado instalado en el Parque de Bomberos de Lozoyuela.\n    <\/p>\n<p class=\"article-text\">\n        \u201cDebido a la evoluci\u00f3n del incendio en las proximidades de Buitrago del Lozoya y pedan\u00edas de Cinco Villas y Manjir\u00f3n (Puentes Viejas), permanezca confinado en su vivienda hasta nuevo aviso. Mantenga puertas y ventanas cerradas y evite salir al exterior. Siga toda la informaci\u00f3n actualizada en medios de comunicaci\u00f3n y redes sociales oficiales. Por favor, solo llame al 112 en caso de emergencia\u201d, reza el texto. Adem\u00e1s, se ha llevado a cabo el desalojo preventivo de viviendas aisladas y de la urbanizaci\u00f3n San L\u00e1zaro, en Buitrago de Lozoya, as\u00ed como el corte de la autov\u00eda A-1 (Madrid-Burgos) a la altura del kil\u00f3metro 69, si bien despu\u00e9s se ha reabierto el carril izquierdo.\n    <\/p>\n<p class=\"article-text\">\n        La Agencia de Seguridad y Emergencias Madrid 112 (ASEM112) ha activado la Situaci\u00f3n Operativa 2 del Plan de Protecci\u00f3n Civil contra Incendios Forestales de la Comunidad de Madrid (INFOMA). \u201cLos equipos de emergencia contin\u00faan desplegados para proteger a las personas y el entorno. Son momentos de coordinaci\u00f3n, responsabilidad y trabajo en equipo\u201d, ha indicado la presidenta de la Comunidad, Isabel D\u00edaz Ayuso, en un mensaje en su cuenta personal de la red social &#8216;X&#8217;.\n    <\/p>\n<p class=\"article-text\">\n        La Guardia Civil mantiene desplegadas patrullas de seguridad ciudadana, las Oficinas M\u00f3viles de Atenci\u00f3n a la Ciudadan\u00eda (OMAC) y la Unidad de Seguridad Ciudadana de la Comandancia (USECIC). El delegado Francisco Mart\u00edn ha afirmado en sus redes sociales que sigue \u201ccon atenci\u00f3n\u201d la evoluci\u00f3n del incendio, poniendo a disposici\u00f3n \u201ctodos los recursos p\u00fablicos\u201d para atender la emergencia. Adem\u00e1s, ha hecho un llamamiento a la ciudadan\u00eda para extremar la precauci\u00f3n, evitar desplazamientos innecesarios a la zona y seguir en todo momento las indicaciones de los servicios de emergencia.\n    <\/p>\n<p class=\"article-text\">\n        Por su parte, el Servicio de Prevenci\u00f3n y Extinci\u00f3n de Incendios Forestales de Castilla- La Mancha ha asegurado en sus redes sociales que est\u00e1n haciendo seguimiento del incendio, que permanece a 15 kil\u00f3metros de la comunidad colindante, pero que entra\u00f1a \u201cgran dificultad\u201d por el viento.\n    <\/p>\n<p>    <a href=\"https:\/\/www.eldiario.es\/castilla-la-mancha\/provincias\/guadalajara\/pueblo-evacuado-confinado-guadalajara-causa-humo-producido-incendio-forestal_1_13385853.html\" data-mrf-recirculation=\"saber-mas-abajo\" data-dl-event=\"saber-mas-abajo\" rel=\"nofollow noopener\" target=\"_blank\"><\/p>\n<p class=\"know-more__title\">Castilla-La Mancha pide la intervenci\u00f3n de la UME en el incendio forestal de La Mierla, en Guadalajara<\/p>\n<p>            <img decoding=\"async\" class=\"lazy\" loading=\"lazy\" data-src=\"https:\/\/static.eldiario.es\/clip\/6e090d10-6518-46c8-87dd-3c4d2b3b8f36_16-9-aspect-ratio_default_0.jpg\" src=\"data:image\/svg+xml,%3Csvg xmlns=\" http:=\"\" viewbox=\"0 0 880 495\" alt=\"El incendio forestal de La Mierla ha quemado ya m\u00e1s de 1.500 hect\u00e1reas\"\/><\/p>\n<p>                        <\/a><\/p>\n<p>            <img decoding=\"async\" class=\"lazy\" loading=\"lazy\" data-src=\"https:\/\/static.eldiario.es\/clip\/6474813d-17b2-4736-a20f-bb46a362d21a_16-9-discover-aspect-ratio_default_0.jpg\" src=\"data:image\/svg+xml,%3Csvg xmlns=\" http:=\"\" viewbox=\"0 0 1200 675\" alt=\"Imagen del Es-Alert enviada por la Comunidad de Madrid por el incendio en Lozoyuela\"\/><\/p>\n<p class=\"article-text\">\n        Adem\u00e1s, se han producido varios cortes en carreteras cercanas. Permanece cortada la salida 69 de A1, la carretera M126 en el km 0, la M135 en el km 5 y la conexi\u00f3n Mangiron-Cinco Villas- Buitrago.\n    <\/p>\n<blockquote class=\"twitter-tweet\" data-lang=\"es\"><p><a href=\"https:\/\/twitter.com\/X\/status\/2077785842236510651?ref_src=twsrc%5Etfw\" rel=\"nofollow noopener\" target=\"_blank\"><\/p><\/blockquote>\n<p>                                        <script async src=\"https:\/\/platform.twitter.com\/widgets.js\" charset=\"utf-8\"><\/script><\/p>\n","protected":false},"excerpt":{"rendered":"Protecci\u00f3n Civil ha emitido este jueves un mensaje Es-Alert pidiendo el confinamiento a los vecinos de las localidades&hellip;\n","protected":false},"author":2,"featured_media":661849,"comment_status":"","ping_status":"","sticky":false,"template":"","format":"standard","meta":{"footnotes":""},"categories":[5],"tags":[49517,17,18,9451,22889,25,24,13,14,8720,11,48,19,20,18197,120806,205,9,10,15,16,57041,11774,23,12,21,22],"class_list":["post-661848","post","type-post","status-publish","format-standard","has-post-thumbnail","category-titulares","tag-alert","tag-breaking-news","tag-breakingnews","tag-confinar","tag-envio","tag-es","tag-espana","tag-featured-news","tag-featurednews","tag-fuerza","tag-headlines","tag-incendio","tag-latest-news","tag-latestnews","tag-localidades","tag-lozoyuela","tag-madrid","tag-news","tag-noticias","tag-noticias-destacadas","tag-noticiasdestacadas","tag-pidiendo","tag-sierra","tag-spain","tag-titulares","tag-ultimas-noticias","tag-ultimasnoticias"],"share_on_mastodon":{"url":"https:\/\/pubeurope.com\/@es\/116931833837520609","error":""},"_links":{"self":[{"href":"https:\/\/www.europesays.com\/es\/wp-json\/wp\/v2\/posts\/661848","targetHints":{"allow":["GET"]}}],"collection":[{"href":"https:\/\/www.europesays.com\/es\/wp-json\/wp\/v2\/posts"}],"about":[{"href":"https:\/\/www.europesays.com\/es\/wp-json\/wp\/v2\/types\/post"}],"author":[{"embeddable":true,"href":"https:\/\/www.europesays.com\/es\/wp-json\/wp\/v2\/users\/2"}],"replies":[{"embeddable":true,"href":"https:\/\/www.europesays.com\/es\/wp-json\/wp\/v2\/comments?post=661848"}],"version-history":[{"count":0,"href":"https:\/\/www.europesays.com\/es\/wp-json\/wp\/v2\/posts\/661848\/revisions"}],"wp:featuredmedia":[{"embeddable":true,"href":"https:\/\/www.europesays.com\/es\/wp-json\/wp\/v2\/media\/661849"}],"wp:attachment":[{"href":"https:\/\/www.europesays.com\/es\/wp-json\/wp\/v2\/media?parent=661848"}],"wp:term":[{"taxonomy":"category","embeddable":true,"href":"https:\/\/www.europesays.com\/es\/wp-json\/wp\/v2\/categories?post=661848"},{"taxonomy":"post_tag","embeddable":true,"href":"https:\/\/www.europesays.com\/es\/wp-json\/wp\/v2\/tags?post=661848"}],"curies":[{"name":"wp","href":"https:\/\/api.w.org\/{rel}","templated":true}]}}