{"id":661902,"date":"2026-07-16T22:21:11","date_gmt":"2026-07-16T22:21:11","guid":{"rendered":"https:\/\/www.europesays.com\/es\/661902\/"},"modified":"2026-07-16T22:21:11","modified_gmt":"2026-07-16T22:21:11","slug":"la-acumulacion-de-acidos-biliares-impulsa-la-propagacion-del-cancer-de-mama-2","status":"publish","type":"post","link":"https:\/\/www.europesays.com\/es\/661902\/","title":{"rendered":"La acumulaci\u00f3n de \u00e1cidos biliares impulsa la propagaci\u00f3n del c\u00e1ncer de mama"},"content":{"rendered":"<p>Cada vez m\u00e1s evidencia recopilada de que la disbiosis comensal, caracterizada por un microbioma intestinal inflamatorio con biodiversidad reducida, potencia la diseminaci\u00f3n de tumores RH+ al inducir inflamaci\u00f3n de la gl\u00e1ndula mamaria. El c\u00e1ncer de mama con receptores hormonales positivos (HR+) es, con diferencia, la forma m\u00e1s com\u00fan de c\u00e1ncer &#8230;            &#13;\n        <\/p>\n<p>Cada vez m\u00e1s evidencia recopilada de que la disbiosis comensal, caracterizada por un microbioma intestinal inflamatorio con biodiversidad reducida, potencia la diseminaci\u00f3n de tumores RH+ al inducir inflamaci\u00f3n de la gl\u00e1ndula mamaria. El c\u00e1ncer de mama con receptores hormonales positivos (HR+) es, con diferencia, la forma m\u00e1s com\u00fan de c\u00e1ncer de mama metast\u00e1sico.<\/p>\n<p>Con el objetivo de\u00a0investigar los mecanismos sist\u00e9micos que rigen la met\u00e1stasis inducida por disbiosis, cient\u00edficos de la Facultad de Medicina de la Universidad de Virginia (EEUU) llevaron a cabo un estudio que sugiere que\u00a0la acumulaci\u00f3n de \u00e1cidos biliares causada por un intestino poco saludable puede propagar el c\u00e1ncer de mama a otras partes del organismo.<\/p>\n<p>\u00abDescubrimos que un microbioma intestinal poco saludable pierde la capacidad de regular la composici\u00f3n de los \u00e1cidos biliares, potentes mol\u00e9culas de se\u00f1alizaci\u00f3n que, cuando no se regulan adecuadamente, pueden causar estragos en la salud, el metabolismo y el sistema inmunitario. Esto crea un entorno en todo el cuerpo que favorece la met\u00e1stasis del c\u00e1ncer de mama\u00bb, seg\u00fan explic\u00f3 la Dra.\u00a0Melanie Rutkowski, de la Universidad de Virginia.<\/p>\n<p>Para evaluar la relevancia cl\u00ednica, los an\u00e1lisis del Atlas del Genoma del C\u00e1ncer (TCGA) revelaron que las firmas gen\u00e9ticas asociadas con el metabolismo de los \u00e1cidos biliares, la resistencia a la insulina y la s\u00edntesis de PGE2 se correlacionan con una menor supervivencia en pacientes con c\u00e1ncer de mama con receptores hormonales positivos (HR+). <\/p>\n<p>Los hallazgos, publicados en la revista &#8216;Cancer Research&#8217;, identificaron un eje BA-PGE2 impulsado por la disbiosis comensal que reprograma sist\u00e9micamente el metabolismo y la inflamaci\u00f3n para promover la diseminaci\u00f3n de tumores de mama HR+.\u00a0En conjunto, los resultados revelaron que la p\u00e9rdida del metabolismo de los \u00e1cidos biliares microbianos asociada a la disbiosis comensal eleva los niveles de \u00e1cidos biliares primarios y promueve la progresi\u00f3n metast\u00e1sica HR+<\/p>\n<p>Este trabajo establece, en definitiva, un marco mecanicista que vincula el microbioma intestinal, la disfunci\u00f3n metab\u00f3lica y la se\u00f1alizaci\u00f3n inflamatoria con la progresi\u00f3n metast\u00e1sica, y destaca los metabolitos derivados del microbioma y las v\u00edas de los eicosanoides como dianas terap\u00e9uticas viables.\u00a0\u00abLa microbiota intestinal alterada pueden crear condiciones que facilitan la propagaci\u00f3n de las c\u00e9lulas de c\u00e1ncer de mama\u00bb, seg\u00fan afirm\u00f3, al respecto, Audrey Putelo, doctora y coautora del estudio.<\/p>\n<p>Los prometedores resultados de este estudio sugieren, en s\u00edntesis, que actuar sobre los \u00e1cidos biliares, o sobre la disbiosis subyacente, podr\u00eda mejorar a la larga los resultados para los pacientes con c\u00e1ncer metast\u00e1sico HR+.\u00a0<\/p>\n<p>A partir de ah\u00ed,\u00a0los investigadores est\u00e1n convencidos de que\u00a0\u00abse podr\u00eda reducir la met\u00e1stasis del c\u00e1ncer de mama, reponiendo las bacterias que pueden modificar la composici\u00f3n de los \u00e1cidos biliares o tratando a las pacientes con c\u00e1ncer de mama con secuestradores de \u00e1cidos biliares, f\u00e1rmacos que ya est\u00e1n aprobados por la FDA para el tratamiento de enfermedades metab\u00f3licas\u00bb.\u00a0<\/p>\n","protected":false},"excerpt":{"rendered":"Cada vez m\u00e1s evidencia recopilada de que la disbiosis comensal, caracterizada por un microbioma intestinal inflamatorio con biodiversidad&hellip;\n","protected":false},"author":2,"featured_media":661714,"comment_status":"","ping_status":"","sticky":false,"template":"","format":"standard","meta":{"footnotes":""},"categories":[92],"tags":[112811,10233,113461,1066,78244,3343,7437,86819,25,24,67582,3361,165,5022,120811,2383,869,4917,120812,18489,3265,9785,38403,44056,8757,33130,9952,20439,1288,166,79489,23,32120,1077],"class_list":["post-661902","post","type-post","status-publish","format-standard","has-post-thumbnail","category-salud","tag-acidos","tag-acumulacion","tag-biliares","tag-cancer","tag-derivados","tag-desarrollo","tag-dirigidas","tag-disbiosis","tag-es","tag-espana","tag-especifica","tag-estrategias","tag-health","tag-impulsa","tag-inducidos","tag-inflamacion","tag-lo","tag-mama","tag-mamario","tag-metabolitos","tag-metastasico","tag-metastasis","tag-microbioma","tag-promueve","tag-propagacion","tag-provocan","tag-reducir","tag-respalda","tag-riesgo","tag-salud","tag-sistemica","tag-spain","tag-tejido","tag-tumores"],"share_on_mastodon":{"url":"https:\/\/pubeurope.com\/@es\/116931991420522320","error":""},"_links":{"self":[{"href":"https:\/\/www.europesays.com\/es\/wp-json\/wp\/v2\/posts\/661902","targetHints":{"allow":["GET"]}}],"collection":[{"href":"https:\/\/www.europesays.com\/es\/wp-json\/wp\/v2\/posts"}],"about":[{"href":"https:\/\/www.europesays.com\/es\/wp-json\/wp\/v2\/types\/post"}],"author":[{"embeddable":true,"href":"https:\/\/www.europesays.com\/es\/wp-json\/wp\/v2\/users\/2"}],"replies":[{"embeddable":true,"href":"https:\/\/www.europesays.com\/es\/wp-json\/wp\/v2\/comments?post=661902"}],"version-history":[{"count":0,"href":"https:\/\/www.europesays.com\/es\/wp-json\/wp\/v2\/posts\/661902\/revisions"}],"wp:featuredmedia":[{"embeddable":true,"href":"https:\/\/www.europesays.com\/es\/wp-json\/wp\/v2\/media\/661714"}],"wp:attachment":[{"href":"https:\/\/www.europesays.com\/es\/wp-json\/wp\/v2\/media?parent=661902"}],"wp:term":[{"taxonomy":"category","embeddable":true,"href":"https:\/\/www.europesays.com\/es\/wp-json\/wp\/v2\/categories?post=661902"},{"taxonomy":"post_tag","embeddable":true,"href":"https:\/\/www.europesays.com\/es\/wp-json\/wp\/v2\/tags?post=661902"}],"curies":[{"name":"wp","href":"https:\/\/api.w.org\/{rel}","templated":true}]}}