{"id":66199,"date":"2025-08-23T04:59:09","date_gmt":"2025-08-23T04:59:09","guid":{"rendered":"https:\/\/www.europesays.com\/es\/66199\/"},"modified":"2025-08-23T04:59:09","modified_gmt":"2025-08-23T04:59:09","slug":"estudios-recientes-senalan-posibles-riesgos-de-cancer-asociados-a-los-tatuajes","status":"publish","type":"post","link":"https:\/\/www.europesays.com\/es\/66199\/","title":{"rendered":"Estudios recientes se\u00f1alan posibles riesgos de c\u00e1ncer asociados a los tatuajes"},"content":{"rendered":"<p>El arte del tatuaje sigue ganando popularidad, pero recientes estudios han planteado la posibilidad de que pueda tener implicaciones para la salud. En Espa\u00f1a, aproximadamente el 42% de los adultos cuenta con al menos un tatuaje, y la pr\u00e1ctica se mantiene especialmente activa fuera de los meses de verano.<\/p>\n<p>\u00a0<\/p>\n<p>Investigaciones realizadas en Suecia, Dinamarca y Finlandia sugieren que los pigmentos de las tintas podr\u00edan desplazarse hacia los ganglios linf\u00e1ticos, afectando el sistema inmunitario y aumentando la probabilidad de desarrollar linfoma o c\u00e1ncer de piel no pigmentario. Los estudios destacan que el riesgo es m\u00e1s notable en tatuajes extensos, aquellos que superan la palma de la mano.<\/p>\n<p>\u00a0<\/p>\n<p>Adem\u00e1s del posible v\u00ednculo con el c\u00e1ncer, los tatuajes pueden ocasionar otros problemas de salud: infecciones por tintas contaminadas, reacciones al\u00e9rgicas, cicatrizaci\u00f3n complicada, interferencias en la detecci\u00f3n de lunares sospechosos y molestias en resonancias magn\u00e9ticas. Algunas tintas tambi\u00e9n contienen sustancias qu\u00edmicas con potencial cancer\u00edgeno.<\/p>\n<p>\u00a0<\/p>\n<p>Los expertos recomiendan precauci\u00f3n: acudir \u00fanicamente a estudios certificados, garantizar la higiene y esterilizaci\u00f3n de los equipos, informarse sobre los pigmentos utilizados y seguir estrictamente las indicaciones de cuidado posterior. Evitar la exposici\u00f3n solar directa sobre tatuajes recientes y consultar con un dermat\u00f3logo ante cualquier signo de reacci\u00f3n adversa son medidas clave para minimizar riesgos.<\/p>\n<p>\u00a0<\/p>\n<p>Aunque la relaci\u00f3n entre tatuajes y c\u00e1ncer a\u00fan requiere m\u00e1s estudios para establecer un v\u00ednculo definitivo, los hallazgos actuales justifican una aproximaci\u00f3n prudente, sobre todo en j\u00f3venes que se tat\u00faan grandes \u00e1reas del cuerpo.<\/p>\n<p>\u00a0<\/p>\n<p><strong>Sigue\u00a0<a href=\"https:\/\/whatsapp.com\/channel\/0029Va91THt0bIdrITh5uO1L\" rel=\"noreferrer noopener nofollow\" target=\"_blank\">el canal de El Pueblo de Ceuta en WhatsApp. Pincha aqu\u00ed<\/a>, dale a SEGUIR y encontrar\u00e1s toda la actualidad informativa de la jornada ceut\u00ed\u00a0<\/strong><\/p>\n","protected":false},"excerpt":{"rendered":"El arte del tatuaje sigue ganando popularidad, pero recientes estudios han planteado la posibilidad de que pueda tener&hellip;\n","protected":false},"author":2,"featured_media":66200,"comment_status":"","ping_status":"","sticky":false,"template":"","format":"standard","meta":{"footnotes":""},"categories":[92],"tags":[26883,11686,25,24,26885,165,26884,4863,26880,26879,166,26881,23,26882,25829],"class_list":{"0":"post-66199","1":"post","2":"type-post","3":"status-publish","4":"format-standard","5":"has-post-thumbnail","7":"category-salud","8":"tag-alergias-tatuaje","9":"tag-dermatologia","10":"tag-es","11":"tag-espana","12":"tag-estudio-cientifico-tatuajes","13":"tag-health","14":"tag-higiene-tatuajes","15":"tag-linfoma","16":"tag-pigmentos-de-tinta","17":"tag-riesgo-de-cancer","18":"tag-salud","19":"tag-salud-piel","20":"tag-spain","21":"tag-tatuaje-seguro","22":"tag-tatuajes"},"share_on_mastodon":{"url":"","error":""},"_links":{"self":[{"href":"https:\/\/www.europesays.com\/es\/wp-json\/wp\/v2\/posts\/66199","targetHints":{"allow":["GET"]}}],"collection":[{"href":"https:\/\/www.europesays.com\/es\/wp-json\/wp\/v2\/posts"}],"about":[{"href":"https:\/\/www.europesays.com\/es\/wp-json\/wp\/v2\/types\/post"}],"author":[{"embeddable":true,"href":"https:\/\/www.europesays.com\/es\/wp-json\/wp\/v2\/users\/2"}],"replies":[{"embeddable":true,"href":"https:\/\/www.europesays.com\/es\/wp-json\/wp\/v2\/comments?post=66199"}],"version-history":[{"count":0,"href":"https:\/\/www.europesays.com\/es\/wp-json\/wp\/v2\/posts\/66199\/revisions"}],"wp:featuredmedia":[{"embeddable":true,"href":"https:\/\/www.europesays.com\/es\/wp-json\/wp\/v2\/media\/66200"}],"wp:attachment":[{"href":"https:\/\/www.europesays.com\/es\/wp-json\/wp\/v2\/media?parent=66199"}],"wp:term":[{"taxonomy":"category","embeddable":true,"href":"https:\/\/www.europesays.com\/es\/wp-json\/wp\/v2\/categories?post=66199"},{"taxonomy":"post_tag","embeddable":true,"href":"https:\/\/www.europesays.com\/es\/wp-json\/wp\/v2\/tags?post=66199"}],"curies":[{"name":"wp","href":"https:\/\/api.w.org\/{rel}","templated":true}]}}