{"id":66203,"date":"2025-08-23T05:02:12","date_gmt":"2025-08-23T05:02:12","guid":{"rendered":"https:\/\/www.europesays.com\/es\/66203\/"},"modified":"2025-08-23T05:02:12","modified_gmt":"2025-08-23T05:02:12","slug":"el-hotel-me-reina-victoria-de-madrid-pone-a-la-venta-muebles-de-lujo-a-precios-reducidos","status":"publish","type":"post","link":"https:\/\/www.europesays.com\/es\/66203\/","title":{"rendered":"El hotel ME Reina Victoria de Madrid pone a la venta muebles de lujo a precios reducidos"},"content":{"rendered":"<p>El conocido hotel ME Reina Victoria de Madrid va a poner a la venta m\u00e1s de 10.000 objetos de lujo, entre muebles y enseres,  &#8230; a precios reducidos y lo har\u00e1 para el p\u00fablico en general. Esta liquidaci\u00f3n se debe a que Meli\u00e1 Hotels International dejar\u00e1 de operar este ic\u00f3nico inmueble este mes de agosto, despu\u00e9s de dos d\u00e9cadas como miembro de la marca ME by Meli\u00e1, iniciada en 2004. El hotel, propiedad del fondo soberano de Abu Dabi desde el verano de 2023, permanecer\u00e1 cerrado durante un a\u00f1o para someterse a una reforma y volver\u00e1 a abrir con la marca The Hoxton, perteneciente al grupo franc\u00e9s Accor.<\/p>\n<p class=\"v-p\">Desde Meli\u00e1 recuerdan que este establecimiento, ubicado en la Plaza de Santa Ana, fue el primero de la marca en Espa\u00f1a, erigi\u00e9ndose como \u00abuno de los grandes catalizadores del lujo contempor\u00e1neo en la capital\u00bb. \u00abEl hist\u00f3rico y popularmente conocido como &#8216;hotel de los toreros&#8217; se transform\u00f3, gracias a una ambiciosa y visionaria reforma, en un aut\u00e9ntico emblema de vanguardia, donde viajeros de todo el mundo y madrile\u00f1os compart\u00edan experiencias \u00fanicas, adem\u00e1s de haber alojado a numerosas celebridades de la cultura y la moda\u00bb.<\/p>\n<p class=\"v-p\">Antes de que se inicie la reforma, Meli\u00e1 va a liquidar el mobiliario del hotel a precios reducidos. As\u00ed, se podr\u00e1n adquirir sillones tipo Eames por 65 euros, camas con somier de 135 cm a 100 euros, l\u00e1mparas por 40 euros, mesas, televisores, equipos de sonido, sillas&#8230;, hasta sillones tipo Barcelona y &#8216;chaise longue&#8217;.<\/p>\n<p class=\"v-p\">La compa\u00f1\u00eda ECO-ONE ha organizado una venta abierta al p\u00fablico que comenzar\u00e1 la tarde del viernes 5 de septiembre, en horario de 16.00 a 21.00 horas, y se prolongar\u00e1 durante el s\u00e1bado 6 y el domingo 7 con horario ininterrumpido de 10.00 a 20.30 horas. Se llevar\u00e1 a cabo en la planta baja del propio hotel, situado en Plaza Santa Ana 14, con acceso libre.<\/p>\n<p class=\"v-p\">Los muebles estar\u00e1n dispuestos en ambientes que recrean habitaciones completas, para que las personas visitantes puedan visualizar c\u00f3mo quedar\u00edan en sus hogares.<\/p>\n<p class=\"v-p\">Por su parte, los art\u00edculos peque\u00f1os se podr\u00e1n llevar al momento, mientras que los de mayor tama\u00f1o contar\u00e1n con servicio de recogida los d\u00edas 9 y 10 de septiembre, o bien con env\u00edo a domicilio dentro de Madrid.<\/p>\n","protected":false},"excerpt":{"rendered":"El conocido hotel ME Reina Victoria de Madrid va a poner a la venta m\u00e1s de 10.000 objetos&hellip;\n","protected":false},"author":2,"featured_media":66204,"comment_status":"","ping_status":"","sticky":false,"template":"","format":"standard","meta":{"footnotes":""},"categories":[80],"tags":[82,95,94,25,24,3015,206,1531,205,10440,1150,8038,1421,26887,10717,23,2913,1261],"class_list":{"0":"post-66203","1":"post","2":"type-post","3":"status-publish","4":"format-standard","5":"has-post-thumbnail","7":"category-economia","8":"tag-business","9":"tag-economia","10":"tag-economy","11":"tag-es","12":"tag-espana","13":"tag-general","14":"tag-hotel","15":"tag-lujo","16":"tag-madrid","17":"tag-muebles","18":"tag-pone","19":"tag-precios","20":"tag-publico","21":"tag-reducidos","22":"tag-reina","23":"tag-spain","24":"tag-venta","25":"tag-victoria"},"share_on_mastodon":{"url":"","error":""},"_links":{"self":[{"href":"https:\/\/www.europesays.com\/es\/wp-json\/wp\/v2\/posts\/66203","targetHints":{"allow":["GET"]}}],"collection":[{"href":"https:\/\/www.europesays.com\/es\/wp-json\/wp\/v2\/posts"}],"about":[{"href":"https:\/\/www.europesays.com\/es\/wp-json\/wp\/v2\/types\/post"}],"author":[{"embeddable":true,"href":"https:\/\/www.europesays.com\/es\/wp-json\/wp\/v2\/users\/2"}],"replies":[{"embeddable":true,"href":"https:\/\/www.europesays.com\/es\/wp-json\/wp\/v2\/comments?post=66203"}],"version-history":[{"count":0,"href":"https:\/\/www.europesays.com\/es\/wp-json\/wp\/v2\/posts\/66203\/revisions"}],"wp:featuredmedia":[{"embeddable":true,"href":"https:\/\/www.europesays.com\/es\/wp-json\/wp\/v2\/media\/66204"}],"wp:attachment":[{"href":"https:\/\/www.europesays.com\/es\/wp-json\/wp\/v2\/media?parent=66203"}],"wp:term":[{"taxonomy":"category","embeddable":true,"href":"https:\/\/www.europesays.com\/es\/wp-json\/wp\/v2\/categories?post=66203"},{"taxonomy":"post_tag","embeddable":true,"href":"https:\/\/www.europesays.com\/es\/wp-json\/wp\/v2\/tags?post=66203"}],"curies":[{"name":"wp","href":"https:\/\/api.w.org\/{rel}","templated":true}]}}