{"id":662054,"date":"2026-07-17T00:23:14","date_gmt":"2026-07-17T00:23:14","guid":{"rendered":"https:\/\/www.europesays.com\/es\/662054\/"},"modified":"2026-07-17T00:23:14","modified_gmt":"2026-07-17T00:23:14","slug":"las-secuelas-no-mentales-del-maltrato-infantil-saber-que-tras-mis-diez-enfermedades-esta-mi-pasado-me-ayuda-a-combatirlas-mejor","status":"publish","type":"post","link":"https:\/\/www.europesays.com\/es\/662054\/","title":{"rendered":"Las secuelas &#8216;no mentales&#8217; del maltrato infantil: \u00abSaber que tras mis diez enfermedades est\u00e1 mi pasado me ayuda a combatirlas mejor\u00bb"},"content":{"rendered":"<p style=\"\">Con solo 46 a\u00f1os, la historia cl\u00ednica de Mar\u00eda F. parece la de una paciente varias d\u00e9cadas mayor. Escoliosis, hipertensi\u00f3n, artrosis, lumbalgia, s\u00edndrome del intestino irritable y otras dolencias f\u00edsicas conviven con un diagn\u00f3stico psiqui\u00e1trico igualmente complejo:<a href=\"https:\/\/www.abc.es\/bienestar\/psicologia-sexo\/psicologia\/bipolar-edad-aparece-trastorno-percibe-entorno-20240430164354-nt.html\" target=\"_self\" data-voc-vtm-id=\"in-text-traffic\" data-mrf-link=\"www.abc.es\" rel=\"nofollow noopener\"> trastorno bipolar,<\/a> s\u00edndrome de estr\u00e9s postraum\u00e1tico, ansiedad,  &#8230; agorafobia y varios intentos de suicidio. Durante a\u00f1os, cada nueva enfermedad fue tratada de forma aislada. Nadie parec\u00eda preguntarse por qu\u00e9 una mujer relativamente joven acumulaba un cat\u00e1logo tan amplio de patolog\u00edas.<\/p>\n<p class=\"v-d-p\" style=\"\">La respuesta estaba mucho m\u00e1s atr\u00e1s en el tiempo. Tras un largo recorrido por consultas m\u00e9dicas, ingresos hospitalarios y cinco a\u00f1os de b\u00fasqueda de ayuda especializada, Mar\u00eda lleg\u00f3 al Grupo de Investigaci\u00f3n en Salud Mental del Hospital del Mar Research Institute (HMRIB), en Barcelona. All\u00ed, el psiquiatra <strong>Benedikt Amann<\/strong>, investigador tambi\u00e9n del Centro de Investigaci\u00f3n Biom\u00e9dica en Red de Salud Mental (Cibersam), identific\u00f3 el hilo conductor de toda su historia cl\u00ednica: el trauma sufrido durante la infancia y la violencia padecida posteriormente en su vida adulta.<\/p>\n<p class=\"v-d-p\" style=\"\">Su caso ilustra las conclusiones de un estudio publicado en la revista &#8216;eClinicalMedicine&#8217;, del grupo &#8216;The Lancet&#8217;, que demuestra por primera vez con una revisi\u00f3n global de toda la evidencia cient\u00edfica disponible que las experiencias traum\u00e1ticas durante la infancia y la adolescencia aumentan significativamente el riesgo de desarrollar enfermedades f\u00edsicas a\u00f1os despu\u00e9s.<\/p>\n<ul class=\"v-cmp-rld__u\">\n<li class=\"v-cmp-rld__l\">\n<p><a class=\"v-a-lnk\" href=\"http:\/\/www.abc.es\/espana\/andalucia\/cordoba\/presuntos-malos-tratos-maestra-cordoba-ninos-declararan-20260507141938-nts.html#vtm_modulosEngag=noticiasrelacionadas-cmp-uno:sociedad:noticia:1\" data-voc-vtm-id=\"in-text-traffic\" rel=\"nofollow noopener\" target=\"_blank\"><br \/>\n<img decoding=\"async\" loading=\"lazy\" src=\"https:\/\/www.europesays.com\/es\/wp-content\/uploads\/2026\/07\/ninos-guarderia-imagen-kTe--366x256@diario_abc.jpg\" class=\"v-a-img\" width=\"258\" height=\"180\" alt=\"Caso de presuntos malos tratos de una maestra: los ni\u00f1os declarar\u00e1n a lo largo de mayo y junio\"\/><br \/>\n<\/a><\/p>\n<\/li>\n<\/ul>\n<p class=\"v-d-p\" style=\"\">Mar\u00eda creci\u00f3 en una familia condicionada por el alcoholismo de su padre y por una madre a la que define como distante y autoritaria. \u00abEra la teniente O&#8217;Neil\u00bb, dice. Aunque asegura que nunca presenci\u00f3 agresiones f\u00edsicas en casa, recuerda un ambiente permanente de conflicto y una profunda sensaci\u00f3n de abandono emocional.<\/p>\n<p class=\"v-d-p\" style=\"\">\u00abEn mi casa nunca vi malos tratos, pero s\u00ed muchas discusiones y siempre <strong>sent\u00ed que no contaba<\/strong>. Al ser la peque\u00f1a, mi madre nunca me ten\u00eda en cuenta y eso me gener\u00f3 una enorme desconfianza que me ha acompa\u00f1ado toda la vida\u00bb, explica en declaraciones a ABC. Aquella falta de protecci\u00f3n termin\u00f3, seg\u00fan explica, condicionando tambi\u00e9n sus relaciones afectivas. Durante trece a\u00f1os convivi\u00f3 con una pareja que ejerc\u00eda violencia f\u00edsica y psicol\u00f3gica de forma continuada. \u00abNormalic\u00e9 conductas que no eran normales. Nunca tuve referentes, excepto mi padre y su capacidad de resiliencia, y eso me marc\u00f3 profundamente\u00bb, relata. La situaci\u00f3n desemboc\u00f3 en una espiral autodestructiva.<\/p>\n<p class=\"v-d-p\" style=\"\">\u00abConsum\u00ed drogas, intent\u00e9 suicidarme varias veces y siempre con la sensaci\u00f3n de estar completamente sola\u00bb, asegura la afectada. Fue precisamente esa sucesi\u00f3n de traumas la que, seg\u00fan explica el doctor <strong>Amann<\/strong>, acab\u00f3 repercutiendo tanto en su salud mental como en su organismo. \u00abMar\u00eda sufri\u00f3 un tipo de maltrato infantil. Si hubiera crecido en un entorno protector probablemente hoy tendr\u00eda una o dos enfermedades, no diez\u00bb, resume el psiquiatra.<\/p>\n<p class=\"v-a-t\">\n\u00abMar\u00eda sufri\u00f3 un tipo de maltrato infantil. Si hubiera crecido en un entorno protector probablemente hoy tendr\u00eda una o dos enfermedades, no diez\u00bb\n<\/p>\n<p class=\"v-pst__p\">Benedikt Amann<\/p>\n<p class=\"v-pst__j\">Psiquiatra del Grupo de Investigaci\u00f3n en Salud Mental del Hospital del Mar Research Institute (HMRIB)<\/p>\n<p class=\"v-d-p\" style=\"\">Hasta ahora estaba s\u00f3lidamente demostrado que haber sufrido experiencias adversas durante la infancia triplica el riesgo de desarrollar un trastorno mental en la edad adulta. Lo que faltaba era una <strong>evaluaci\u00f3n cient\u00edfica global<\/strong> que analizara si esa relaci\u00f3n exist\u00eda tambi\u00e9n respecto a las enfermedades f\u00edsicas. Ese vac\u00edo es el que pretende cubrir el trabajo liderado por el Hospital del Mar.<\/p>\n<p class=\"v-d-p\" style=\"\">Los investigadores recopilaron todas las revisiones sistem\u00e1ticas publicadas en el mundo sobre esta cuesti\u00f3n hasta abril de 2025. En total analizaron 36 revisiones que integran cerca de 250 estudios con datos de m\u00e1s de seis millones de personas. La conclusi\u00f3n, seg\u00fan Amann, resulta dif\u00edcilmente discutible.<\/p>\n<p class=\"v-d-p\" style=\"\">\u00abLos resultados nos permiten proponer que los hechos traum\u00e1ticos durante la infancia juegan un papel importante en el origen de muchas enfermedades som\u00e1ticas. Las personas que han sufrido un trauma infantil presentan una probabilidad significativamente mayor de desarrollar patolog\u00edas f\u00edsicas durante la vida adulta\u00bb, afirma el especialista.<\/p>\n<p>\nEnfermedades cardiovasculares, obesidad o diabetes\n<\/p>\n<p class=\"v-d-p\" style=\"\">El estudio examin\u00f3 la relaci\u00f3n entre distintos tipos de trauma \u2014abuso f\u00edsico, abuso sexual, abuso emocional, negligencia y acoso escolar\u2014 y quince enfermedades muy frecuentes en la poblaci\u00f3n. Entre ellas figuran: enfermedades cardiovasculares, diabetes, enfermedades autoinmunes, esclerosis m\u00faltiple, c\u00e1ncer, s\u00edndrome del intestino irritable, obesidad,  cefaleas, e infecci\u00f3n por VIH.<\/p>\n<p class=\"v-d-p\" style=\"\">Los resultados muestran que quienes sufrieron alg\u00fan tipo de experiencia traum\u00e1tica durante la infancia tienen 1,57 veces m\u00e1s riesgo de desarrollar cualquiera de estas enfermedades en su vida. Las asociaciones m\u00e1s intensas aparecen en los casos de abuso f\u00edsico, abuso sexual y acoso escolar.<\/p>\n<p class=\"v-a-t\">\n\u00abLas personas que fueron v\u00edctimas de bullying presentan aproximadamente el doble de probabilidades de sufrir cefaleas en la edad adulta\u00bb\n<\/p>\n<p class=\"v-pst__p\">Alicia Valiente<\/p>\n<p class=\"v-pst__j\">Investigadora del Hospital del Mar Research Institute<\/p>\n<p class=\"v-d-p\" style=\"\">Seg\u00fan explica la doctora <strong>Alicia Valiente<\/strong>, primera autora del estudio e investigadora del Hospital del Mar Research Institute, algunas relaciones son especialmente llamativas. \u00abLas personas que fueron v\u00edctimas de &#8216;bullying&#8217; presentan aproximadamente el doble de probabilidades de sufrir cefaleas en la edad adulta\u00bb, precisa la especialista.<\/p>\n<p class=\"v-d-p\" style=\"\"> \u00abTambi\u00e9n hay una asociaci\u00f3n clara entre el abuso sexual y la obesidad, con 1,45 veces m\u00e1s riesgo, y entre la obesidad y la separaci\u00f3n o muerte de los progenitores, con 1,58 veces m\u00e1s riesgo\u00bb, a\u00f1ade.<\/p>\n<p>\n&#8216;Negligencia emocional&#8217;\n<\/p>\n<p class=\"v-d-p\" style=\"\">Uno de los aspectos que los investigadores consideran m\u00e1s infravalorados es lo que denominan &#8216;negligencia emocional&#8217; durante la infancia. \u00abUn ejemplo ser\u00eda una persona de 45 a\u00f1os que explique que solo fue un d\u00eda a la escuela o que nunca la llevaron al dentista o al pediatra\u00bb, se\u00f1ala Amann. \u00abSon ni\u00f1os que crecen en situaciones de desamparo y descuido emocional que tambi\u00e9n dejan una huella profunda\u00bb, a\u00f1ade.<\/p>\n<p class=\"v-d-p\" style=\"\">Los investigadores recuerdan que alrededor del 60% de la poblaci\u00f3n adulta ha vivido alguna experiencia adversa durante la infancia, lo que convierte este problema en un importante desaf\u00edo de salud p\u00fablica. Para Amann, la principal conclusi\u00f3n pr\u00e1ctica del estudio es que el sistema sanitario debe aprender a buscar el origen de muchas enfermedades, no solo sus consecuencias.<\/p>\n<p class=\"v-a-t\">\n\u00abHay que detectar el trauma infantil de forma precoz e intervenir con terapias espec\u00edficamente centradas en el trauma\u00bb\n<\/p>\n<p class=\"v-pst__p\">Benedikt Amann<\/p>\n<p class=\"v-pst__j\">Psiquiatra del Grupo de Investigaci\u00f3n en Salud Mental del Hospital del Mar Research Institute (HMRIB)<\/p>\n<p class=\"v-d-p\" style=\"\">\u00abHay que detectar el trauma infantil de forma precoz e intervenir con terapias centradas en el trauma\u00bb, defiende. En este sentido, el psiquiatra reclama una mayor coordinaci\u00f3n entre atenci\u00f3n primaria, psiquiatr\u00eda y servicios sociales para identificar antes estos casos y derivarlos a unidades especializadas. \u00abSi en los CAPs, los psic\u00f3logos sanitarios no se limitaran a hacer intervenciones grupales y realizaran intervenci\u00f3n focalizada individual con una formaci\u00f3n y supervisi\u00f3n adecuada mejorar\u00eda sensiblemente la situaci\u00f3n\u00bb, indica.<\/p>\n<p class=\"v-d-p\" style=\"\">El psiquiatra del Hospital del Mar lamenta la escasez de recursos. \u00abNo puede ser que pacientes con el perfil de Mar\u00eda tarden tantos a\u00f1os en acceder a un diagn\u00f3stico y a un tratamiento espec\u00edfico\u00bb. A su juicio, en la Uni\u00f3n Europea deber\u00eda impulsarse un gran <strong>proyecto de investigaci\u00f3n y prevenci\u00f3n del trauma infantil,<\/strong> dada la enorme carga sanitaria y econ\u00f3mica que supone.<\/p>\n<p>\nEl precio del retraso asistencial: 12.000 euros\n<\/p>\n<p class=\"v-d-p\" style=\"\">Mar\u00eda conoce bien ese coste. Calcula que ha gastado m\u00e1s de 12.000 euros en tratamientos privados intentando encontrar respuestas. \u00abMe toc\u00f3 la loter\u00eda en 2017 y casi todo el dinero se fue en buscar ayuda\u00bb, recuerda.<\/p>\n<p class=\"v-d-p\" style=\"\">Ha sido ingresada en varias ocasiones por crisis de ansiedad y reconoce que el retraso en recibir un diagn\u00f3stico adecuado pudo tener consecuencias irreversibles. \u00abQuiz\u00e1 se habr\u00edan evitado algunos ingresos y los intentos de suicidio si hubiera llegado antes a un servicio especializado\u00bb, denuncia .<\/p>\n<p class=\"v-d-p\" style=\"\">Aunque asegura que el <strong>Hospital del Mar<\/strong> le permiti\u00f3 comprender finalmente el origen de su sufrimiento, considera que la atenci\u00f3n sigue siendo insuficiente. \u00abTengo crisis casi todos los meses y solo dispongo de cuatro visitas al a\u00f1o. Con eso es imposible avanzar. Yo y otros muchos pacientes necesitamos m\u00e1s psicoterapia junto al tratamiento farmacol\u00f3gico\u00bb.<\/p>\n<p class=\"v-d-p\" style=\"\">Aun as\u00ed, siente que hoy dispone de una herramienta que antes nunca tuvo: entender que muchas de las enfermedades que la acompa\u00f1an  no surgieron por casualidad. \u00abSaber que tras mis diez patolog\u00edas est\u00e1 mi pasado me ha ayudado a combatirlas mejor\u00bb, apunta.<\/p>\n<p class=\"v-d-p\" style=\"\">Su historia, concluyen los investigadores, demuestra que el trauma infantil no desaparece cuando termina la infancia. En muchos casos permanece silencioso durante d\u00e9cadas hasta manifestarse, no solo en la salud mental, sino tambi\u00e9n en el propio cuerpo.<\/p>\n","protected":false},"excerpt":{"rendered":"Con solo 46 a\u00f1os, la historia cl\u00ednica de Mar\u00eda F. parece la de una paciente varias d\u00e9cadas mayor.&hellip;\n","protected":false},"author":2,"featured_media":662055,"comment_status":"","ping_status":"","sticky":false,"template":"","format":"standard","meta":{"footnotes":""},"categories":[92],"tags":[25,24,165,3132,5083,3339,166,8994,23],"class_list":["post-662054","post","type-post","status-publish","format-standard","has-post-thumbnail","category-salud","tag-es","tag-espana","tag-health","tag-infantil","tag-maltrato","tag-mentales","tag-salud","tag-secuelas","tag-spain"],"share_on_mastodon":{"url":"https:\/\/pubeurope.com\/@es\/116932470784976040","error":""},"_links":{"self":[{"href":"https:\/\/www.europesays.com\/es\/wp-json\/wp\/v2\/posts\/662054","targetHints":{"allow":["GET"]}}],"collection":[{"href":"https:\/\/www.europesays.com\/es\/wp-json\/wp\/v2\/posts"}],"about":[{"href":"https:\/\/www.europesays.com\/es\/wp-json\/wp\/v2\/types\/post"}],"author":[{"embeddable":true,"href":"https:\/\/www.europesays.com\/es\/wp-json\/wp\/v2\/users\/2"}],"replies":[{"embeddable":true,"href":"https:\/\/www.europesays.com\/es\/wp-json\/wp\/v2\/comments?post=662054"}],"version-history":[{"count":0,"href":"https:\/\/www.europesays.com\/es\/wp-json\/wp\/v2\/posts\/662054\/revisions"}],"wp:featuredmedia":[{"embeddable":true,"href":"https:\/\/www.europesays.com\/es\/wp-json\/wp\/v2\/media\/662055"}],"wp:attachment":[{"href":"https:\/\/www.europesays.com\/es\/wp-json\/wp\/v2\/media?parent=662054"}],"wp:term":[{"taxonomy":"category","embeddable":true,"href":"https:\/\/www.europesays.com\/es\/wp-json\/wp\/v2\/categories?post=662054"},{"taxonomy":"post_tag","embeddable":true,"href":"https:\/\/www.europesays.com\/es\/wp-json\/wp\/v2\/tags?post=662054"}],"curies":[{"name":"wp","href":"https:\/\/api.w.org\/{rel}","templated":true}]}}