{"id":66208,"date":"2025-08-23T05:05:16","date_gmt":"2025-08-23T05:05:16","guid":{"rendered":"https:\/\/www.europesays.com\/es\/66208\/"},"modified":"2025-08-23T05:05:16","modified_gmt":"2025-08-23T05:05:16","slug":"comidas-y-bebidas-tipicas-de-cada-comunidad-autonoma-para-refrescarse-en-verano-gastronomia-recetas-restaurantes-y-bebidas","status":"publish","type":"post","link":"https:\/\/www.europesays.com\/es\/66208\/","title":{"rendered":"Comidas y bebidas t\u00edpicas de cada comunidad aut\u00f3noma para refrescarse en verano | Gastronom\u00eda: recetas, restaurantes y bebidas"},"content":{"rendered":"<p class=\"\">Hace calor y parece que no podemos hacer nada contra el sol abrasador y el aire caliente. \u00bfO s\u00ed? Nuestra alimentaci\u00f3n durante los meses m\u00e1s calurosos del a\u00f1o var\u00eda sustancialmente, y podemos aprender nuevas formas para combatir el calor desde la mesa si observamos c\u00f3mo lo hacen en el resto de comunidades aut\u00f3nomas de Espa\u00f1a.<\/p>\n<p class=\"\"><b>Andaluc\u00eda<\/b><\/p>\n<p class=\"\">Si algo nos corre por las venas a los espa\u00f1oles en verano es gazpacho, y eso se lo debemos a aquellos jornaleros de la huerta andaluza que, con el ingenio del que conoce el producto, se les ocurri\u00f3 mezclar lo que se cosechaba en verano y condimentarlo. Y parece que cada vez lo consumimos m\u00e1s: seg\u00fan datos del Ministerio de Agricultura, Pesca y Alimentaci\u00f3n, en 2023 el consumo de gazpacho preparado aument\u00f3 en los hogares espa\u00f1oles durante el verano en un 10,1% respecto a la misma temporada del a\u00f1o anterior. Aqu\u00ed <a href=\"https:\/\/elpais.com\/gastronomia\/2025-06-29\/como-se-hace-el-gazpacho-perfecto-segun-la-academia-andaluza-del-gazpacho.html\" target=\"_self\" rel=\"nofollow noopener\" title=\"https:\/\/elpais.com\/gastronomia\/2025-06-29\/como-se-hace-el-gazpacho-perfecto-segun-la-academia-andaluza-del-gazpacho.html\">la receta perfecta de gazpacho<\/a> seg\u00fan la Academia del Gazpacho Andaluz.<\/p>\n<p><img alt=\"Receta gazpacho\" decoding=\"auto\" class=\"_re lazyload a_m-h\" height=\"276\"  width=\"414\"  src=\"https:\/\/www.europesays.com\/es\/wp-content\/uploads\/2025\/08\/BY6HB72UTZGSBGW3OL27SQEPJ4.jpg\" loading=\"lazy\"\/>Plato de gazpacho andaluz en una fotograf\u00eda cedida por el blog &#8216;Cocinando entre olivos&#8217;Cocinando entre olivos<\/p>\n<p class=\"\"><b>Arag\u00f3n<\/b> <\/p>\n<p class=\"\">La visi\u00f3n del hielo parece refrescarnos autom\u00e1ticamente y en Arag\u00f3n lo saben bien. Las <a href=\"https:\/\/elpais.com\/elpais\/2017\/06\/18\/gastronotas_de_capel\/1497774168_000217.html\" rel=\"nofollow noopener\" target=\"_blank\">anchoas en hielo<\/a>, llamadas all\u00ed \u2018salmueras\u2019, son un superventas del verano aragon\u00e9s. Normalmente compradas en salaz\u00f3n, los bares y restaurantes las disponen en grandes bandejas donde les dan una sepultura helada, como en el <a href=\"https:\/\/maps.app.goo.gl\/iGNjizZfvrPmExGf7\" target=\"_self\" rel=\"nofollow noopener\" title=\"https:\/\/maps.app.goo.gl\/iGNjizZfvrPmExGf7\">Bar Berlanga<\/a> (Mart\u00edn Cort\u00e9s, 20, Zaragoza). As\u00ed se mantienen hasta que el cliente las pide, y entonces llegan bajo una colina de hielo picado, fresqu\u00edsimas y sabrosas, dejando su temperatura en la boca y refrescando el cerebro a trav\u00e9s del paladar. <\/p>\n<p><img alt=\"Anchoas en hielo, del bar Berlanga en Zaragoza.\" decoding=\"auto\" class=\"_re lazyload a_m-h\" height=\"248\"  width=\"414\"  src=\"https:\/\/www.europesays.com\/es\/wp-content\/uploads\/2025\/08\/LJZQHT4THBEI3OU6BN2FCLCAAY.jpg\" loading=\"lazy\"\/>Anchoas en hielo, del bar Berlanga en Zaragoza.<\/p>\n<p class=\"\"><b>Principado de Asturias<\/b><\/p>\n<p class=\"\">El <a href=\"https:\/\/elpais.com\/gastronomia\/recetas\/2020\/09\/15\/receta\/1600151650_298786.html\" rel=\"nofollow noopener\" target=\"_blank\">rollo de bonito<\/a> es una de aquellas recetas que te alegras de tener preparadas cuando vuelves de una jornada en la playa. Y de pedir cuando la ves en un restaurante. Fruto marino del talento asturiano a los fogones, el rollo de bonito re\u00fane en el guiso un pescado de temporada y un buen sofrito de tomate, cebolla y ajo. El truco: cocinarlo el tiempo justo para que no quede reseco, tal y como lo hace Mar\u00eda Dolores Garc\u00eda en el <a href=\"https:\/\/elpais.com\/gastronomia\/2023-09-06\/el-bar-de-una-estacion-de-autobuses-al-que-acuden-cientos-de-personas-por-su-tortilla-y-rollo-de-bonito.html\" target=\"_self\" rel=\"nofollow noopener\" title=\"https:\/\/elpais.com\/gastronomia\/2023-09-06\/el-bar-de-una-estacion-de-autobuses-al-que-acuden-cientos-de-personas-por-su-tortilla-y-rollo-de-bonito.html\">bar de la Estaci\u00f3n de Ribadesella<\/a>.<\/p>\n<p><img alt=\"El rollo de Loli de la cafeter\u00eda La Estaci\u00f3n en  Ribadesella (Asturias).\" decoding=\"auto\" class=\"_re lazyload a_m-h\" height=\"276\"  width=\"414\"  src=\"https:\/\/www.europesays.com\/es\/wp-content\/uploads\/2025\/08\/I7R5L37UGFEBVAGQTXP476LPWU.JPG\" loading=\"lazy\"\/>El rollo de Loli de la cafeter\u00eda La Estaci\u00f3n en  Ribadesella (Asturias).<\/p>\n<p class=\"\"><b>Baleares<\/b><\/p>\n<p class=\"\">Casi todas las recetas de la rica gastronom\u00eda balear son apetecibles durante el verano, cosas de vivir rodeados de mar y de temperaturas suaves todo el a\u00f1o. Una de ellas es especialmente veraniega: la pomada. Una bebida a base de ginebra, un destilado que se produce en la isla menorquina desde principios del siglo XVIII de las manos de Gin Xoriguer, y limonada, tradicionalmente servida muy fr\u00eda pero sin hielo, aunque actualmente se puede encontrar en formato granizado. La preparan con esmero en el ya m\u00edtico <a href=\"https:\/\/maps.app.goo.gl\/UdUJu7g1WcpcUXZk7\" target=\"_self\" rel=\"nofollow noopener\" title=\"https:\/\/maps.app.goo.gl\/UdUJu7g1WcpcUXZk7\">Bar Lemon<\/a> (Carrer Moll de Cales Fonts, 12, Es Castell, Menorca).<\/p>\n<p class=\"\"><b>Canarias<\/b><\/p>\n<p class=\"\">En Canarias sucede algo similar que en Baleares: su clima subtropical hace que la variaci\u00f3n entre recetas veraniegas e invernales no sea destacable. Puedes comer unas papas con mojo calientes o fr\u00edas o, si se te antoja, algo de pata asada fr\u00eda o incluso un polvito canario, un postre muy dulce a base de dulce de leche y merengue. Y, por qu\u00e9 no, un <a href=\"https:\/\/elpais.com\/elviajero\/2014\/03\/10\/actualidad\/1394458898_396266.html\" target=\"_self\" rel=\"nofollow noopener\" title=\"https:\/\/elpais.com\/elviajero\/2014\/03\/10\/actualidad\/1394458898_396266.html\">barraquito<\/a> en versi\u00f3n frozen, un formato que se ha puesto de moda para degustar esta bebida que se sirve a capas con la leche condensada en su base, seguida de Licor 43, caf\u00e9 y leche espumada. Que no se enfaden los murcianos: sabemos que el llamado caf\u00e9 asi\u00e1tico, similar al barraquito, tambi\u00e9n se estila en la regi\u00f3n, pero no tenemos noticias de que se tome helado en los meses de verano.<\/p>\n<p class=\"\"><b>Cantabria<\/b><\/p>\n<p class=\"\">Hay a quien lo de piri\u00f1aca le suena a C\u00e1diz y hay a quien le suena c\u00e1ntabro. El misterio lo desentra\u00f1aba hace unos d\u00edas <a href=\"https:\/\/elpais.com\/gastronomia\/el-comidista\/2025-07-29\/pirinaca-cantabra-la-ensalada-de-patatas-nortena.html\" target=\"_self\" rel=\"nofollow noopener\" title=\"https:\/\/elpais.com\/gastronomia\/el-comidista\/2025-07-29\/pirinaca-cantabra-la-ensalada-de-patatas-nortena.html\">M\u00edriam Garc\u00eda cuando contaba que la piri\u00f1aca fluy\u00f3 hacia tierras gaditanas <\/a>(y sevillanas) con varias olas de migrantes monta\u00f1eses que buscaban futuro en alg\u00fan bajel direcci\u00f3n a las Am\u00e9ricas entre los siglos XVIII y XIX. Sea de unos o de otros, su poder refrescante es el mismo y todo es gracias al golpe de fr\u00edo que se le da a esta ensalada de patata, tomate, pimiento verde, cebolla, pepino, huevo duro, at\u00fan y aceitunas, ali\u00f1ada con aceite de oliva virgen extra, vinagre de Jerez y sal al gusto. <\/p>\n<p><img alt=\"Piri\u00f1aca c\u00e1ntabra ensalada\" decoding=\"auto\" class=\"_re lazyload a_m-h\" height=\"299\"  width=\"414\"  src=\"https:\/\/www.europesays.com\/es\/wp-content\/uploads\/2025\/08\/EXJ63TEESRDIRJ3QD5AUSNVSEM.jpg\" loading=\"lazy\"\/>Piri\u00f1aca c\u00e1ntabra.Miriam Garc\u00eda Mart\u00ednez<\/p>\n<p class=\"\"><b>Castilla-La Mancha<\/b><\/p>\n<p class=\"\">Exponerse a la temperatura del aire seco que corre por Castilla-La Mancha en pleno agosto es una experiencia que convalida por deporte de riesgo. Hidratarse es obligaci\u00f3n y necesidad extrema y de ah\u00ed que uno de los platos m\u00e1s antiguos de los que se tiene registro sea pr\u00e1cticamente agua: el gazpach\u00f3n. Nada tiene que ver con los gazpachos manchegos, que tienen el poder de calentar hasta los huesos en el fr\u00edo invierno castellano, sino con una receta que se dice antecesora del gazpacho. Tambi\u00e9n llamado ajo de pepino o sopa de verano, contiene pepino, naranja y cebolla cortados en trozos muy peque\u00f1os y condimentados con comino, aceite de oliva y vinagre. Una porci\u00f3n de agua muy fr\u00eda convierte el plato en sopa.<\/p>\n<p class=\"\"><b>Castilla y Le\u00f3n<\/b><\/p>\n<p class=\"\">La naranja y el lim\u00f3n, cargados de todo su zumo, son parte esencial de esta receta t\u00edpica de Salamanca pero extendida por toda la comunidad: <a href=\"https:\/\/elpais.com\/gastronomia\/el-comidista\/2024-02-26\/limon-serrano-el-desayuno-salmantino-que-combina-citricos-huevo-y-chacinas.html\" target=\"_self\" rel=\"nofollow noopener\" title=\"https:\/\/elpais.com\/gastronomia\/el-comidista\/2024-02-26\/limon-serrano-el-desayuno-salmantino-que-combina-citricos-huevo-y-chacinas.html\">el lim\u00f3n serrano<\/a>. La sorpresa viene con el aporte proteico en forma de huevo (cocido o frito), jam\u00f3n y chorizo que convierten una simple macedonia en una ensalada que te arregla una comida veraniega en un solo plato. En el <a href=\"https:\/\/maps.app.goo.gl\/rvwngmeiJNgaYDoZ8\" target=\"_self\" rel=\"nofollow noopener\" title=\"https:\/\/maps.app.goo.gl\/rvwngmeiJNgaYDoZ8\">restaurante Trashoguero<\/a> (Flor, 1, Santa Marta de Tormes, Salamanca), le a\u00f1aden lomo, ajo, at\u00fan y un chorro de vino. <\/p>\n<p><img alt=\"Lim\u00f3n serrano\" decoding=\"auto\" class=\"_re lazyload a_m-h\" height=\"311\"  width=\"414\"  src=\"https:\/\/www.europesays.com\/es\/wp-content\/uploads\/2025\/08\/PXRCCMANENG7VI72IO5FSBAP3M.jpeg\" loading=\"lazy\"\/>Receta del lim\u00f3n serrano.M\u00f2nica  Escudero<\/p>\n<p class=\"\"><b>Catalu\u00f1a<\/b><\/p>\n<p class=\"\">La tradici\u00f3n bacaladera tiene un gran arraigo en Catalu\u00f1a: desde los bu\u00f1uelos de bacalao a la brandada de bacalao, pasando por el gustoso bacalao a la llauna. Pero en verano, la reina de las recetas con bacalao es la <a href=\"https:\/\/elpais.com\/gastronomia\/recetas\/2023-09-08\/esqueixada-la-ensalada-catalana-de-bacalao-y-tomate.html\" rel=\"nofollow noopener\" target=\"_blank\">esqueixada<\/a>. \u2018Esqueixar\u2019 es un verbo catal\u00e1n que significa \u2018desgajar\u2019 o \u2018deshebrar\u2019 y eso es lo que se hace con los lomos del bacalao seco previamente desalado, pellizc\u00e1ndolos para obtener peque\u00f1os trozos desiguales, porque cortarlos a cuchillo o con tijeras es un sacrilegio que hace llorar a La Moreneta. Se le a\u00f1ade el tomate m\u00e1s maduro que se pueda encontrar, ese que va a estallar como pasen tres horas m\u00e1s, unas aceitunas negras de la terra, aceite de oliva y sal al gusto, y a enfriar en la nevera. <a href=\"https:\/\/elpais.com\/gastronomia\/2025-06-27\/ca-lisidre-una-institucion-de-la-cocina-barcelonesa-donde-celebran-reyes-y-artistas.html\" target=\"_self\" rel=\"nofollow noopener\" title=\"https:\/\/elpais.com\/gastronomia\/2025-06-27\/ca-lisidre-una-institucion-de-la-cocina-barcelonesa-donde-celebran-reyes-y-artistas.html\">En Ca l\u2019Isidre (Carrer de les Flors, 12, Barcelona) la hacen como mandan los c\u00e1nones<\/a>.<\/p>\n<p><img alt=\"Mejores comidas para refrescarse durante la ola de calor\" decoding=\"auto\" class=\"_re lazyload a_m-h\" height=\"276\"  width=\"414\"  src=\"https:\/\/www.europesays.com\/es\/wp-content\/uploads\/2025\/08\/BUMGQOJEKBFPFHKHPIF247C3WI.jpg\" loading=\"lazy\"\/>Plato de &#8216;esqueixada&#8217; de bacalao, en la Font del Gat, en Barcelona.Albert Garcia<\/p>\n<p class=\"\"><b>Ceuta<\/b><\/p>\n<p class=\"\">El gazpachuelo ceut\u00ed es una adaptaci\u00f3n local <a href=\"https:\/\/elpais.com\/gastronomia\/2025-02-20\/gazpachuelo-de-plato-de-duelo-a-icono-de-la-cocina-malaguena.html\" target=\"_self\" rel=\"nofollow noopener\" title=\"https:\/\/elpais.com\/gastronomia\/2025-02-20\/gazpachuelo-de-plato-de-duelo-a-icono-de-la-cocina-malaguena.html\">al famoso gazpachuelo malague\u00f1o<\/a>, donde la salsa mayonesa es la base de todo el plato. En el caso ceut\u00ed, el gazpachuelo tambi\u00e9n a\u00f1ade claras de huevo, que dan a la sopa una textura espumosa, y arroz cocido para aportar m\u00e1s textura y cremosidad.<\/p>\n<p class=\"\"><b>Extremadura<\/b><\/p>\n<p class=\"\">En Extremadura tienen su versi\u00f3n del ajoblanco, <a href=\"https:\/\/elpais.com\/gastronomia\/recetas\/2018\/07\/09\/receta\/1531139926_388436.html\" target=\"_self\" rel=\"nofollow noopener\" title=\"https:\/\/elpais.com\/gastronomia\/recetas\/2018\/07\/09\/receta\/1531139926_388436.html\">esa sopa fr\u00eda asociada con M\u00e1laga<\/a>, pero en ocasiones no emplean almendra, el ingrediente clave de la receta andaluza. En su caso, ligan el agua con alioli y a\u00f1aden pan duro, tomate y pepino, pero tambi\u00e9n frutas como la pera o el mel\u00f3n. Se sirve muy fr\u00edo y suele ser un gran entrante que se acompa\u00f1a de cl\u00e1sicos de d\u00edas veraniegos como la tortilla, las sardinas, los boquerones o las chacinas. <\/p>\n<p class=\"\"><b>Galicia <\/b><\/p>\n<p class=\"\">Galicia no ha sido una comunidad aut\u00f3noma especialmente c\u00e1lida, pero el cambio clim\u00e1tico est\u00e1 haciendo estragos tambi\u00e9n en los term\u00f3metros del noroeste de Espa\u00f1a. Sin recetas t\u00edpicamente veraniegas, el periodista Jorge Guiti\u00e1n alude a platos del mar para los d\u00edas m\u00e1s calurosos: \u201cLos mejillones al vapor, con lim\u00f3n, acompa\u00f1ados de una cerveza helada suelen ser lo que m\u00e1s se pide en esos momentos, y en las casas se preparan escabeches de jurel y sardina\u201d. <a href=\"https:\/\/elpais.com\/gastronomia\/2025-05-07\/cinco-recetas-de-escabeches-muy-faciles-de-hacer-del-cocinero-rodrigo-de-la-calle.html\" target=\"_self\" rel=\"nofollow noopener\" title=\"https:\/\/elpais.com\/gastronomia\/2025-05-07\/cinco-recetas-de-escabeches-muy-faciles-de-hacer-del-cocinero-rodrigo-de-la-calle.html\">Los escabeches,<\/a> que pueden dejarse preparados y agradecen el reposo en fr\u00edo, son una receta a dominar en verano. <a href=\"https:\/\/elpais.com\/gastronomia\/restaurantes\/2024-07-26\/pampin-la-escondida-casa-de-comidas-de-santiago-de-compostela-a-la-que-van-los-mejores-cocineros.html\" target=\"_self\" rel=\"nofollow noopener\" title=\"https:\/\/elpais.com\/gastronomia\/restaurantes\/2024-07-26\/pampin-la-escondida-casa-de-comidas-de-santiago-de-compostela-a-la-que-van-los-mejores-cocineros.html\">En Pamp\u00edn<\/a> (Ruela das Fonti\u00f1as, 4, Santiago de Compostela) <a href=\"https:\/\/elpais.com\/gastronomia\/restaurantes\/2024-07-26\/pampin-la-escondida-casa-de-comidas-de-santiago-de-compostela-a-la-que-van-los-mejores-cocineros.html\" target=\"_self\" rel=\"nofollow noopener\" title=\"https:\/\/elpais.com\/gastronomia\/restaurantes\/2024-07-26\/pampin-la-escondida-casa-de-comidas-de-santiago-de-compostela-a-la-que-van-los-mejores-cocineros.html\">el cocinero Al\u00e9n Tarr\u00edo los borda<\/a>.<\/p>\n<p><img alt=\"Mejillones en escabeche casero del restaurante Pamp\u00edn, en Santiago de Compostela.\" decoding=\"auto\" class=\"_re lazyload a_m-v\" height=\"621\"  width=\"414\"  src=\"https:\/\/www.europesays.com\/es\/wp-content\/uploads\/2025\/08\/WO7NKTJH4ZEBJNYVZ7T24MVE4Y.jpg\" loading=\"lazy\"\/>Mejillones en escabeche casero del restaurante Pamp\u00edn, en Santiago de Compostela.Cecilia D\u00edaz-Betz<\/p>\n<p class=\"\"><b>Comunidad de Madrid<\/b><\/p>\n<p class=\"\">Madrid en verano es como una olla a fuego vivo cuando le echas agua: cualquier l\u00edquido se evapora instant\u00e1neamente en contacto con su superficie. Es por eso que resulta extra\u00f1o que no haya generado ninguna receta t\u00edpica para el verano, aunque las ha importado pr\u00e1cticamente todas de otras comunidades, que para algo es la capital del pa\u00eds. Entre ellas, una que forma parte del Madrid m\u00e1s rom\u00e1ntico: el agua de cebada. Originaria de la Comunidad Valenciana y el norte de Murcia, se trata de una cocci\u00f3n de granos de cebada en agua, que se cuela, se endulza y se enfr\u00eda, y puede sazonarse con canela o lim\u00f3n. Fue un protorefresco en la Espa\u00f1a de finales del siglo XIX y hoy todav\u00eda la sirven en lugares como <a href=\"https:\/\/www.instagram.com\/kiosko_horchata_narvaez\/\" target=\"_self\" rel=\"nofollow noopener\" title=\"https:\/\/www.instagram.com\/kiosko_horchata_narvaez\/\">kiosco de Jos\u00e9 Manuel Garc\u00eda<\/a> (Narv\u00e1ez, 8, Madrid). <\/p>\n<p><img alt=\"Agua de cebada, granizado de lim\u00f3n y horchata en el kiosco de Narv\u00e1ez, de Madrid.\" decoding=\"auto\" class=\"_re lazyload a_m-h\" height=\"311\"  width=\"414\"  src=\"https:\/\/www.europesays.com\/es\/wp-content\/uploads\/2025\/08\/QKL3GHPAZJDJPMXS3MWRXV23EU.jpg\" loading=\"lazy\"\/>Agua de cebada, granizado de lim\u00f3n y horchata en el kiosco de Narv\u00e1ez, de Madrid.A. \u00c1.<\/p>\n<p class=\"\"><b>Melilla<\/b><\/p>\n<p class=\"\">Un debate acalorado se apoder\u00f3 de Melilla hace unos a\u00f1os: al rape a la rusadir, que siempre se hab\u00eda identificado como t\u00edpicamente melillense, ni lo conoc\u00eda nadie ni estaba en cartas de los restaurantes. Parece ser que el origen de su fama naci\u00f3 en los a\u00f1os 70, tras la victoria del plato en un concurso del ayuntamiento, que lo promocion\u00f3. Sin embargo, la receta verdaderamente conocida por todos los melillenses y aquella que identifican como propia son los llamados \u2018pinchitos\u2019, peque\u00f1as brochetas de carne adobadas con distintas especias, que se comen tanto en casa como en el bar, el restaurante o la playa. Su r\u00e1pida cocci\u00f3n y su gran sabor las hacen ideales para el verano. Abierto desde 1938, <a href=\"https:\/\/maps.app.goo.gl\/7n7v7CAQpXA8ZT6E7\" target=\"_self\" rel=\"nofollow noopener\" title=\"https:\/\/maps.app.goo.gl\/7n7v7CAQpXA8ZT6E7\">Casa Sadia<\/a> (L\u00f3pez Moreno Melilla, 6, Melilla) es un lugar emblem\u00e1tico para degustar los pinchitos, donde tradicionalmente se cocinan al carb\u00f3n y en anafre.<\/p>\n<p><img alt=\"Pinchos morunos.\" decoding=\"auto\" class=\"_re lazyload a_m-h\" height=\"298\"  width=\"414\"  src=\"https:\/\/www.europesays.com\/es\/wp-content\/uploads\/2025\/08\/DBXAIYS4XRCWDISEV3QGSS2LRM.jpg\" loading=\"lazy\"\/>Pinchos morunos.Miriam Garc\u00eda Mart\u00ednez<\/p>\n<p class=\"\"><b>Murcia<\/b><\/p>\n<p class=\"\">Una buena ensalada puede ser una comida completa. \u00bfY los hidratos de carbono? En Murcia llegan en forma de pan para mojar y remojar en la llamada ensalada murciana, moje o mojete. M\u00f2nica Escudero cuenta en el art\u00edculo <a href=\"https:\/\/elpais.com\/gastronomia\/recetas\/2022\/06\/27\/receta\/1656342319_957769.html\" target=\"_self\" rel=\"nofollow noopener\" title=\"https:\/\/elpais.com\/gastronomia\/recetas\/2022\/06\/27\/receta\/1656342319_957769.html\">Ensalada murciana: la receta perfecta para el verano<\/a> los secretos murcianos para un verano refrescante a cada cucharada de tomate en conserva, cebolleta, bacalao, aceitunas negras, sal e, indispensable, aceite de oliva virgen extra.<\/p>\n<p><img alt=\"Cebolleta y ensalada murciana.\" decoding=\"auto\" class=\"_re lazyload a_m-h\" height=\"209\"  width=\"414\"  src=\"https:\/\/www.europesays.com\/es\/wp-content\/uploads\/2025\/08\/X3RJGRE4ENIBVN4ELBDSXDNRDI.jpg\" loading=\"lazy\"\/>Cebolleta y ensalada murciana.M\u00d2NICA ESCUDERO<\/p>\n<p class=\"\"><b>Navarra<\/b><\/p>\n<p class=\"\">Se puede llegar a pensar que los platos de cuchara no son aptos para el verano, pero nada m\u00e1s lejos de la realidad. El apreciado Karlos Argui\u00f1ano dijo en una ocasi\u00f3n que las <a href=\"https:\/\/elpais.com\/gastronomia\/2024-09-02\/pochas-la-alubia-que-no-quiso-ser-legumbre.html\" rel=\"nofollow noopener\" target=\"_blank\">pochas a la navarra<\/a> eran un plato perfecto cuando el calor atiza, y quien las prob\u00f3 lo sabe. En su versi\u00f3n prescinde de prote\u00edna y deja que sean las verduras pochadas quienes den sabor a esta legumbre fresca que se recolecta en verano. En <a href=\"https:\/\/maps.app.goo.gl\/qGKSSfATMJigXjGM7\" target=\"_self\" rel=\"nofollow noopener\" title=\"https:\/\/maps.app.goo.gl\/qGKSSfATMJigXjGM7\">Casa Santamar\u00eda<\/a> (Karrika Nagusia, 28, Doneztebe) se encuentran en su men\u00fa del d\u00eda y tambi\u00e9n en el de fin de semana, con el acompa\u00f1amiento festivo de unas codornices.<\/p>\n<p class=\"\"><b>Pa\u00eds Vasco<\/b><\/p>\n<p class=\"\">Dice Mikel Iturriaga que no hace falta ser vasco para cocinar un buen marmitako, y hace ya unos a\u00f1os comparti\u00f3 en <a href=\"https:\/\/elpais.com\/gastronomia\/el-comidista\/2010\/08\/18\/articulo\/1282111200_128211.html\" target=\"_self\" rel=\"nofollow noopener\" title=\"https:\/\/elpais.com\/gastronomia\/el-comidista\/2010\/08\/18\/articulo\/1282111200_128211.html\">un art\u00edculo, la receta de marmitako de su cu\u00f1ada May<\/a>. Guiso t\u00edpico del verano vasco, el bonito, que se pesca durante la temporada estival, es la estrella del plato y se cocina en un sofrito abundante con patatas. Si est\u00e1s en Euskadi quiz\u00e1s hasta agradeces comerlo caliente, pero m\u00e1s al sur puedes comerlo reposado o fr\u00edo sin que se enfade nadie.<\/p>\n<p class=\"\"><b>La Rioja<\/b> <\/p>\n<p class=\"\">Nadie proh\u00edbe comer unos caparrones con sus sacramentos en plena can\u00edcula, pero quiz\u00e1s no es lo que m\u00e1s apetece. La recia gastronom\u00eda riojana apenas ofrece bocados frescos, salvo los famosos <a href=\"https:\/\/elpais.com\/elpais\/2020\/05\/28\/gastronotas_de_capel\/1590648121_845315.html\" rel=\"nofollow noopener\" target=\"_blank\">helados de DellaSera<\/a> (Portales, 24, Logro\u00f1o) y un trago que, seg\u00fan el chef Jos\u00e9 Andr\u00e9s, fue la bebida favorita del verano pasado: el <a href=\"https:\/\/elpais.com\/gastronomia\/2024-08-12\/zurracapote-la-bebida-que-pasa-del-botellon-a-la-botella.html\" target=\"_self\" rel=\"nofollow noopener\" title=\"https:\/\/elpais.com\/gastronomia\/2024-08-12\/zurracapote-la-bebida-que-pasa-del-botellon-a-la-botella.html\">zurracapote<\/a>. Vino, az\u00facar, canela, piel de lim\u00f3n y fruta, pero no cualquiera vale y es el melocot\u00f3n el elegido con toda l\u00f3gica, ya que tiene su mejor \u00e9poca precisamente durante el verano. <\/p>\n<p><img alt=\"Helado Paseo de verano, de la helader\u00eda dellaSera, en Logro\u00f1o, en una imagen proporcionada por el establecimiento.\" decoding=\"auto\" class=\"_re lazyload a_m-h\" height=\"255\"  width=\"414\"  src=\"https:\/\/www.europesays.com\/es\/wp-content\/uploads\/2025\/08\/EI6XLBSA4FAPTNTZBIOP7DPB4I.JPG\" loading=\"lazy\"\/>Helado Paseo de verano, de la helader\u00eda dellaSera, en Logro\u00f1o, en una imagen proporcionada por el establecimiento.<\/p>\n<p class=\"\"><b>Comunidad Valenciana<\/b><\/p>\n<p class=\"\"><a href=\" https:\/\/elpais.com\/gastronomia\/beber\/2023-09-03\/el-obrador-de-alboraya-que-vende-300-litros-de-horchata-al-dia-y-se-ha-convertido-en-lugar-de-peregrinaje.html\" target=\"_self\" rel=\"\" title=\" https:\/\/elpais.com\/gastronomia\/beber\/2023-09-03\/el-obrador-de-alboraya-que-vende-300-litros-de-horchata-al-dia-y-se-ha-convertido-en-lugar-de-peregrinaje.html\">La horchata es la reina del verano<\/a> a la que muchos le desear\u00edan un reinado perenne durante todo el a\u00f1o. Encontrar el punto de dulzor exacto para cada paladar es complicado, pero en lo que casi todo el mundo coincide es en que las mejores chufas son las de Alboraya. Replicarla en casa es una tarea laboriosa con un resultado fugaz, ya que la horchata casera tiene una conservaci\u00f3n ef\u00edmera, pero hoy el mercado dispone de <a href=\"https:\/\/elpais.com\/gastronomia\/el-comidista\/2024-07-18\/cual-es-la-mejor-marca-de-horchata-del-supermercado.html\" target=\"_self\" rel=\"nofollow noopener\" title=\"https:\/\/elpais.com\/gastronomia\/el-comidista\/2024-07-18\/cual-es-la-mejor-marca-de-horchata-del-supermercado.html\">un sinf\u00edn de marcas de horchata<\/a> entre las que encontrar una favorita.<\/p>\n<p><img alt=\"Horchata y fartons de Vida, el establecimiento en mitad de la huerta de Alboraya. Horchater\u00eda Vida en Alboraya.\" decoding=\"auto\" class=\"_re lazyload a_m-h\" height=\"277\"  width=\"414\"  src=\"https:\/\/www.europesays.com\/es\/wp-content\/uploads\/2025\/08\/562VEQKANRA4ZC7CTOMYQCA264.JPG\" loading=\"lazy\"\/>Horchata y fartons de Vida, el establecimiento en mitad de la huerta de Alboraya. Horchater\u00eda Vida en Alboraya.M\u00f2nica Torres<script async src=\"\/\/www.instagram.com\/embed.js\"><\/script><\/p>\n","protected":false},"excerpt":{"rendered":"Hace calor y parece que no podemos hacer nada contra el sol abrasador y el aire caliente. \u00bfO&hellip;\n","protected":false},"author":2,"featured_media":66209,"comment_status":"","ping_status":"","sticky":false,"template":"","format":"standard","meta":{"footnotes":""},"categories":[5],"tags":[26891,5036,17,18,6602,6322,26890,25,24,13,14,4475,26888,11,26889,19,20,9,10,15,16,26892,23,12,21,22],"class_list":{"0":"post-66208","1":"post","2":"type-post","3":"status-publish","4":"format-standard","5":"has-post-thumbnail","7":"category-titulares","8":"tag-bacalao","9":"tag-bonito","10":"tag-breaking-news","11":"tag-breakingnews","12":"tag-cocina-tradicional","13":"tag-comunidades-autonomas","14":"tag-ensaladas","15":"tag-es","16":"tag-espana","17":"tag-featured-news","18":"tag-featurednews","19":"tag-gastronomia","20":"tag-gazpacho","21":"tag-headlines","22":"tag-horchata","23":"tag-latest-news","24":"tag-latestnews","25":"tag-news","26":"tag-noticias","27":"tag-noticias-destacadas","28":"tag-noticiasdestacadas","29":"tag-sopas-frias","30":"tag-spain","31":"tag-titulares","32":"tag-ultimas-noticias","33":"tag-ultimasnoticias"},"share_on_mastodon":{"url":"","error":""},"_links":{"self":[{"href":"https:\/\/www.europesays.com\/es\/wp-json\/wp\/v2\/posts\/66208","targetHints":{"allow":["GET"]}}],"collection":[{"href":"https:\/\/www.europesays.com\/es\/wp-json\/wp\/v2\/posts"}],"about":[{"href":"https:\/\/www.europesays.com\/es\/wp-json\/wp\/v2\/types\/post"}],"author":[{"embeddable":true,"href":"https:\/\/www.europesays.com\/es\/wp-json\/wp\/v2\/users\/2"}],"replies":[{"embeddable":true,"href":"https:\/\/www.europesays.com\/es\/wp-json\/wp\/v2\/comments?post=66208"}],"version-history":[{"count":0,"href":"https:\/\/www.europesays.com\/es\/wp-json\/wp\/v2\/posts\/66208\/revisions"}],"wp:featuredmedia":[{"embeddable":true,"href":"https:\/\/www.europesays.com\/es\/wp-json\/wp\/v2\/media\/66209"}],"wp:attachment":[{"href":"https:\/\/www.europesays.com\/es\/wp-json\/wp\/v2\/media?parent=66208"}],"wp:term":[{"taxonomy":"category","embeddable":true,"href":"https:\/\/www.europesays.com\/es\/wp-json\/wp\/v2\/categories?post=66208"},{"taxonomy":"post_tag","embeddable":true,"href":"https:\/\/www.europesays.com\/es\/wp-json\/wp\/v2\/tags?post=66208"}],"curies":[{"name":"wp","href":"https:\/\/api.w.org\/{rel}","templated":true}]}}