{"id":662116,"date":"2026-07-17T01:20:52","date_gmt":"2026-07-17T01:20:52","guid":{"rendered":"https:\/\/www.europesays.com\/es\/662116\/"},"modified":"2026-07-17T01:20:52","modified_gmt":"2026-07-17T01:20:52","slug":"expulsadas-tres-mujeres-de-las-piscinas-publicas-de-burgos-por-banarse-con-burkini-espana","status":"publish","type":"post","link":"https:\/\/www.europesays.com\/es\/662116\/","title":{"rendered":"Expulsadas tres mujeres de las piscinas p\u00fablicas de Burgos por ba\u00f1arse con burkini | Espa\u00f1a"},"content":{"rendered":"<p class=\"\">Tres mujeres han sido expulsadas en los \u00faltimos d\u00edas de las piscinas p\u00fablicas de Burgos por ba\u00f1arse con el conocido como <a href=\"https:\/\/elpais.com\/elpais\/2019\/04\/30\/gente\/1556614981_061110.html\" target=\"_blank\" rel=\"noreferrer nofollow noopener\" title=\"https:\/\/elpais.com\/elpais\/2019\/04\/30\/gente\/1556614981_061110.html\">burkini<\/a>, un <a href=\"https:\/\/elpais.com\/sociedad\/2019\/06\/30\/actualidad\/1561912366_757781.html\" target=\"_blank\" rel=\"noreferrer nofollow noopener\" title=\"https:\/\/elpais.com\/sociedad\/2019\/06\/30\/actualidad\/1561912366_757781.html\">traje de ba\u00f1o<\/a> que cubre de forma casi integral el cuerpo de las <a href=\"https:\/\/elpais.com\/espana\/2025-12-15\/las-dificultades-para-encontrar-trabajo-con-hiyab-tienes-un-buen-curriculum-pero-no-puedes-llevar-el-velo.html\" target=\"_blank\" rel=\"noreferrer nofollow noopener\" title=\"https:\/\/elpais.com\/espana\/2025-12-15\/las-dificultades-para-encontrar-trabajo-con-hiyab-tienes-un-buen-curriculum-pero-no-puedes-llevar-el-velo.html\">mujeres de religi\u00f3n isl\u00e1mica<\/a> y que solo deja expuestos la cara, las manos y los pies. El motivo esgrimido por los responsables de seguridad de estas instalaciones municipales es que se incumple la normativa local, que impide el ba\u00f1o a las personas que no emplean trajes de ba\u00f1o regulares o entran en las instalaciones con ropa de calle. La alcaldesa de <a href=\"https:\/\/elpais.com\/espana\/2026-07-06\/cien-anos-del-himno-a-burgos-una-cancion-que-se-aprende-en-la-escuela-y-se-canta-en-los-estadios.html\" target=\"_blank\" rel=\"noreferrer nofollow noopener\" title=\"https:\/\/elpais.com\/espana\/2026-07-06\/cien-anos-del-himno-a-burgos-una-cancion-que-se-aprende-en-la-escuela-y-se-canta-en-los-estadios.html\">Burgos<\/a>, Cristina Ayala (PP), ha insistido en que la legislaci\u00f3n lleva a\u00f1os vigente y que los empleados de <a href=\"https:\/\/elpais.com\/icon\/2026-07-12\/en-verano-hacemos-mas-amigos-al-caer-las-barreras-sociales-por-que-los-adultos-socializamos-mas-en-vacaciones.html\" target=\"_blank\" rel=\"noreferrer nofollow noopener\" title=\"https:\/\/elpais.com\/icon\/2026-07-12\/en-verano-hacemos-mas-amigos-al-caer-las-barreras-sociales-por-que-los-adultos-socializamos-mas-en-vacaciones.html\">las piscinas<\/a> simplemente han ejecutado las ordenanzas, si bien ha asegurado que llevar\u00e1 la cuesti\u00f3n a debates pol\u00edticos con los dem\u00e1s partidos para estudiar si procede hacer alg\u00fan cambio en estas leyes.<\/p>\n<p class=\"\">El Diario de Burgos ha informado de que se conmin\u00f3 a al menos tres mujeres a salirse del agua porque en los espacios de ba\u00f1o no se puede acceder con ropa o calzado de calle, adem\u00e1s de que debe usarse gorro de ba\u00f1o y calzado apropiado. Esta normativa burgalesa no afecta \u00fanicamente a las mujeres que usan burkini o llevan esas ropas largas cubriendo sus cuerpos, sino a cualquier persona, sin importar su religi\u00f3n, que intenta entrar en las piscinas con ropa callejera y alude a motivos de higiene p\u00fablica. Queda prohibido \u201cacceder o permanecer con calzado y\/o con ropa de calle en las zonas de playa, zonas de duchas de vestuarios y c\u00e9sped recreativo, excepto competiciones y actividades con autorizaci\u00f3n expresa\u201d, se\u00f1ala el reglamento de las instalaciones deportivas municipales de la ciudad de Burgos.<\/p>\n<p>M\u00e1s informaci\u00f3n<\/p>\n<p class=\"\">El peri\u00f3dico local ha recogido que los trabajadores de estas piscinas municipales advirtieron a las tres mujeres de que <a href=\"https:\/\/elpais.com\/politica\/2017\/11\/06\/actualidad\/1509994249_892456.html\" target=\"_blank\" rel=\"noreferrer nofollow noopener\" title=\"https:\/\/elpais.com\/politica\/2017\/11\/06\/actualidad\/1509994249_892456.html\">no pod\u00edan ba\u00f1arse en esas condiciones<\/a> y que deb\u00edan marcharse de la zona de ba\u00f1o. Dos de ellas llevaban inequ\u00edvocamente \u201cprendas de calle\u201d mientras que cab\u00edan dudas con una tercera, pues vest\u00eda un \u201crashguard\u201d, un ba\u00f1ador que tapa la mayor parte de la anatom\u00eda y que suelen utilizarse por surfistas o quienes padecen problemas d\u00e9rmicos y son muy sensibles al sol. La normativa burgalesa indica que quedan autorizados \u201cba\u00f1adores, camisetas y prendas de neopreno o licra contando con la autorizaci\u00f3n expresa del Servicio Municipalizado de Deportes por prescripci\u00f3n m\u00e9dica y con una duraci\u00f3n de tiempo determinada de seis meses\u201d.<\/p>\n<p class=\"\">La alcaldesa de la ciudad, Cristina Ayala (PP), ha sido cuestionada por esta situaci\u00f3n y ha reiterado que simplemente se han cumplido unas pautas que llevan ya varios a\u00f1os acordadas. \u201c[El ba\u00f1o con burkini] no est\u00e1 permitido en este momento, se cumple la normativa. Se ha respetado lo que se hace en los a\u00f1os anteriores, no hay nada diferente\u201d, ha afirmado ante los medios. Ayala ha comunicado que la concejala de Deportes, Carolina \u00c1lvarez, hizo saber a sus compa\u00f1eros lo ocurrido y decidieron remitir el asunto al Consejo de Deportes para que los otros partidos pol\u00edticos con representaci\u00f3n consistorial (su exsocio, Vox, y el PSOE como l\u00edder de la oposici\u00f3n) para dirimir si tiene cabida modificar la normativa y que \u201copinen los cuerpos pol\u00edticos sobre si seguir con la misma normativa y reglas que han estado vigentes sin cambio o si hay que replantearse\u201d la aceptaci\u00f3n de estas prendas: \u201cLo vamos a someter a debate, queremos pulsar lo que piensan otros al respecto y acabaremos tomando una decisi\u00f3n. Es un buen momento para que todos los partidos opinen\u201d.<\/p>\n","protected":false},"excerpt":{"rendered":"Tres mujeres han sido expulsadas en los \u00faltimos d\u00edas de las piscinas p\u00fablicas de Burgos por ba\u00f1arse con&hellip;\n","protected":false},"author":2,"featured_media":662117,"comment_status":"","ping_status":"","sticky":false,"template":"","format":"standard","meta":{"footnotes":""},"categories":[8],"tags":[120875,17,18,623,120874,3590,25,24,13,14,11,387,19,20,4044,15656,9,10,15,16,6126,956,23,12,21,22,1793],"class_list":["post-662116","post","type-post","status-publish","format-standard","has-post-thumbnail","category-espana","tag-ayuntamiento-burgos","tag-breaking-news","tag-breakingnews","tag-burgos","tag-burkini","tag-castilla-y-leon","tag-es","tag-espana","tag-featured-news","tag-featurednews","tag-headlines","tag-islam","tag-latest-news","tag-latestnews","tag-mujeres","tag-musulmanes","tag-news","tag-noticias","tag-noticias-destacadas","tag-noticiasdestacadas","tag-piscinas","tag-pp","tag-spain","tag-titulares","tag-ultimas-noticias","tag-ultimasnoticias","tag-verano"],"share_on_mastodon":{"url":"https:\/\/pubeurope.com\/@es\/116932698840708618","error":""},"_links":{"self":[{"href":"https:\/\/www.europesays.com\/es\/wp-json\/wp\/v2\/posts\/662116","targetHints":{"allow":["GET"]}}],"collection":[{"href":"https:\/\/www.europesays.com\/es\/wp-json\/wp\/v2\/posts"}],"about":[{"href":"https:\/\/www.europesays.com\/es\/wp-json\/wp\/v2\/types\/post"}],"author":[{"embeddable":true,"href":"https:\/\/www.europesays.com\/es\/wp-json\/wp\/v2\/users\/2"}],"replies":[{"embeddable":true,"href":"https:\/\/www.europesays.com\/es\/wp-json\/wp\/v2\/comments?post=662116"}],"version-history":[{"count":0,"href":"https:\/\/www.europesays.com\/es\/wp-json\/wp\/v2\/posts\/662116\/revisions"}],"wp:featuredmedia":[{"embeddable":true,"href":"https:\/\/www.europesays.com\/es\/wp-json\/wp\/v2\/media\/662117"}],"wp:attachment":[{"href":"https:\/\/www.europesays.com\/es\/wp-json\/wp\/v2\/media?parent=662116"}],"wp:term":[{"taxonomy":"category","embeddable":true,"href":"https:\/\/www.europesays.com\/es\/wp-json\/wp\/v2\/categories?post=662116"},{"taxonomy":"post_tag","embeddable":true,"href":"https:\/\/www.europesays.com\/es\/wp-json\/wp\/v2\/tags?post=662116"}],"curies":[{"name":"wp","href":"https:\/\/api.w.org\/{rel}","templated":true}]}}