{"id":662196,"date":"2026-07-17T02:43:18","date_gmt":"2026-07-17T02:43:18","guid":{"rendered":"https:\/\/www.europesays.com\/es\/662196\/"},"modified":"2026-07-17T02:43:18","modified_gmt":"2026-07-17T02:43:18","slug":"mercado-de-fichajes-juan-cruz-a-un-paso-de-regresar-al-malaga-cf","status":"publish","type":"post","link":"https:\/\/www.europesays.com\/es\/662196\/","title":{"rendered":"Mercado de fichajes: Juan Cruz, a un paso de regresar al M\u00e1laga CF"},"content":{"rendered":"<p class=\"ft-text\">El<a class=\"ft-link ft-link--decoration\" href=\"https:\/\/www.laopiniondemalaga.es\/malagacf\/2026\/07\/16\/10-finalistas-mundial-2026-rivales-malaga-cf-liga-132508403.html\" rel=\"nofollow noopener\" target=\"_blank\"> M\u00e1laga CF<\/a> est\u00e1 muy cerca de cerrar la incorporaci\u00f3n de <strong>Juan Cruz<\/strong>, que se convertir\u00eda en el <strong>segundo fichaje blanquiazul<\/strong> para la temporada 2026-27 <a class=\"ft-link ft-link--decoration\" href=\"https:\/\/www.laopiniondemalaga.es\/malagacf\/2026\/07\/14\/oficial-malaga-cf-anuncia-fichaje-132442722.html\" rel=\"nofollow noopener\" target=\"_blank\">tras la llegada de Fernando Calero<\/a>. <strong>Seg\u00fan adelant\u00f3 AS<\/strong>, el extremo argentino llegar\u00e1 <strong>cedido por el CD Legan\u00e9s<\/strong>, con el que tiene contrato hasta 2028, a falta \u00fanicamente de que se ultimen los \u00faltimos detalles de una operaci\u00f3n que ambas partes llevan negociando desde hace semanas.<\/p>\n<p class=\"ft-text\">El atacante regresar\u00eda as\u00ed al <strong>club donde se form\u00f3 y debut\u00f3 con el primer equipo en mayo de 2018<\/strong>, reforzando una parcela ofensiva que el M\u00e1laga considera prioritaria para afrontar con garant\u00edas su regreso a <strong>LaLiga EA Sports<\/strong>.<\/p>\n<p>Un regreso con sabor a casa<\/p>\n<p class=\"ft-text\"><strong>Juan Cruz lleg\u00f3 a la cantera malaguista en 2010<\/strong> y fue quemando etapas hasta debutar con el primer equipo en Primera Divisi\u00f3n en mayo de 2018. Tras abandonar La Rosaleda pas\u00f3 por el <strong>Betis Deportivo<\/strong>, debut\u00f3 con el primer equipo verdiblanco de la mano de Manuel Pellegrini y posteriormente recal\u00f3 en el <strong>CD Legan\u00e9s<\/strong>, donde termin\u00f3 consolid\u00e1ndose como futbolista profesional.<\/p>\n<p>La cesi\u00f3n, la \u00fanica v\u00eda posible<\/p>\n<p class=\"ft-text\">El inter\u00e9s del M\u00e1laga por Juan Cruz no es nuevo. Sin embargo, una incorporaci\u00f3n en propiedad era pr\u00e1cticamente imposible. <strong>El extremo cuenta con una cl\u00e1usula de rescisi\u00f3n de ocho millones de euros<\/strong>, una cantidad inasumible para la entidad blanquiazul.<\/p>\n<p class=\"ft-text\">Por ello, la <strong>cesi\u00f3n<\/strong> siempre fue la f\u00f3rmula m\u00e1s viable. Adem\u00e1s, el Legan\u00e9s tambi\u00e9n contempla una salida temporal para que el futbolista<strong> recupere protagonismo y pueda revalorizarse, <\/strong>tras una temporada discreta en Segunda Divisi\u00f3n.<\/p>\n<p>Experiencia y desborde para el ataque<\/p>\n<p class=\"ft-text\">A sus <strong>26 a\u00f1os<\/strong>, Juan Cruz llega al M\u00e1laga tras acumular experiencia tanto en <strong>Primera como en Segunda Divisi\u00f3n<\/strong>. Se trata de un extremo <strong>r\u00e1pido, vertical y con un gran uno contra uno<\/strong>, capaz de actuar por cualquiera de las dos bandas o incluso por detr\u00e1s del delantero.<\/p>\n<p class=\"ft-text\">En la temporada <strong>2024-25<\/strong> fue una de las revelaciones del Legan\u00e9s en <strong>LaLiga EA Sports<\/strong>, donde disput\u00f3 <strong>34 partidos<\/strong>, firm\u00f3 <strong>cinco goles y cuatro asistencias<\/strong> en el campeonato liguero y termin\u00f3 el curso con <strong>ocho goles y cinco asistencias<\/strong> entre Liga y Copa del Rey.<\/p>\n<p class=\"ft-text\">El pasado curso, ya en <strong>LaLiga Hypermotion<\/strong>, volvi\u00f3 a ser un fijo en los planes del conjunto pepinero, disputando <strong>39 encuentros<\/strong> y aportando <strong>tres goles y tres asistencias<\/strong>, pese a que el rendimiento colectivo del equipo estuvo lejos del esperado.<\/p>\n<p>M\u00e1s competencia para el frente ofensivo<\/p>\n<p class=\"ft-text\">Con su llegada, Juan Cruz aumentar\u00e1 la competencia en el ataque malaguista. El argentino pelear\u00e1 por un puesto con <strong>Joaqu\u00edn Mu\u00f1oz<\/strong>, <strong>David Larrubia o Lobete<\/strong> aunque su polivalencia permitir\u00e1 a <strong>Juanfran Funes<\/strong> utilizarlo en distintas posiciones del frente ofensivo.<\/p>\n<p class=\"ft-text\">Si no surge ning\u00fan contratiempo de \u00faltima hora, <strong>Juan Cruz volver\u00e1 a vestir la camiseta del M\u00e1laga ocho a\u00f1os despu\u00e9s de su debut con el primer equipo<\/strong>, cerrando as\u00ed un regreso muy esperado tanto por el club como por un futbolista que nunca ha escondido el cari\u00f1o que siente por la entidad de Martiricos.<\/p>\n","protected":false},"excerpt":{"rendered":"El M\u00e1laga CF est\u00e1 muy cerca de cerrar la incorporaci\u00f3n de Juan Cruz, que se convertir\u00eda en el&hellip;\n","protected":false},"author":2,"featured_media":662197,"comment_status":"","ping_status":"","sticky":false,"template":"","format":"standard","meta":{"footnotes":""},"categories":[268],"tags":[25168,7383,168,25,24,285,280,282,409,13895,1963,1239,4191,281,23,167],"class_list":["post-662196","post","type-post","status-publish","format-standard","has-post-thumbnail","category-futbol","tag-cd-leganes","tag-cruz","tag-deportes","tag-es","tag-espana","tag-fichajes","tag-football","tag-futbol","tag-juan","tag-juan-cruz","tag-malaga-cf","tag-mercado","tag-paso","tag-soccer","tag-spain","tag-sports"],"share_on_mastodon":{"url":"https:\/\/pubeurope.com\/@es\/116933021393836191","error":""},"_links":{"self":[{"href":"https:\/\/www.europesays.com\/es\/wp-json\/wp\/v2\/posts\/662196","targetHints":{"allow":["GET"]}}],"collection":[{"href":"https:\/\/www.europesays.com\/es\/wp-json\/wp\/v2\/posts"}],"about":[{"href":"https:\/\/www.europesays.com\/es\/wp-json\/wp\/v2\/types\/post"}],"author":[{"embeddable":true,"href":"https:\/\/www.europesays.com\/es\/wp-json\/wp\/v2\/users\/2"}],"replies":[{"embeddable":true,"href":"https:\/\/www.europesays.com\/es\/wp-json\/wp\/v2\/comments?post=662196"}],"version-history":[{"count":0,"href":"https:\/\/www.europesays.com\/es\/wp-json\/wp\/v2\/posts\/662196\/revisions"}],"wp:featuredmedia":[{"embeddable":true,"href":"https:\/\/www.europesays.com\/es\/wp-json\/wp\/v2\/media\/662197"}],"wp:attachment":[{"href":"https:\/\/www.europesays.com\/es\/wp-json\/wp\/v2\/media?parent=662196"}],"wp:term":[{"taxonomy":"category","embeddable":true,"href":"https:\/\/www.europesays.com\/es\/wp-json\/wp\/v2\/categories?post=662196"},{"taxonomy":"post_tag","embeddable":true,"href":"https:\/\/www.europesays.com\/es\/wp-json\/wp\/v2\/tags?post=662196"}],"curies":[{"name":"wp","href":"https:\/\/api.w.org\/{rel}","templated":true}]}}