{"id":662206,"date":"2026-07-17T02:51:22","date_gmt":"2026-07-17T02:51:22","guid":{"rendered":"https:\/\/www.europesays.com\/es\/662206\/"},"modified":"2026-07-17T02:51:22","modified_gmt":"2026-07-17T02:51:22","slug":"un-endocrinologo-revela-que-alimento-comer-cada-semana","status":"publish","type":"post","link":"https:\/\/www.europesays.com\/es\/662206\/","title":{"rendered":"Un endocrin\u00f3logo revela qu\u00e9 alimento comer cada semana"},"content":{"rendered":"<p class=\"article-body__text \">\n        No se deben buscar f\u00f3rmulas m\u00e1gicas,<strong> sino incorporar h\u00e1bitos basados en comida real que protejan nuestro cuerpo en sustituci\u00f3n de los ultraprocesados.<\/strong>\n<\/p>\n<p class=\"article-body__text \">\n        Cada d\u00eda nos bombardean con informaci\u00f3n sobre dietas milagrosas y \u00absuperalimentos\u00bb. Sin embargo, <strong>los expertos en <\/strong><a href=\"https:\/\/www.noticiasdealava.eus\/tags\/salud\/\" title=\"salud\" class=\"link copy\" rel=\"nofollow noopener\" target=\"_blank\"><strong>salud<\/strong><\/a><strong> son claros al explicar la clave no est\u00e1 en las obsesiones, sino en tener una dieta equilibrada. <\/strong>\n<\/p>\n<p class=\"article-body__text \">\n        Uno de los profesionales que m\u00e1s insiste en la importancia de volver a lo b\u00e1sico es el endocrin\u00f3logo <strong>\u00d3scar Rosero.<\/strong>\n<\/p>\n<p class=\"article-body__text \">\n        En su \u00faltimo v\u00eddeo en redes sociales, <strong>el doctor ha querido destacar una fruta de gran valor nutricional que recomienda comer al menos dos veces por semana: el ar\u00e1ndano.<\/strong>\n<\/p>\n<p class=\"article-body__text \">\n        Rosero explica que<strong> \u00abson una excelente fuente de antocianinas, compuestos que se han asociado con una mejor salud cardiovascular, cerebral y metab\u00f3lica\u00bb.<\/strong>\n<\/p>\n<p class=\"article-body__text \">\n        Las antocianinas act\u00faan como potentes antioxidantes en nuestro organismo, <strong>ayudando a proteger nuestras c\u00e9lulas del desgaste diario y del envejecimiento prematuro.<\/strong>\n<\/p>\n<p class=\"article-photo__footer\">\n            Ar\u00e1ndanos            Magnific        <\/p>\n<p>  Beneficios para el coraz\u00f3n, el metabolismo y el cerebro<\/p>\n<p class=\"article-body__text \">\n        El impacto de integrar esta fruta en nuestra rutina semanal va mucho m\u00e1s all\u00e1 de disfrutar de su sabor. <strong>Los estudios respaldan que los antioxidantes presentes en los ar\u00e1ndanos tienen un efecto directo en varios de los sistemas m\u00e1s importantes de nuestro cuerpo.<\/strong>\n<\/p>\n<p class=\"article-body__text \">\n        Sobre este punto, el endocrin\u00f3logo detalla los efectos positivos de este h\u00e1bito: <strong>\u00abConsumidos de forma habitual, pueden contribuir a mejorar la funci\u00f3n de los vasos sangu\u00edneos, favorecer un mejor control de la glucosa, reducir el estr\u00e9s oxidativo y apoyar la salud cognitiva\u00bb<\/strong>.\n<\/p>\n<p class=\"article-body__text \">\n        Esto significa que, <strong>al cuidar nuestros vasos sangu\u00edneos, estamos protegiendo nuestro <\/strong><a href=\"https:\/\/www.noticiasdealava.eus\/tags\/corazon\/\" title=\"coraz\u00f3n\" class=\"link copy\" rel=\"nofollow noopener\" target=\"_blank\"><strong>coraz\u00f3n<\/strong><\/a><strong>.<\/strong>\n<\/p>\n<p class=\"article-body__text \">\n        Al mejorar el control de la glucosa,<strong> ayudamos a nuestro metabolismo a funcionar de manera m\u00e1s eficiente, algo vital para prevenir enfermedades como la diabetes. <\/strong>\n<\/p>\n<p class=\"article-body__text \">\n        Por si esto fuera poco, <strong>su apoyo a la salud cognitiva indica que tambi\u00e9n estamos nutriendo nuestro cerebro, favoreciendo la memoria y la concentraci\u00f3n.<\/strong>\n<\/p>\n<p>  Comida real por encima de todo<\/p>\n<p class=\"article-body__text \">\n        A pesar de todos estos beneficios comprobados, el doctor pide sentido com\u00fan. No es necesario obsesionarse ni hacer compras desproporcionadas en el supermercado: <strong>\u00abNo necesitas comerlos todos los d\u00edas. Lo importante es mantener el h\u00e1bito dentro de una <\/strong><a href=\"https:\/\/www.noticiasdealava.eus\/tags\/alimentacion\/\" title=\"alimentaci\u00f3n\" class=\"link copy\" rel=\"nofollow noopener\" target=\"_blank\"><strong>alimentaci\u00f3n<\/strong><\/a><strong> basada en comida real\u00bb.<\/strong>\n<\/p>\n<p class=\"article-body__text \">\n        En definitiva, el mensaje es f\u00e1cil de aplicar. <strong>Un par de pu\u00f1ados de ar\u00e1ndanos a la semana, integrados en una dieta variada, rica en verduras, prote\u00ednas de calidad y grasas saludables, es un paso sencillo hacia un mejor estado de salud.<\/strong><\/p>\n","protected":false},"excerpt":{"rendered":"No se deben buscar f\u00f3rmulas m\u00e1gicas, sino incorporar h\u00e1bitos basados en comida real que protejan nuestro cuerpo en&hellip;\n","protected":false},"author":2,"featured_media":662207,"comment_status":"","ping_status":"","sticky":false,"template":"","format":"standard","meta":{"footnotes":""},"categories":[92],"tags":[4919,13501,22239,25,24,165,2789,1789,120883,166,773,23],"class_list":["post-662206","post","type-post","status-publish","format-standard","has-post-thumbnail","category-salud","tag-alimento","tag-comer","tag-endocrinologo","tag-es","tag-espana","tag-health","tag-oscar","tag-revela","tag-rosero","tag-salud","tag-semana","tag-spain"],"share_on_mastodon":{"url":"https:\/\/pubeurope.com\/@es\/116933052630219973","error":""},"_links":{"self":[{"href":"https:\/\/www.europesays.com\/es\/wp-json\/wp\/v2\/posts\/662206","targetHints":{"allow":["GET"]}}],"collection":[{"href":"https:\/\/www.europesays.com\/es\/wp-json\/wp\/v2\/posts"}],"about":[{"href":"https:\/\/www.europesays.com\/es\/wp-json\/wp\/v2\/types\/post"}],"author":[{"embeddable":true,"href":"https:\/\/www.europesays.com\/es\/wp-json\/wp\/v2\/users\/2"}],"replies":[{"embeddable":true,"href":"https:\/\/www.europesays.com\/es\/wp-json\/wp\/v2\/comments?post=662206"}],"version-history":[{"count":0,"href":"https:\/\/www.europesays.com\/es\/wp-json\/wp\/v2\/posts\/662206\/revisions"}],"wp:featuredmedia":[{"embeddable":true,"href":"https:\/\/www.europesays.com\/es\/wp-json\/wp\/v2\/media\/662207"}],"wp:attachment":[{"href":"https:\/\/www.europesays.com\/es\/wp-json\/wp\/v2\/media?parent=662206"}],"wp:term":[{"taxonomy":"category","embeddable":true,"href":"https:\/\/www.europesays.com\/es\/wp-json\/wp\/v2\/categories?post=662206"},{"taxonomy":"post_tag","embeddable":true,"href":"https:\/\/www.europesays.com\/es\/wp-json\/wp\/v2\/tags?post=662206"}],"curies":[{"name":"wp","href":"https:\/\/api.w.org\/{rel}","templated":true}]}}