{"id":66223,"date":"2025-08-23T05:18:16","date_gmt":"2025-08-23T05:18:16","guid":{"rendered":"https:\/\/www.europesays.com\/es\/66223\/"},"modified":"2025-08-23T05:18:16","modified_gmt":"2025-08-23T05:18:16","slug":"asi-es-la-familia-que-esta-detras-del-exito","status":"publish","type":"post","link":"https:\/\/www.europesays.com\/es\/66223\/","title":{"rendered":"as\u00ed es la familia que est\u00e1 detr\u00e1s del \u00e9xito"},"content":{"rendered":"<p id=\"ep0UJCG-pT\" data-wc=\"58\"><strong>Alfonso Ar\u00fas<\/strong>, que se ha consolidado como l\u00edder de las ma\u00f1anas en laSexta durante las tres \u00faltimas temporadas, da un paso m\u00e1s en su apuesta por conquistar tambi\u00e9n los fines de semana. El pr\u00f3ximo 6 de septiembre se estrenar\u00e1 Aruser@s Weekend, una versi\u00f3n del exitoso programa que se emitir\u00e1 los s\u00e1bados y domingos de 9:00 a 11:00 horas.\u00a0<\/p>\n<p> <img src=\"https:\/\/www.europesays.com\/es\/wp-content\/uploads\/2025\/08\/cd7654807400-alfonsoarusjirun.jpg\"   width=\"733\" height=\"1024\" loading=\"lazy\" decoding=\"async\" alt=\"Alfonso Ar\u00fas\" fetchpriority=\"auto\" class=\"image ho-image\"\/>\u00a9 Jose Irun<\/p>\n<p id=\"eoyp0rfKMfC\" data-wc=\"46\">La gran novedad de este formato est\u00e1 en el presentador elegido: ser\u00e1 Hans, el hijo peque\u00f1o del comunicador catal\u00e1n, quien tome las riendas del espacio, en lo que supone un relevo generacional dentro de un programa que ya se ha convertido en una aut\u00e9ntica marca familiar.<\/p>\n<p> <img src=\"https:\/\/www.europesays.com\/es\/wp-content\/uploads\/2025\/08\/dd2b1015c6fc-hoy-ha-venido-a-visitarnos-hansfuturo-periodistaqu-fcil-me-lo-has-puesto-com.jpg\"   width=\"819\" height=\"1024\" loading=\"lazy\" decoding=\"async\" alt=\"Hans Ar\u00fas con su madre, Angie C\u00e1rdenas\" fetchpriority=\"auto\" class=\"image ho-image\"\/>\u00a9 angiecardenastvHans Ar\u00fas con su madre, Angie C\u00e1rdenas<\/p>\n<p class=\"\" id=\"eLQEMsUZpqi\" data-wc=\"58\">Con este nuevo lanzamiento, Ar\u00fas refuerza su presencia en la parrilla y abre la puerta a que su hijo se consolide como heredero natural de uno de los programas m\u00e1s exitosos de la televisi\u00f3n matinal en Espa\u00f1a. Pero no es el \u00fanico miembro del clan que triunfa. A continuaci\u00f3n te contamos qui\u00e9n es qui\u00e9n en esta medi\u00e1tica familia.<\/p>\n<p> <img src=\"https:\/\/www.europesays.com\/es\/wp-content\/uploads\/2025\/08\/ae34725ac5a4-europapress789348premiosondas2012.jpg\"   width=\"650\" height=\"1024\" loading=\"lazy\" decoding=\"async\" alt=\"Alfonso Ar\u00fas y Angie C\u00e1rdenas. Barcelona. 29\/11\/2012\" fetchpriority=\"auto\" class=\"image ho-image\"\/>\u00a9 Europa Press<\/p>\n<p id=\"eVk33eu913n\" data-wc=\"98\">Alfonso Ar\u00fas, que se hizo muy popular entre el p\u00fablico gracias al programa V\u00eddeos de primera, emitido por Televisi\u00f3n Espa\u00f1ola, lleva m\u00e1s de cuatro d\u00e9cadas compartiendo su vida con <strong data-end=\"1233\" data-start=\"1215\">Angie C\u00e1rdenas<\/strong>, hermana de Javier C\u00e1rdenas. Ambos forman un t\u00e1ndem perfecto en el terreno personal, pero tambi\u00e9n en el profesional, ya que Angie es subdirectora y colaboradora de Aruser@s. \u00abCuando empezamos Angie y yo, \u00e9ramos la \u00fanica pareja que hac\u00edamos televisi\u00f3n. Luego ya he visto que Ferreras lo hace con Ana Pastor; Iker Jim\u00e9nez, con Carmen Porter; I\u00f1aki L\u00f3pez, con Andrea Ropero\u2026\u00bb, dijo el presentador entre risas en LOC.\u00a0<\/p>\n<p id=\"epkUxf92RQg\" data-wc=\"22\">El matrimonio tiene <strong data-end=\"1746\" data-start=\"1721\">cuatro hijos en com\u00fan<\/strong>. Adem\u00e1s de Hans, el benjam\u00edn de la familia, son padres de <strong data-end=\"1833\" data-start=\"1805\">Ingrid, Tatiana y Arthur<\/strong>.<\/p>\n<p id=\"e4mSNFflAKYQ\" data-wc=\"43\"><strong data-end=\"1850\" data-start=\"1840\">Ingrid<\/strong>, la primog\u00e9nita, es la m\u00e1s discreta del clan. Con su perfil de Instagram cerrado, apenas se conocen detalles de su vida privada. Trabaja en el programa de sus padres detr\u00e1s de las c\u00e1maras y es madre de un ni\u00f1o y una ni\u00f1a.<\/p>\n<p> <img src=\"https:\/\/www.europesays.com\/es\/wp-content\/uploads\/2025\/08\/f344dedc3753-familia-ars.jpg\"   width=\"896\" height=\"1024\" loading=\"lazy\" decoding=\"async\" alt=\"La familia de Alfonso Ar\u00fas\" fetchpriority=\"auto\" class=\"image ho-image\"\/>\u00a9 tatiana_arusDe izquierda a derecha: Ingrid, Angie, Hans, Tatiana y Artur <\/p>\n<p id=\"eHD9UxnHnxNL\" data-wc=\"33\"><strong data-end=\"2079\" data-start=\"2068\">Tatiana<\/strong>, con 36 a\u00f1os reci\u00e9n cumplidos, es la hija m\u00e1s conocida del matrimonio. Colaboradora habitual de Aruser@s, antes trabaj\u00f3 como dobladora de voz. Apasionada del fitness, es madre de un ni\u00f1o llamado Axel.<\/p>\n<p> <img src=\"https:\/\/www.europesays.com\/es\/wp-content\/uploads\/2025\/08\/0c7d3dc19337-acabamos-nuestra-quinta-temporada-por-todo-lo-alto-no-tengo-palabras-para-agra.jpg\"   width=\"1024\" height=\"1024\" loading=\"lazy\" decoding=\"async\" alt=\"Tatiana Ar\u00fas con su madre Angie y sus hermanos Artur y Hans en 'Aruser@s'\" fetchpriority=\"auto\" class=\"image ho-image\"\/>\u00a9 tatiana_arusTatiana Ar\u00fas con su madre Angie y sus hermanos Artur y Hans en &#8216;Aruser@s&#8217;<\/p>\n<p id=\"eGTp10BAFaVI\" data-wc=\"40\"><strong data-end=\"2282\" data-start=\"2272\">Arthur<\/strong> tambi\u00e9n colabora en el programa, en la secci\u00f3n de deportes. Aunque protege su vida sentimental, se sabe que mantiene una relaci\u00f3n con Alba S\u00e1nchez, excompa\u00f1era de Aruser@s. Este verano ha viajado con ella a Singapur, consolidando as\u00ed su noviazgo.<\/p>\n<p> <img src=\"https:\/\/www.europesays.com\/es\/wp-content\/uploads\/2025\/08\/518fe1971d8a-1jpg.jpg\"   width=\"819\" height=\"1024\" loading=\"lazy\" decoding=\"async\" alt=\"Artur Ar\u00fas C\u00e1rdenas\" fetchpriority=\"auto\" class=\"image ho-image\"\/>\u00a9 arturaruscardenasArtur Ar\u00fas, colaborador de &#8216;Aruser@s&#8217;<\/p>\n<p id=\"et35l9928I2x\" data-wc=\"52\"><strong data-end=\"2543\" data-start=\"2535\">Hans<\/strong>, el peque\u00f1o, es ya una de las grandes apuestas de la cadena. Tras estudiar Periodismo en la Facultad de Comunicaci\u00f3n y Relaciones Internacionales Blanquerna- Universidad Ramon Llull, ha encontrado en la televisi\u00f3n su camino y ahora se prepara para dar el salto m\u00e1s importante al ponerse al frente de Aruser@s Weekend.<\/p>\n<p> <img src=\"https:\/\/www.europesays.com\/es\/wp-content\/uploads\/2025\/08\/cc13b104683e-stay-focused.jpg\"   width=\"819\" height=\"1024\" loading=\"lazy\" decoding=\"async\" alt=\"Media Image\" fetchpriority=\"auto\" class=\"image ho-image\"\/>\u00a9 hansarus_<\/p>\n<p id=\"eWqCpu_w-CXE\" data-wc=\"106\">A lo largo de su carrera, Alfonso Ar\u00fas siempre ha contado con el apoyo de su mujer en el terreno profesional, pero con el tiempo tambi\u00e9n ha ido sumando a sus hijos, una vez que crecieron y se formaron acad\u00e9micamente. Para \u00e9l es una satisfacci\u00f3n que los cuatro hayan decidido, de un modo u otro, seguir sus pasos y dedicarse a la informaci\u00f3n y el entretenimiento. Si ya considera un privilegio poder trabajar en lo que le apasiona, hacerlo rodeado de las personas a las que m\u00e1s quiere lo convierte en una experiencia \u00fanica que, adem\u00e1s, le hace m\u00e1s f\u00e1cil y gratificante el d\u00eda a d\u00eda.<\/p>\n","protected":false},"excerpt":{"rendered":"Alfonso Ar\u00fas, que se ha consolidado como l\u00edder de las ma\u00f1anas en laSexta durante las tres \u00faltimas temporadas,&hellip;\n","protected":false},"author":2,"featured_media":66224,"comment_status":"","ping_status":"","sticky":false,"template":"","format":"standard","meta":{"footnotes":""},"categories":[171],"tags":[517,253,146,147,25,24,23,807,214],"class_list":{"0":"post-66223","1":"post","2":"type-post","3":"status-publish","4":"format-standard","5":"has-post-thumbnail","7":"category-tv","8":"tag-actualidad","9":"tag-discover","10":"tag-entertainment","11":"tag-entretenimiento","12":"tag-es","13":"tag-espana","14":"tag-spain","15":"tag-television","16":"tag-tv"},"share_on_mastodon":{"url":"","error":""},"_links":{"self":[{"href":"https:\/\/www.europesays.com\/es\/wp-json\/wp\/v2\/posts\/66223","targetHints":{"allow":["GET"]}}],"collection":[{"href":"https:\/\/www.europesays.com\/es\/wp-json\/wp\/v2\/posts"}],"about":[{"href":"https:\/\/www.europesays.com\/es\/wp-json\/wp\/v2\/types\/post"}],"author":[{"embeddable":true,"href":"https:\/\/www.europesays.com\/es\/wp-json\/wp\/v2\/users\/2"}],"replies":[{"embeddable":true,"href":"https:\/\/www.europesays.com\/es\/wp-json\/wp\/v2\/comments?post=66223"}],"version-history":[{"count":0,"href":"https:\/\/www.europesays.com\/es\/wp-json\/wp\/v2\/posts\/66223\/revisions"}],"wp:featuredmedia":[{"embeddable":true,"href":"https:\/\/www.europesays.com\/es\/wp-json\/wp\/v2\/media\/66224"}],"wp:attachment":[{"href":"https:\/\/www.europesays.com\/es\/wp-json\/wp\/v2\/media?parent=66223"}],"wp:term":[{"taxonomy":"category","embeddable":true,"href":"https:\/\/www.europesays.com\/es\/wp-json\/wp\/v2\/categories?post=66223"},{"taxonomy":"post_tag","embeddable":true,"href":"https:\/\/www.europesays.com\/es\/wp-json\/wp\/v2\/tags?post=66223"}],"curies":[{"name":"wp","href":"https:\/\/api.w.org\/{rel}","templated":true}]}}