{"id":66225,"date":"2025-08-23T05:19:12","date_gmt":"2025-08-23T05:19:12","guid":{"rendered":"https:\/\/www.europesays.com\/es\/66225\/"},"modified":"2025-08-23T05:19:12","modified_gmt":"2025-08-23T05:19:12","slug":"el-duo-nebulossa-lanza-su-nueva-cancion-supersexy-que-celebra-el-deseo-la-libertad-y-el-empoderamiento","status":"publish","type":"post","link":"https:\/\/www.europesays.com\/es\/66225\/","title":{"rendered":"El d\u00fao Nebulossa lanza su nueva canci\u00f3n &#8216;Supersexy&#8217;, que \u00abcelebra el deseo, la libertad y el empoderamiento\u00bb"},"content":{"rendered":"<p class=\"c-paragraph\">El d\u00fao Nebulossa lanzar\u00e1 el pr\u00f3ximo 5 de septiembre su nueva canci\u00f3n\u00a0Supersexy que contar\u00e1 tambi\u00e9n con un videoclip. Este es el <b>tercer tema del grupo tras participar con Zorra en Eurovisi\u00f3n 2024<\/b> y el lanzamiento de Venenosa junto a M\u00f3nica Naranjo.<\/p>\n<p class=\"c-paragraph\">Supersexy cabalga entre el italo disco de Pino D&#8217;Angi\u00f2 y la est\u00e9tica sonora de Vacaciones en el mar. \u00abEs mucho m\u00e1s que una canci\u00f3n, se trata de <b>una<\/b> <b>declaraci\u00f3n de intenciones que celebra el deseo, la libertad y el empoderamiento<\/b>\u00ab, argumentan Mery Bas y Mark Dasousa.<\/p>\n<p class=\"c-paragraph\">\u00abQueremos que la gente se sienta libre, deseada y s\u00faper sexy con esta canci\u00f3n. Para nosotros,<b> la m\u00fasica siempre ha sido un espacio de expresi\u00f3n<\/b> y creemos que este tema refleja a la perfecci\u00f3n esa energ\u00eda que el p\u00fablico ya conoce de Nebulossa\u00bb, explican los integrantes del d\u00fao.<\/p>\n<p class=\"c-paragraph\">Con Supersexy,\u00a0Nebulossa abre una nueva etapa en su trayectoria. \u00abUna apuesta que combina <b>nostalgia, modernidad y, sobre todo, personalidad\u00bb<\/b>, han explicado.<\/p>\n","protected":false},"excerpt":{"rendered":"El d\u00fao Nebulossa lanzar\u00e1 el pr\u00f3ximo 5 de septiembre su nueva canci\u00f3n\u00a0Supersexy que contar\u00e1 tambi\u00e9n con un videoclip.&hellip;\n","protected":false},"author":2,"featured_media":66226,"comment_status":"","ping_status":"","sticky":false,"template":"","format":"standard","meta":{"footnotes":""},"categories":[170],"tags":[209,146,147,25,24,184,185,23],"class_list":{"0":"post-66225","1":"post","2":"type-post","3":"status-publish","4":"format-standard","5":"has-post-thumbnail","7":"category-musica","8":"tag-cultura","9":"tag-entertainment","10":"tag-entretenimiento","11":"tag-es","12":"tag-espana","13":"tag-music","14":"tag-musica","15":"tag-spain"},"share_on_mastodon":{"url":"","error":""},"_links":{"self":[{"href":"https:\/\/www.europesays.com\/es\/wp-json\/wp\/v2\/posts\/66225","targetHints":{"allow":["GET"]}}],"collection":[{"href":"https:\/\/www.europesays.com\/es\/wp-json\/wp\/v2\/posts"}],"about":[{"href":"https:\/\/www.europesays.com\/es\/wp-json\/wp\/v2\/types\/post"}],"author":[{"embeddable":true,"href":"https:\/\/www.europesays.com\/es\/wp-json\/wp\/v2\/users\/2"}],"replies":[{"embeddable":true,"href":"https:\/\/www.europesays.com\/es\/wp-json\/wp\/v2\/comments?post=66225"}],"version-history":[{"count":0,"href":"https:\/\/www.europesays.com\/es\/wp-json\/wp\/v2\/posts\/66225\/revisions"}],"wp:featuredmedia":[{"embeddable":true,"href":"https:\/\/www.europesays.com\/es\/wp-json\/wp\/v2\/media\/66226"}],"wp:attachment":[{"href":"https:\/\/www.europesays.com\/es\/wp-json\/wp\/v2\/media?parent=66225"}],"wp:term":[{"taxonomy":"category","embeddable":true,"href":"https:\/\/www.europesays.com\/es\/wp-json\/wp\/v2\/categories?post=66225"},{"taxonomy":"post_tag","embeddable":true,"href":"https:\/\/www.europesays.com\/es\/wp-json\/wp\/v2\/tags?post=66225"}],"curies":[{"name":"wp","href":"https:\/\/api.w.org\/{rel}","templated":true}]}}