{"id":662557,"date":"2026-07-17T08:35:24","date_gmt":"2026-07-17T08:35:24","guid":{"rendered":"https:\/\/www.europesays.com\/es\/662557\/"},"modified":"2026-07-17T08:35:24","modified_gmt":"2026-07-17T08:35:24","slug":"la-leyenda-del-tenis-que-elige-entre-alcaraz-o-sinner","status":"publish","type":"post","link":"https:\/\/www.europesays.com\/es\/662557\/","title":{"rendered":"La leyenda del tenis que elige entre Alcaraz o Sinner"},"content":{"rendered":"<p>\n        <strong>La rivalidad entre <\/strong><a href=\"https:\/\/www.deia.eus\/tags\/carlos-alcaraz\/\" title=\"Carlos Alcaraz\" class=\"link copy\" rel=\"nofollow noopener\" target=\"_blank\"><strong>Carlos Alcaraz<\/strong><\/a><strong> y <\/strong><a href=\"https:\/\/www.deia.eus\/tags\/jannik-sinner\/\" title=\"Jannik Sinner\" class=\"link copy\" rel=\"nofollow noopener\" target=\"_blank\"><strong>Jannik Sinner<\/strong><\/a><strong> sigue dividiendo al tenis.<\/strong> El murciano y el italiano llevan m\u00e1s de dos a\u00f1os protagonizando una batalla que representa el relevo generacional despu\u00e9s de una \u00e9poca liderada por Roger Federer, Rafa Nadal y Novak Djokovic. Ahora, una de las voces m\u00e1s autorizadas de este deporte ha tomado partido.\n<\/p>\n<p class=\"article-body__text \">\n        <strong>Jimmy Connors, exn\u00famero 1 del mundo y ganador de ocho t\u00edtulos de <\/strong><a href=\"https:\/\/www.deia.eus\/tags\/grand-slam\/\" title=\"Grand Slam\" class=\"link copy\" rel=\"nofollow noopener\" target=\"_blank\"><strong>Grand Slam<\/strong><\/a><strong>, considera que el mejor tenis del circuito lo desarrolla Sinner<\/strong>. El estadounidense no duda en situar al italiano por delante de Alcaraz despu\u00e9s del triunfo del n\u00famero 1 del mundo en Wimbledon, donde revalid\u00f3 el t\u00edtulo y elev\u00f3 a cinco su cuenta de \u2018grandes\u2019.\n<\/p>\n<p class=\"article-body__text \">\n        <strong>\u201cEl tenis de Sinner, est\u00e9 Alcaraz o no, desde mi punto de vista, sigue siendo el mejor\u201d<\/strong>, ha opinado Connors en el podcast Advantage Connors. Esta valoraci\u00f3n que llega en un momento muy particular, puesto que el murciano va camino de los cuatro meses de baja por una lesi\u00f3n en su mu\u00f1eca derecha que le ha permitido al italiano distanciar se en el ranking mundial de la ATP.\n<\/p>\n<p class=\"article-body__text \">\n        Lejos de restar m\u00e9rito al momento que atraviesa Sinner por la ausencia de su gran rival, Connors defendi\u00f3 que el italiano simplemente ha hecho lo que corresponde a alguien que ocupa el n\u00famero 1. <strong>\u201cHa aprovechado que Alcaraz no juega. Y no es culpa suya. <\/strong>Sigue haciendo su trabajo, que consiste en superar su parte del cuadro. A quien se cruza en su camino, simplemente lo aparta\u201d, ha comentado.\n<\/p>\n<p class=\"article-body__text \">\n        Las palabras del estadounidense llegan <strong>despu\u00e9s de un Wimbledon en el que Sinner volvi\u00f3 a exhibir un gran nivel<\/strong>. De hecho, apenas encontr\u00f3 oposici\u00f3n y cerr\u00f3 el torneo con una contundente victoria sobre Alexander Zverev. Antes, en semifinales, dej\u00f3 en el camino a <a href=\"https:\/\/www.deia.eus\/tags\/novak-djokovic\/\" title=\"Novak Djokovic\" class=\"link copy\" rel=\"nofollow noopener\" target=\"_blank\">Novak Djokovic<\/a>.\n<\/p>\n<p class=\"article-photo__footer\">\n            Sinner y Alcaraz se abrazan en las pasadas ATP Finals de Tur\u00edn.            Europa Press        <\/p>\n<p>  \u00abAlcaraz tiene m\u00e1s variantes\u00bb<\/p>\n<p class=\"article-body__text \">\n        M\u00e1s all\u00e1 de los resultados, Connors ha puesto el foco en las cualidades t\u00e9cnicas del tenista de San C\u00e1ndido. <strong>\u201cS\u00e9 que Alcaraz cambia mucho su juego y tiene m\u00e1s variantes. Pero Sinner, para ser un jugador tan alto, la manera en la que se mueve por la pista, la consistencia que tiene y la potencia con la que golpea desde el fondo son realmente impresionantes\u201d<\/strong>, ha considerado. Cabe recordar que el murciano supera al italiano en t\u00edtulos de Grand Slam; el primero suma siete mientras que el segundo atesora cinco.\n<\/p>\n<p class=\"article-body__text \">\n        Connors tambi\u00e9n ha querido relativizar la ausencia del tenista de El Palmar. <strong>El estadounidense ha recordado que las lesiones forman parte del juego<\/strong> y ha rechazado que el circuito quede desvirtuado por la baja del murciano. \u201cLos jugadores se lesionan y los jugadores se retiran. Todo forma parte del juego y de poner tu reputaci\u00f3n a prueba semana tras semana. Claro que hemos echado de menos a Alcaraz, pero el tenis contin\u00faa. Yo tambi\u00e9n me perd\u00ed torneos y la competici\u00f3n sigui\u00f3 adelante\u201d, ha valorado.<\/p>\n","protected":false},"excerpt":{"rendered":"La rivalidad entre Carlos Alcaraz y Jannik Sinner sigue dividiendo al tenis. El murciano y el italiano llevan&hellip;\n","protected":false},"author":2,"featured_media":662558,"comment_status":"","ping_status":"","sticky":false,"template":"","format":"standard","meta":{"footnotes":""},"categories":[274],"tags":[4736,545,168,8194,25,24,544,22763,368,4466,23,167,327,326],"class_list":["post-662557","post","type-post","status-publish","format-standard","has-post-thumbnail","category-tenis","tag-alcaraz","tag-carlos-alcaraz","tag-deportes","tag-elige","tag-es","tag-espana","tag-jannik-sinner","tag-jimmy-connors","tag-leyenda","tag-sinner","tag-spain","tag-sports","tag-tenis","tag-tennis"],"share_on_mastodon":{"url":"https:\/\/pubeurope.com\/@es\/116934405193808645","error":""},"_links":{"self":[{"href":"https:\/\/www.europesays.com\/es\/wp-json\/wp\/v2\/posts\/662557","targetHints":{"allow":["GET"]}}],"collection":[{"href":"https:\/\/www.europesays.com\/es\/wp-json\/wp\/v2\/posts"}],"about":[{"href":"https:\/\/www.europesays.com\/es\/wp-json\/wp\/v2\/types\/post"}],"author":[{"embeddable":true,"href":"https:\/\/www.europesays.com\/es\/wp-json\/wp\/v2\/users\/2"}],"replies":[{"embeddable":true,"href":"https:\/\/www.europesays.com\/es\/wp-json\/wp\/v2\/comments?post=662557"}],"version-history":[{"count":0,"href":"https:\/\/www.europesays.com\/es\/wp-json\/wp\/v2\/posts\/662557\/revisions"}],"wp:featuredmedia":[{"embeddable":true,"href":"https:\/\/www.europesays.com\/es\/wp-json\/wp\/v2\/media\/662558"}],"wp:attachment":[{"href":"https:\/\/www.europesays.com\/es\/wp-json\/wp\/v2\/media?parent=662557"}],"wp:term":[{"taxonomy":"category","embeddable":true,"href":"https:\/\/www.europesays.com\/es\/wp-json\/wp\/v2\/categories?post=662557"},{"taxonomy":"post_tag","embeddable":true,"href":"https:\/\/www.europesays.com\/es\/wp-json\/wp\/v2\/tags?post=662557"}],"curies":[{"name":"wp","href":"https:\/\/api.w.org\/{rel}","templated":true}]}}