{"id":66258,"date":"2025-08-23T05:42:10","date_gmt":"2025-08-23T05:42:10","guid":{"rendered":"https:\/\/www.europesays.com\/es\/66258\/"},"modified":"2025-08-23T05:42:10","modified_gmt":"2025-08-23T05:42:10","slug":"jack-white-emprende-su-particular-cruzada-contra-trump","status":"publish","type":"post","link":"https:\/\/www.europesays.com\/es\/66258\/","title":{"rendered":"Jack White emprende su particular cruzada contra Trump"},"content":{"rendered":"<p><strong>Jack White<\/strong> no se corta un pelo y <a href=\"https:\/\/muzikalia.com\/el-mundo-de-la-cultura-se-rebela-contra-trump\/\" rel=\"nofollow noopener\" target=\"_blank\"><strong>se suma a otros artistas<\/strong><\/a> como<strong> Bruce Springsteen, Taylor Swift, Kim Gordon<\/strong> o <strong>Neil Young<\/strong> en sus cr\u00edticas a la gesti\u00f3n \u00abpeligrosa para Estados Unidos y para el mundo\u00bb de <strong>Donald Trump<\/strong>.<\/p>\n<p>El pasado a\u00f1o, durante la campa\u00f1a electoral se quej\u00f3 de que <b>Trump <\/b>estaba utilizando \u00abSeven Nation Army\u00bb en un v\u00eddeo promocional a lo que enseguida espet\u00f3: \u00abOh\u2026 ni se os ocurra usar mi m\u00fasica, fascistas\u00bb.<\/p>\n<p>Desde entonces, el que fuera l\u00edder de <strong>The White Stripes<\/strong> est\u00e1 arremetiendo contra las acciones del nuevo presidente norteamericano. Lo m\u00e1s reciente ha sido un post en sus redes sobre la decoraci\u00f3n de la Casa Blanca:<\/p>\n<blockquote class=\"instagram-media\" style=\"background: #FFF; border: 0; border-radius: 3px; box-shadow: 0 0 1px 0 rgba(0,0,0,0.5),0 1px 10px 0 rgba(0,0,0,0.15); margin: 1px; max-width: 540px; min-width: 326px; padding: 0; width: calc(100% - 2px);\" data-instgrm-captioned=\"\" data-instgrm-permalink=\"https:\/\/www.instagram.com\/p\/DNhOg0nNGCR\/?utm_source=ig_embed&amp;utm_campaign=loading\" data-instgrm-version=\"14\">\n<\/blockquote>\n<p>\u00abMira lo asqueroso que Trump ha transformado la hist\u00f3rica Casa Blanca. Ahora es un camerino de luchador profesional vulgar, de hojas de oro y llamativo. No puedo esperar para el partido de UFC en el jard\u00edn delantero tambi\u00e9n, casi ha logrado la pel\u00edcula \u00abIdiocracia\u00bb. Mira su asqueroso gusto, \u00bfle comprar\u00edas un coche usado a este estafador y mucho menos le dar\u00edas los c\u00f3digos nucleares? Una biblia de Trump ba\u00f1ada en oro se ver\u00eda perfecta en esa manta con un par de zapatos Trump a cada lado, \u00bfno? Qu\u00e9 verg\u00fcenza para la historia americana. Tambi\u00e9n en esta fotograf\u00eda, un verdadero l\u00edder de una naci\u00f3n en un traje negro\u00bb.<\/p>\n<p>La respuesta de la Casa Blanca<\/p>\n<p>Ante la pol\u00e9mica suscitada con el post y la respuesta del director de comunicaciones de la Casa Blanca, <strong>Steven Cheung,<\/strong> que afirm\u00f3: \u00abJack White es un fracasado, un fracasado que publica tonter\u00edas en las redes sociales porque claramente tiene mucho tiempo libre debido a su carrera estancada. Es evidente que se ha estado haciendo pasar por un verdadero artista, porque no logra apreciar, y francamente, le falta el respeto, al esplendor y la importancia del Despacho Oval dentro de \u2018La Casa del Pueblo&#8217;\u00bb.<\/p>\n<p>Ante el ataque <strong>Jack White<\/strong> contest\u00f3 con otro post hablando del peligro de la administraci\u00f3n Trump para EEUU y el mundo:<\/p>\n<blockquote class=\"instagram-media\" style=\"background: #FFF; border: 0; border-radius: 3px; box-shadow: 0 0 1px 0 rgba(0,0,0,0.5),0 1px 10px 0 rgba(0,0,0,0.15); margin: 1px; max-width: 540px; min-width: 326px; padding: 0; width: calc(100% - 2px);\" data-instgrm-captioned=\"\" data-instgrm-permalink=\"https:\/\/www.instagram.com\/p\/DNlgdH_px9h\/?utm_source=ig_embed&amp;utm_campaign=loading\" data-instgrm-version=\"14\">\n<\/blockquote>\n<p>\u00abMe educaron para creer que derrotamos al fascismo en la Segunda Guerra Mundial y que nunca volver\u00edamos a permitirlo en el mundo. No siempre afirmo p\u00fablicamente mis opiniones pol\u00edticas, y como cualquiera no siempre conozco todos los hechos, pero cuando se trata de este hombre y esta administraci\u00f3n no voy a ser como una de las minor\u00edas silenciosas de la Alemania de 1930. Este hombre es un peligro no solo para Estados Unidos sino para todo el mundo y eso no es una exageraci\u00f3n, est\u00e1 desmantelando la democracia y poniendo en peligro el planeta diariamente, y a nosotros. A todos. Lo s\u00e9\u00bb.<\/p>\n<p>Y termin\u00f3 con una cita del presidente<strong> Theodore Roosevelt:<\/strong> \u00abAnunciar que no debe haber cr\u00edticas al Presidente, o que debemos apoyar al Presidente, correcto o incorrecto, no s\u00f3lo es antipatri\u00f3tico y servil, sino que es moralmente traici\u00f3n al p\u00fablico estadounidense\u00bb.<\/p>\n<p>Haga clic para permitir Embedded Videos<\/p>\n<p style=\"display: inline;\">\u00bb data-cs-src=\u00bbhttps:\/\/www.youtube.com\/embed\/ru5afNNSPeU?feature=oembed\u00bb frameborder=\u00bb0&#8243; allow=\u00bbaccelerometer; autoplay; clipboard-write; encrypted-media; gyroscope; picture-in-picture; web-share\u00bb referrerpolicy=\u00bbstrict-origin-when-cross-origin\u00bb allowfullscreen&gt;\n<\/p>\n<p><script async src=\"\/\/www.instagram.com\/embed.js\"><\/script><\/p>\n","protected":false},"excerpt":{"rendered":"Jack White no se corta un pelo y se suma a otros artistas como Bruce Springsteen, Taylor Swift,&hellip;\n","protected":false},"author":2,"featured_media":66259,"comment_status":"","ping_status":"","sticky":false,"template":"","format":"standard","meta":{"footnotes":""},"categories":[170],"tags":[4329,352,146,147,25,24,26909,184,185,23,26910,936],"class_list":{"0":"post-66258","1":"post","2":"type-post","3":"status-publish","4":"format-standard","5":"has-post-thumbnail","7":"category-musica","8":"tag-casa-blanca","9":"tag-donald-trump","10":"tag-entertainment","11":"tag-entretenimiento","12":"tag-es","13":"tag-espana","14":"tag-jack-white","15":"tag-music","16":"tag-musica","17":"tag-spain","18":"tag-the-white-stripes","19":"tag-trump"},"share_on_mastodon":{"url":"","error":""},"_links":{"self":[{"href":"https:\/\/www.europesays.com\/es\/wp-json\/wp\/v2\/posts\/66258","targetHints":{"allow":["GET"]}}],"collection":[{"href":"https:\/\/www.europesays.com\/es\/wp-json\/wp\/v2\/posts"}],"about":[{"href":"https:\/\/www.europesays.com\/es\/wp-json\/wp\/v2\/types\/post"}],"author":[{"embeddable":true,"href":"https:\/\/www.europesays.com\/es\/wp-json\/wp\/v2\/users\/2"}],"replies":[{"embeddable":true,"href":"https:\/\/www.europesays.com\/es\/wp-json\/wp\/v2\/comments?post=66258"}],"version-history":[{"count":0,"href":"https:\/\/www.europesays.com\/es\/wp-json\/wp\/v2\/posts\/66258\/revisions"}],"wp:featuredmedia":[{"embeddable":true,"href":"https:\/\/www.europesays.com\/es\/wp-json\/wp\/v2\/media\/66259"}],"wp:attachment":[{"href":"https:\/\/www.europesays.com\/es\/wp-json\/wp\/v2\/media?parent=66258"}],"wp:term":[{"taxonomy":"category","embeddable":true,"href":"https:\/\/www.europesays.com\/es\/wp-json\/wp\/v2\/categories?post=66258"},{"taxonomy":"post_tag","embeddable":true,"href":"https:\/\/www.europesays.com\/es\/wp-json\/wp\/v2\/tags?post=66258"}],"curies":[{"name":"wp","href":"https:\/\/api.w.org\/{rel}","templated":true}]}}