{"id":662595,"date":"2026-07-17T09:05:26","date_gmt":"2026-07-17T09:05:26","guid":{"rendered":"https:\/\/www.europesays.com\/es\/662595\/"},"modified":"2026-07-17T09:05:26","modified_gmt":"2026-07-17T09:05:26","slug":"la-nueva-vida-de-nicolas-belmonte-eloy-en-companeros-su-edad-sus-negocios-y-su-estado-actual","status":"publish","type":"post","link":"https:\/\/www.europesays.com\/es\/662595\/","title":{"rendered":"La nueva vida de Nicol\u00e1s Belmonte, Eloy en &#8216;Compa\u00f1eros&#8217;: su edad, sus negocios y su estado actual"},"content":{"rendered":"<p><img decoding=\"async\" class=\"v-ath__i\" loading=\"lazy\" src=\"https:\/\/www.europesays.com\/es\/wp-content\/uploads\/2026\/06\/autor-5051-foto-8.png\" alt=\"In\u00e9s Romero\"\/><\/p>\n<p>17\/07\/2026<\/p>\n<p>Actualizado a las 09:15h.<\/p>\n<p class=\"v-d-p\" style=\"\"><a href=\"https:\/\/www.abc.es\/play\/series\/noticias\/abci-companeros-serie-marco-generacion-201702110023_noticia.html\" title=\"\" data-voc-vtm-id=\"in-text-traffic\" data-mrf-link=\"www.abc.es\" rel=\"nofollow noopener\" target=\"_blank\">&#8216;Compa\u00f1eros&#8217;<\/a> es una de las <strong>series juveniles m\u00e1s recordadas de la televisi\u00f3n espa\u00f1ola<\/strong>. Emitida entre 1998 y 2002, narra las vivencias de un grupo de estudiantes y profesores del colegio Azcona, abordando temas propios de la adolescencia como la amistad, el primer amor, los conflictos familiares y la presi\u00f3n acad\u00e9mica.<\/p>\n<p class=\"v-d-p\" style=\"\">La ficci\u00f3n, producida por Atresmedia en colaboraci\u00f3n con Globomedia, consigui\u00f3 conectar con toda una generaci\u00f3n de espectadores. Su buena acogida qued\u00f3 reflejada tanto en los <strong>datos de audiencia<\/strong> como en los <strong>numerosos premios y reconocimientos<\/strong> que recibi\u00f3.<\/p>\n<p class=\"v-d-p\" style=\"\">Parte de ese \u00e9xito se debi\u00f3 al reparto, formado por un elenco de j\u00f3venes actores y actrices que acabaron convirti\u00e9ndose en algunos de los rostros m\u00e1s populares de nuestro pa\u00eds. Uno de ellos fue <strong>Nicol\u00e1s Belmonte<\/strong>, encargado de darle vida a<strong> Eloy en &#8216;Compa\u00f1eros&#8217;<\/strong>. <\/p>\n<ul class=\"v-cmp-rld__u\">\n<li class=\"v-cmp-rld__l\">\n<p><a class=\"v-a-lnk\" href=\"https:\/\/www.abc.es\/gente\/vida-jesus-bonilla-santi-serrano-20250705183706-nt.html#vtm_modulosEngag=noticiasrelacionadas-cmp-uno:gente:noticia:1\" data-voc-vtm-id=\"in-text-traffic\" rel=\"nofollow noopener\" target=\"_blank\"><br \/>\n<img decoding=\"async\" loading=\"lazy\" src=\"https:\/\/www.europesays.com\/es\/wp-content\/uploads\/2026\/07\/serrano-k9S-U24578247535SRz-366x256@diario_abc.JPG\" class=\"v-a-img\" width=\"258\" height=\"180\" alt=\"La vida actual de Jes\u00fas Bonilla, Santi en 'Los Serrano' v\u00edctima de una estafa, dos enfermedades y su v\u00ednculo con Sabina\"\/><br \/>\n<\/a><\/p>\n<\/li>\n<\/ul>\n<p class=\"v-d-p\" style=\"\">El int\u00e9rprete ha acudido recientemente a &#8216;El S\u00f3tano Club&#8217;, el programa de <a href=\"https:\/\/www.abc.es\/gente\/alba-carrillo-tve-abandona-corazon-amordazan-20260510110048-nt.html\" title=\"\" data-voc-vtm-id=\"in-text-traffic\" data-mrf-link=\"www.abc.es\" rel=\"nofollow noopener\" target=\"_blank\">Alba Carrillo<\/a>, y ha recordado c\u00f3mo fueron esos a\u00f1os siendo uno de los famosos del momento. \u00abPod\u00edamos salir a la calle, pero hab\u00eda situaciones que era mejor evitarlas como, por ejemplo, ir a un centro comercial o a zonas de fiesta. <strong>Siempre he intentado responder con educaci\u00f3n y atender a los fans<\/strong>, pero en ciertos ambientes te la pueden liar\u00bb, comenta.<\/p>\n<p class=\"v-d-p\" style=\"\">Nicol\u00e1s cuenta, adem\u00e1s, que sigue teniendo contacto con todos. \u00ab<strong>Hemos mantenido muy buena relaci\u00f3n y eso mola<\/strong>. Como en cualquier grupo, hay gente que habla m\u00e1s y otra que habla menos\u00bb, apunta. A \u00e9l se le puede ver en su Instagram junto a <strong>Virginia Rodr\u00edguez Arag\u00f3n<\/strong>, Isabel Arbueso en la serie.<\/p>\n<p class=\"v-d-p\" style=\"\">Tras la despedida de &#8216;Compa\u00f1eros&#8217; de la peque\u00f1a pantalla, la vida de Nicol\u00e1s ha cambiado por completo. Muchos se preguntan <strong>qu\u00e9 ha estado haciendo todo este tiempo y a qu\u00e9 se ha dedicado<\/strong>. Respasamos su lado m\u00e1s personal.<\/p>\n<p>\nSu edad y estado actual\n<\/p>\n<p class=\"v-d-p\" style=\"\">Nicol\u00e1s Belmonte naci\u00f3 el 3 de agosto de 1977. Cuando se incorpor\u00f3 a &#8216;Compa\u00f1eros&#8217;, en 1998, ten\u00eda tan solo 21 a\u00f1os. Hoy, a sus <strong>48 a\u00f1os<\/strong> y a punto de cumplir los 49, el paso del tiempo ha transformado por completo su imagen.<\/p>\n<p class=\"v-d-p\" style=\"\">M\u00e1s all\u00e1 de las canas y de otros rasgos propios de la edad, las fotograf\u00edas que comparte en Instagram dejan claro que el actor se cuida y <strong>mantiene un envidiable estado f\u00edsico<\/strong>. <\/p>\n<p>\nNegocios fuera del mundo de la interpretaci\u00f3n\n<\/p>\n<p class=\"v-d-p\" style=\"\">Adem\u00e1s de &#8216;Compa\u00f1eros&#8217;, Nicol\u00e1s Belmonte tambi\u00e9n ha salido en ficciones y pel\u00edculas como <strong>&#8216;Borgia&#8217;<\/strong>, <strong>&#8216;Hospital Central&#8217;<\/strong> o <strong>&#8216;Alatriste&#8217;<\/strong>. Sin embargo, no siempre se ha dedicado a actuar.<\/p>\n<p class=\"v-d-p\" style=\"\">En su visita a &#8216;El S\u00f3tano Club&#8217;, confirma que ha hecho \u00abcosas muy diferentes\u00bb. \u00abAprendiz de todo, maestro de nada\u00bb, se\u00f1ala. Asimismo, reconoce que al principio la vida de artista le \u00abangustiaba\u00bb. Por ello, opt\u00f3 por otro camino profesional. \u00ab<strong>Mont\u00e9 unos negocios varios<\/strong>, que me empezaron a ir muy bien, y dej\u00e9 el mundo de la interpretaci\u00f3n\u00bb, comenta. <\/p>\n<p class=\"v-d-p\" style=\"\">Finalmente, decidi\u00f3 regresar. \u00ab<strong>Me dio el gusanillo, volv\u00ed e hice un par de series m\u00e1s<\/strong>. Me march\u00e9 y luego he estado de productor de teatro muchos a\u00f1os, pero termin\u00e9 agotado. Son todo problemas\u00bb, sostiene.<\/p>\n<p>\nSu amistad con algunos de los actores y actrices m\u00e1s conocidos de Espa\u00f1a\n<\/p>\n<p class=\"v-d-p\" style=\"\">Tras su participaci\u00f3n en &#8216;Compa\u00f1eros&#8217;, Nicol\u00e1s Belmonte entabl\u00f3 <strong>amistad<\/strong> con algunos de los actores y actrices m\u00e1s conocidos de Espa\u00f1a. <\/p>\n<p class=\"v-d-p\" style=\"\">En sus redes sociales ha compartido im\u00e1genes con <a href=\"https:\/\/www.abc.es\/bienestar\/alimentacion\/kira-miro-indica-comida-eliminado-dieta-mantenerse-20260129122539-nt.html\" title=\"\" data-voc-vtm-id=\"in-text-traffic\" data-mrf-link=\"www.abc.es\" rel=\"nofollow noopener\" target=\"_blank\">Kira Mir\u00f3<\/a>, <strong>Yolanda Ramos<\/strong>, Amparo Larra\u00f1aga, Maribel Verd\u00fa, <strong>Aitana S\u00e1nchez-Gij\u00f3n<\/strong>, Pilar Castro, Secun da la Rosa, Asier Etxeandia, entre otros.<\/p>\n<p>\nSus viajes por el mundo\n<\/p>\n<p class=\"v-d-p\" style=\"\">Durante un tiempo, Nicol\u00e1s Belmonte se ha dedicado a <strong>viajar por el mundo<\/strong> para descubrir algunos de los parajes naturales m\u00e1s espectaculares del planeta, conocer nuevas culturas y vivir experiencias que ha compartido en varias ocasiones a trav\u00e9s de sus redes sociales. <\/p>\n<p class=\"v-d-p\" style=\"\">El int\u00e9rprete de &#8216;Compa\u00f1eros&#8217; ha estado en pa\u00edses como India, Sri Lanka, Maldivas o Filipinas.<\/p>\n","protected":false},"excerpt":{"rendered":"17\/07\/2026 Actualizado a las 09:15h. &#8216;Compa\u00f1eros&#8217; es una de las series juveniles m\u00e1s recordadas de la televisi\u00f3n espa\u00f1ola.&hellip;\n","protected":false},"author":2,"featured_media":662596,"comment_status":"","ping_status":"","sticky":false,"template":"","format":"standard","meta":{"footnotes":""},"categories":[174],"tags":[3586,3650,255,14347,1387,40242,146,147,25,24,693,256,2733,7703,795,23,2606],"class_list":["post-662595","post","type-post","status-publish","format-standard","has-post-thumbnail","category-famosos","tag-actual","tag-belmonte","tag-celebrities","tag-companeros","tag-edad","tag-eloy","tag-entertainment","tag-entretenimiento","tag-es","tag-espana","tag-estado","tag-famosos","tag-negocios","tag-nicolas","tag-nueva","tag-spain","tag-vida"],"share_on_mastodon":{"url":"https:\/\/pubeurope.com\/@es\/116934524330553105","error":""},"_links":{"self":[{"href":"https:\/\/www.europesays.com\/es\/wp-json\/wp\/v2\/posts\/662595","targetHints":{"allow":["GET"]}}],"collection":[{"href":"https:\/\/www.europesays.com\/es\/wp-json\/wp\/v2\/posts"}],"about":[{"href":"https:\/\/www.europesays.com\/es\/wp-json\/wp\/v2\/types\/post"}],"author":[{"embeddable":true,"href":"https:\/\/www.europesays.com\/es\/wp-json\/wp\/v2\/users\/2"}],"replies":[{"embeddable":true,"href":"https:\/\/www.europesays.com\/es\/wp-json\/wp\/v2\/comments?post=662595"}],"version-history":[{"count":0,"href":"https:\/\/www.europesays.com\/es\/wp-json\/wp\/v2\/posts\/662595\/revisions"}],"wp:featuredmedia":[{"embeddable":true,"href":"https:\/\/www.europesays.com\/es\/wp-json\/wp\/v2\/media\/662596"}],"wp:attachment":[{"href":"https:\/\/www.europesays.com\/es\/wp-json\/wp\/v2\/media?parent=662595"}],"wp:term":[{"taxonomy":"category","embeddable":true,"href":"https:\/\/www.europesays.com\/es\/wp-json\/wp\/v2\/categories?post=662595"},{"taxonomy":"post_tag","embeddable":true,"href":"https:\/\/www.europesays.com\/es\/wp-json\/wp\/v2\/tags?post=662595"}],"curies":[{"name":"wp","href":"https:\/\/api.w.org\/{rel}","templated":true}]}}