{"id":66266,"date":"2025-08-23T05:46:15","date_gmt":"2025-08-23T05:46:15","guid":{"rendered":"https:\/\/www.europesays.com\/es\/66266\/"},"modified":"2025-08-23T05:46:15","modified_gmt":"2025-08-23T05:46:15","slug":"os-aseguro-que-si-os-pasa-esto-la-hubieseis-pospuesto","status":"publish","type":"post","link":"https:\/\/www.europesays.com\/es\/66266\/","title":{"rendered":"Os aseguro que si os pasa esto, la hubieseis pospuesto"},"content":{"rendered":"<p class=\"c-paragraph\">Tras muchos meses esperando el enlace con su novio Gonzalo, Makoke lanz\u00f3 hace unas horas <b>un comunicado explicando que hab\u00edan decidido posponer la boda<\/b> por motivos de salud de una tercera persona cercana a ellos. <b>Marta L\u00f3pez se ha pronunciado en TardeAR<\/b> para aclarar <b>c\u00f3mo se encuentra su amiga<\/b> en estos momentos tan complicados.\u00a0<\/p>\n<p class=\"c-paragraph\">\u00abOs aseguro que cualquiera de los que est\u00e1is ah\u00ed sentados, <b>si os hubiera pasado esto, hubierais pospuesto la boda\u00bb,<\/b> ha expresado contundente la colaboradora de televisi\u00f3n en defensa de Makoke y Gonzalo. Marta L\u00f3pez ha desvelado que, antes de hacerse p\u00fablico el comunicado, estuvo hablando con la exparticipante de la \u00faltima edici\u00f3n de Supervivientes.\u00a0<\/p>\n<p class=\"c-paragraph\">\u00abEn su situaci\u00f3n <b>es probable que escribiese lo primero que se le pas\u00f3 por la cabeza<\/b> sin darse cuenta porque <b>est\u00e1 pasando una situaci\u00f3n complicada<\/b>. Ella lo pide, y yo tambi\u00e9n, respeto, que no se especule con cosas que no son\u00bb, ha comentado Marta L\u00f3pez.\u00a0<\/p>\n<p class=\"c-paragraph\">Ante la insistencia de los colaboradores por conocer el motivo del aplazamiento de la boda, la amiga de Makoke ha sido clara y <b>se ha refugiado en la \u00abprivacidad\u00bb de la pareja.<\/b> \u00abSi lo quiere contar ella, esta persona lo contar\u00e1\u00bb, ha a\u00f1adido.\u00a0<\/p>\n<p class=\"c-paragraph\">Marta L\u00f3pez ha hecho hincapi\u00e9 en el verdadero motivo de la decisi\u00f3n de posponer el enlace: \u00abLa gente se puede preguntar lo que quiera, y <b>pod\u00e9is especular\u00a0\u00a0con lo que os de la gana<\/b> y decir lo que quer\u00e1is, la \u00fanica realidad es esa. <b>Makoke y Gonzalo est\u00e1n super enamorados<\/b>, quieren seguir adelante con la boda\u00bb.\u00a0<\/p>\n<p class=\"c-paragraph\">Marta L\u00f3pez ha dejado claro que <b>Gonzalo \u00abest\u00e1 a su lado\u00bb y se est\u00e1 portando \u00abfenomenal<\/b> en estos momentos con ella\u00bb. Adem\u00e1s, ha confesado que al empresario <b>\u00abno le preocupan nada\u00bb las acusaciones sobre su pasado <\/b>que han surgido en los \u00faltimos d\u00edas relacionadas con, supuestamente, haber pasado una noche en el calabozo o haber flirteado con otras mujeres.\u00a0<\/p>\n<p class=\"c-paragraph\">Sobre estos rumores la propia Makoke asegur\u00f3 no estar preocupada, pero, como ha contado Marta L\u00f3pez, \u00abhay una persona de la anterior vida de Gonzalo que <b>est\u00e1 yendo por detr\u00e1s malmetiendo a todo el mundo\u00bb<\/b>. \u00abYo s\u00e9 perfectamente lo que est\u00e1n hablando, no tiene nada que ver, no es verdad. <b>Gonzalo no ha cometido ning\u00fan delito<\/b>. Si quereis seguir por ah\u00ed, seguid. Si quer\u00e9is dar informaci\u00f3n, <b>la realidad es que se cancela la boda por la enfermedad de una persona muy allegada\u00bb<\/b>, ha defendido la amiga de Makoke.\u00a0<\/p>\n<p class=\"c-paragraph\">Ante las especulaciones de los colaboradores del programa de Telecinco y todos los rumores surgidos a ra\u00edz del comunicado de Makoke, Frank Blanco ha defendido a la pareja: <b>\u00abNo creo que Makoke y Gonzalo jugasen con la salud de un tercero<\/b> para tapar una supuesta ruptura\u00bb.\u00a0<\/p>\n<p class=\"c-paragraph\">Marta L\u00f3pez ha pedido a los compa\u00f1eros de TardeAR que <b>apoyen a Makoke en estos momentos<\/b> <b>tan complicados<\/b> por los que est\u00e1 atravesando y ha aprovechado para lanzar unas bonitas palabras al novio de su amiga: \u00abYo le conozco desde que empez\u00f3 con Makoke. <b>Es un t\u00edo estupendo.<\/b> Me da una pena que se le intente hacer da\u00f1o con algo tan feo que no tiene ning\u00fan sentido que lleven tiempo queriendo meterlo. <b>Le duela a quien le duela, son una pareja feliz, unida m\u00e1s que nunca\u00bb.\u00a0<\/b><\/p>\n","protected":false},"excerpt":{"rendered":"Tras muchos meses esperando el enlace con su novio Gonzalo, Makoke lanz\u00f3 hace unas horas un comunicado explicando&hellip;\n","protected":false},"author":2,"featured_media":66267,"comment_status":"","ping_status":"","sticky":false,"template":"","format":"standard","meta":{"footnotes":""},"categories":[91],"tags":[2825,2170,3569,146,147,25,24,7355,14494,23],"class_list":{"0":"post-66266","1":"post","2":"type-post","3":"status-publish","4":"format-standard","5":"has-post-thumbnail","7":"category-entretenimiento","8":"tag-aclara","9":"tag-como","10":"tag-encuentra","11":"tag-entertainment","12":"tag-entretenimiento","13":"tag-es","14":"tag-espana","15":"tag-lopez","16":"tag-marta","17":"tag-spain"},"share_on_mastodon":{"url":"","error":""},"_links":{"self":[{"href":"https:\/\/www.europesays.com\/es\/wp-json\/wp\/v2\/posts\/66266","targetHints":{"allow":["GET"]}}],"collection":[{"href":"https:\/\/www.europesays.com\/es\/wp-json\/wp\/v2\/posts"}],"about":[{"href":"https:\/\/www.europesays.com\/es\/wp-json\/wp\/v2\/types\/post"}],"author":[{"embeddable":true,"href":"https:\/\/www.europesays.com\/es\/wp-json\/wp\/v2\/users\/2"}],"replies":[{"embeddable":true,"href":"https:\/\/www.europesays.com\/es\/wp-json\/wp\/v2\/comments?post=66266"}],"version-history":[{"count":0,"href":"https:\/\/www.europesays.com\/es\/wp-json\/wp\/v2\/posts\/66266\/revisions"}],"wp:featuredmedia":[{"embeddable":true,"href":"https:\/\/www.europesays.com\/es\/wp-json\/wp\/v2\/media\/66267"}],"wp:attachment":[{"href":"https:\/\/www.europesays.com\/es\/wp-json\/wp\/v2\/media?parent=66266"}],"wp:term":[{"taxonomy":"category","embeddable":true,"href":"https:\/\/www.europesays.com\/es\/wp-json\/wp\/v2\/categories?post=66266"},{"taxonomy":"post_tag","embeddable":true,"href":"https:\/\/www.europesays.com\/es\/wp-json\/wp\/v2\/tags?post=66266"}],"curies":[{"name":"wp","href":"https:\/\/api.w.org\/{rel}","templated":true}]}}