{"id":66272,"date":"2025-08-23T05:50:10","date_gmt":"2025-08-23T05:50:10","guid":{"rendered":"https:\/\/www.europesays.com\/es\/66272\/"},"modified":"2025-08-23T05:50:10","modified_gmt":"2025-08-23T05:50:10","slug":"asi-funciona-un-puesto-de-mando-avanzado-hasta-vencer-al-fuego-11-dias-despues-el-mundo","status":"publish","type":"post","link":"https:\/\/www.europesays.com\/es\/66272\/","title":{"rendered":"As\u00ed funciona un Puesto de Mando Avanzado hasta vencer al fuego 11 d\u00edas despu\u00e9s &#8211; El Mundo"},"content":{"rendered":"<ol>\n<li><a href=\"https:\/\/news.google.com\/rss\/articles\/CBMiigFBVV95cUxPNm81a1pBN0N3Nk5pTUZkSjBOTE1adTVfeExyV3ZjN24wT2xrYlFYUVdYa1pDM3lPeEtHdTV1LTZyNVEtUFlpTm5XbmkwZ2RzS0tKZ213d1gwOXVwZWs5di1DUDdxLTV3ZTNTQTFEa2pqa2tBY0xETnBDdEF3VFNxX2d4YlBfeXRCZlHSAYoBQVVfeXFMTk5GQWt2UklpYXkyNXkwVGhackFNaHB0cF9ZYVpOcmFjbWFSSGUyZG5JYVY5UldIY0pUQVpFMTZPa01rVTR1OTJydUNUaV9GWl9XVnp4elkwTWpLZzZKWko5NF91WTM4NFd0QWU0RGU5OEhkRkgzeWJ5ZU1oRGt3bUp5QkwxVUV5SVVn?oc=5\" target=\"_blank\" rel=\"nofollow noopener\">As\u00ed funciona un Puesto de Mando Avanzado hasta vencer al fuego 11 d\u00edas despu\u00e9s<\/a>&nbsp;&nbsp;El Mundo<\/li>\n<li><a href=\"https:\/\/news.google.com\/rss\/articles\/CBMi6gFBVV95cUxQTWVpdDREQmU4LWllZDJGX3IzdGVwcUtiR3B5elJmVExrMGNybFVOOHFTRHBBR1UyeEFhcTAtcUFKYUdpdUN0NXhnUXBRMjloVW43RkNxS3ZwTnFTZlQ4dU1GZjlISzB2d0RFei1BUEZqd2VUcldNaWF3ekxaUDBwdWNibDNJTjlFUi1IeWFQekthRU1pczJpYzh0MXVOQ1hNc2Zvc1lPMTkyN3huSDZIc2Y2bTVKR05HLVFENThicWdFWnBnZ3Y3S2FsOW1DZGF0MnZuYU1rTkRQLVlJemdxQlQ1RmdUY29xUWfSAf4BQVVfeXFMTlVjTEtXNzQzc2NBSjJUMU1fOEhnaUMxQXFjVm5EV0Q0S2ZSZkwzcmZneE56UkNZb3BjdTBfd0JLd1VuU2QtcWpGdDRKSXU1ckdQRE95TVVDd2F0RE1mN3RMOUNBZWxDa1hIVU9FNldmd3dNLUdtSDREeGR6X015NEkwQkVUYW8tMjBJdzJyZUE0UXUtZXhOcTNORWEtcE9aT2dxUUZaV2JhcTQ2b2hMSzZ3WWdQYUNMX3NydXR5bDBQUDI0TTkyR0kxSTlnNDFXa1N6RU5IdzQxTnF5d21qQ0tPZjQxVjJiM1J4Zk9FcE1PS3BDZmd1YklCaVpNRlE?oc=5\" target=\"_blank\" rel=\"nofollow noopener\">As\u00ed funciona el \u2018cerebro\u2019 que ha coordinado la extinci\u00f3n del gran incendio de Jarilla<\/a>&nbsp;&nbsp;Cadena SER<\/li>\n<li><a href=\"https:\/\/news.google.com\/rss\/articles\/CBMiswFBVV95cUxPa2E3TUJmUDZqV2FIaVM1dWhGWk9sbk5ycHJhZUtuUjVlM096ZWdwVW9pN3hDQjFtYVFnOWRFR0U3amRuRGZfRGlXbk5QYjhtUmJFcXVyVEJkRnNndk1hUXpydDRxYVdDdkxQR0NwQnJqV1N1ODFrRTZ6NVFFcy1UeF9oS1VUNUJHNkUwdlA5ai10R1NJT0Eyb2VkcFZiQ0VVUV8wVFl6MXFXaTdEaWR5azZRcw?oc=5\" target=\"_blank\" rel=\"nofollow noopener\">La historia de la foto triunfal de los bomberos forestales que apagaron los \u00faltimos metros del incendio de Jarilla<\/a>&nbsp;&nbsp;Hoy<\/li>\n<li><a href=\"https:\/\/news.google.com\/rss\/articles\/CBMi5AFBVV95cUxObGNtSGVZUkFBS3RlWFZCcC0wMUVYcl95bS15OGV2VVRSWi1CSndRTXlYbXgxQVpQTEtQTWhOX2syZlpVajdBYTBELUVWR285Z2ZVNmpyNlVUb0JqWVdXRG9NWUctZGtGVHhjb3J6TmlGZzBXenNVazlEODVOczZkVmREWWdxbmhPZnVMckczZDAtazF4MDJSelBOekVqREQ0bWhUQi11Nko3STl0Ti02dWhHX21yMnBZQ1dZVW84SktzeFNvN2Izb0JBZTZkTkdCYjVBOWxybDl0ZmZEWGtienRHbzDSAfABQVVfeXFMUHlMLVljMDY5Ylk3b19ncnRoaVp2amNRNURRTEMzekZORlNqbjA5TWxtLVBMTjVjamtkamFFMGZzZFdJTGVHZW9lU3I0c1lkbmNXRW1fRm9kdmg0Zkgwd0hnWmlKVGV3M3ZQZXFsMzZIY0RDekprVVV0c3BNdFlfWHVwNW5uZVIwRGUzQ0pjNmpLVjJNa214RVc0eTE3UVp1eTdtVHc2M19YaThwSUhpR3VadkRmYWpiS3BkVE9vcGlGX1ZOMTEwQVpnYWRZMjFrNDVja2ZhQ282WHpOY3B2UFRxLWtZR1h1c0RXNWZseDlL?oc=5\" target=\"_blank\" rel=\"nofollow noopener\">H\u00e9roes entre cenizas: la imagen de 15 bomberos celebrando la victoria contra el fuego en Jarilla con sonrisas<\/a>&nbsp;&nbsp;Telecinco<\/li>\n<li><a href=\"https:\/\/news.google.com\/rss\/articles\/CBMilwFBVV95cUxNM2RNa1pjM1BzUUVJSmczc0VhMmlyamt3UE1mdExyQzZ3M0U2WnBzMjE4dE5BQnMzRHJmVWx4VVhvd1dhS0RuQkhNSjNIdVJVUEdzNk9MaFBWaFpzanhLQ3pEendQM1l6TlBOcmQ2emcwRGVOZE1DOVhZcm5ieElhcjNFUTFucHg5TlVuZll0UHZuNnJlanhJ?oc=5\" target=\"_blank\" rel=\"nofollow noopener\">Fotogaler\u00eda | Once d\u00edas sin tregua ni descanso: los h\u00e9roes que combatieron contra el monstruo de Jarilla \u00abcuando era imposible\u00bb<\/a>&nbsp;&nbsp;El Peri\u00f3dico<\/li>\n<\/ol>\n","protected":false},"excerpt":{"rendered":"As\u00ed funciona un Puesto de Mando Avanzado hasta vencer al fuego 11 d\u00edas despu\u00e9s&nbsp;&nbsp;El Mundo As\u00ed funciona el&hellip;\n","protected":false},"author":2,"featured_media":66273,"comment_status":"","ping_status":"","sticky":false,"template":"","format":"standard","meta":{"footnotes":""},"categories":[8],"tags":[17,18,25,24,26920,13,14,11,4342,19,20,9,10,15,16,23,12,21,22],"class_list":{"0":"post-66272","1":"post","2":"type-post","3":"status-publish","4":"format-standard","5":"has-post-thumbnail","7":"category-espana","8":"tag-breaking-news","9":"tag-breakingnews","10":"tag-es","11":"tag-espana","12":"tag-espana-extremadura","13":"tag-featured-news","14":"tag-featurednews","15":"tag-headlines","16":"tag-incendios","17":"tag-latest-news","18":"tag-latestnews","19":"tag-news","20":"tag-noticias","21":"tag-noticias-destacadas","22":"tag-noticiasdestacadas","23":"tag-spain","24":"tag-titulares","25":"tag-ultimas-noticias","26":"tag-ultimasnoticias"},"share_on_mastodon":{"url":"","error":""},"_links":{"self":[{"href":"https:\/\/www.europesays.com\/es\/wp-json\/wp\/v2\/posts\/66272","targetHints":{"allow":["GET"]}}],"collection":[{"href":"https:\/\/www.europesays.com\/es\/wp-json\/wp\/v2\/posts"}],"about":[{"href":"https:\/\/www.europesays.com\/es\/wp-json\/wp\/v2\/types\/post"}],"author":[{"embeddable":true,"href":"https:\/\/www.europesays.com\/es\/wp-json\/wp\/v2\/users\/2"}],"replies":[{"embeddable":true,"href":"https:\/\/www.europesays.com\/es\/wp-json\/wp\/v2\/comments?post=66272"}],"version-history":[{"count":0,"href":"https:\/\/www.europesays.com\/es\/wp-json\/wp\/v2\/posts\/66272\/revisions"}],"wp:featuredmedia":[{"embeddable":true,"href":"https:\/\/www.europesays.com\/es\/wp-json\/wp\/v2\/media\/66273"}],"wp:attachment":[{"href":"https:\/\/www.europesays.com\/es\/wp-json\/wp\/v2\/media?parent=66272"}],"wp:term":[{"taxonomy":"category","embeddable":true,"href":"https:\/\/www.europesays.com\/es\/wp-json\/wp\/v2\/categories?post=66272"},{"taxonomy":"post_tag","embeddable":true,"href":"https:\/\/www.europesays.com\/es\/wp-json\/wp\/v2\/tags?post=66272"}],"curies":[{"name":"wp","href":"https:\/\/api.w.org\/{rel}","templated":true}]}}