{"id":662778,"date":"2026-07-17T11:26:18","date_gmt":"2026-07-17T11:26:18","guid":{"rendered":"https:\/\/www.europesays.com\/es\/662778\/"},"modified":"2026-07-17T11:26:18","modified_gmt":"2026-07-17T11:26:18","slug":"el-mallorquin-toni-amengual-encabeza-un-festival-internacional-de-fotografia-en-huelva","status":"publish","type":"post","link":"https:\/\/www.europesays.com\/es\/662778\/","title":{"rendered":"El mallorqu\u00edn Toni Amengual encabeza un festival internacional de fotograf\u00eda en Huelva"},"content":{"rendered":"<p class=\"ft-text ft-helper-closenews\">El fot\u00f3grafo mallorqu\u00edn <a class=\"ft-link ft-link--decoration\" href=\"https:\/\/www.diariodemallorca.es\/cultura\/2026\/04\/09\/fotografo-toni-amengual-exposicion-icona-128887642.html\" rel=\"nofollow noopener\" target=\"_blank\">Toni Amengual<\/a> <strong>ser\u00e1 uno de los grandes protagonistas y cabeza de cartel<\/strong> de la s\u00e9ptima edici\u00f3n del <strong>FestComarcasPhoto 2026<\/strong>, un encuentro internacional de fotograf\u00eda y artes visuales que <strong>se celebrar\u00e1 en El Campillo, Huelva, del 25 al 27 de septiembre.<\/strong><\/p>\n<p class=\"ft-text\">Galardonado con el Premio PhotoEspa\u00f1a al Mejor Fotolibro autoeditado por Pain, en 2014, este a\u00f1o ha sido <a class=\"ft-link ft-link--decoration\" href=\"https:\/\/www.diariodemallorca.es\/cultura\/2026\/05\/30\/fotolibro-terra-ferma-toni-amengual-130817875.html\" rel=\"nofollow noopener\" target=\"_blank\">seleccionado en el mismo certamen por Terra Ferma<\/a>, centrado en la destrucci\u00f3n del territorio simboliz\u00e1ndolo con im\u00e1genes rasgadas. Fot\u00f3grafo, artista y mentor, reconocido por medios internacionales como TIME, Amengual impartir\u00e1 el taller principal de FestComarcasPhoto, titulado Error y ensayo fotogr\u00e1fico. Tambi\u00e9n participar\u00e1 en la actividad Conversaci\u00f3n a dos, en la que dialogar\u00e1 con el periodista y director del Instituto Andaluz del Cine y la Fotograf\u00eda, <strong>Juan Mar\u00eda Rodr\u00edguez<\/strong>, ha informado el festival de fotograf\u00eda.<\/p>\n<p class=\"ft-text\">FestComarcasPhoto re\u00fane cada a\u00f1o a reconocidos fot\u00f3grafos, artistas visuales, investigadores y profesionales de la cultura visual. Adem\u00e1s de Amengual, el festival contar\u00e1 con <strong>Michele Cattani,<\/strong> reconocido por sus trabajos sobre el Sahel, las migraciones y las crisis humanitarias en \u00c1frica Occidental; <strong>Bego Ant\u00f3n<\/strong>, una de las narradoras visuales m\u00e1s destacadas de la fotograf\u00eda contempor\u00e1nea espa\u00f1ola; y <strong>Ammar Yassir<\/strong>, joven fot\u00f3grafo sudan\u00e9s distinguido recientemente como FOAM Talent 2026, cuya exposici\u00f3n I Will Never Find Home podr\u00e1 verse durante el festival.<\/p>\n<p class=\"ft-text\">Tambi\u00e9n participar\u00e1n destacados profesionales como <strong>Juan Valbuena<\/strong>, fot\u00f3grafo, editor y fundador de la editorial Phree; <strong>Xavier Moll\u00e0<\/strong>, referente en fotograf\u00eda art\u00edstica y procesos alternativos; <strong>Antonio Gonz\u00e1lez Caro<\/strong>, reconocido por sus trabajos documentales centrados en el territorio; y <strong>Azahara Lozano<\/strong>, investigadora especializada en patrimonio fotogr\u00e1fico.<\/p>\n<p class=\"ft-text\">Exposiciones, conferencias, proyecciones audiovisuales, presentaciones editoriales, talleres especializados y sesiones de visionado de porfolios para la <strong>Beca We Are Photo<\/strong>, una iniciativa destinada a impulsar nuevos talentos fotogr\u00e1ficos, completan el programa de este encuentro internacional.<\/p>\n<p data-close=\"closedContent\" class=\"subscribeHideForDisplay\">Suscr\u00edbete para seguir leyendo<\/p>\n","protected":false},"excerpt":{"rendered":"El fot\u00f3grafo mallorqu\u00edn Toni Amengual ser\u00e1 uno de los grandes protagonistas y cabeza de cartel de la s\u00e9ptima&hellip;\n","protected":false},"author":2,"featured_media":662779,"comment_status":"","ping_status":"","sticky":false,"template":"","format":"standard","meta":{"footnotes":""},"categories":[173],"tags":[99251,229,233,231,230,209,232,234,3567,146,147,25,24,3931,11562,23,19182],"class_list":["post-662778","post","type-post","status-publish","format-standard","has-post-thumbnail","category-arte-y-diseno","tag-amengual","tag-arte","tag-arte-y-diseno","tag-arts","tag-arts-and-design","tag-cultura","tag-design","tag-diseno","tag-encabeza","tag-entertainment","tag-entretenimiento","tag-es","tag-espana","tag-festival","tag-mallorquin","tag-spain","tag-toni"],"share_on_mastodon":{"url":"https:\/\/pubeurope.com\/@es\/116935077871908368","error":""},"_links":{"self":[{"href":"https:\/\/www.europesays.com\/es\/wp-json\/wp\/v2\/posts\/662778","targetHints":{"allow":["GET"]}}],"collection":[{"href":"https:\/\/www.europesays.com\/es\/wp-json\/wp\/v2\/posts"}],"about":[{"href":"https:\/\/www.europesays.com\/es\/wp-json\/wp\/v2\/types\/post"}],"author":[{"embeddable":true,"href":"https:\/\/www.europesays.com\/es\/wp-json\/wp\/v2\/users\/2"}],"replies":[{"embeddable":true,"href":"https:\/\/www.europesays.com\/es\/wp-json\/wp\/v2\/comments?post=662778"}],"version-history":[{"count":0,"href":"https:\/\/www.europesays.com\/es\/wp-json\/wp\/v2\/posts\/662778\/revisions"}],"wp:featuredmedia":[{"embeddable":true,"href":"https:\/\/www.europesays.com\/es\/wp-json\/wp\/v2\/media\/662779"}],"wp:attachment":[{"href":"https:\/\/www.europesays.com\/es\/wp-json\/wp\/v2\/media?parent=662778"}],"wp:term":[{"taxonomy":"category","embeddable":true,"href":"https:\/\/www.europesays.com\/es\/wp-json\/wp\/v2\/categories?post=662778"},{"taxonomy":"post_tag","embeddable":true,"href":"https:\/\/www.europesays.com\/es\/wp-json\/wp\/v2\/tags?post=662778"}],"curies":[{"name":"wp","href":"https:\/\/api.w.org\/{rel}","templated":true}]}}